{"id":4329,"date":"2012-11-03T09:34:49","date_gmt":"2012-11-03T12:34:49","guid":{"rendered":"http:\/\/www.24baires.com\/?p=4329"},"modified":"2012-11-03T21:07:45","modified_gmt":"2012-11-04T00:07:45","slug":"tras-las-inundaciones-continua-la-entrega-de-agua-potable-y-las-fumigaciones","status":"publish","type":"post","link":"https:\/\/www.24baires.com\/?p=4329","title":{"rendered":"Tras las inundaciones, contin\u00faa la entrega de agua potable y las fumigaciones"},"content":{"rendered":"<p><img data-recalc-dims=\"1\" loading=\"lazy\" decoding=\"async\" class=\"alignleft size-medium wp-image-4330\" title=\"luj\u00e1n3\" src=\"https:\/\/i0.wp.com\/www.24baires.com\/wp-content\/uploads\/2012\/11\/luj%C3%A1n3.jpg?resize=300%2C300\" alt=\"\" width=\"300\" height=\"300\" srcset=\"https:\/\/i0.wp.com\/www.24baires.com\/wp-content\/uploads\/2012\/11\/luj%C3%A1n3.jpg?resize=300%2C300&amp;ssl=1 300w, https:\/\/i0.wp.com\/www.24baires.com\/wp-content\/uploads\/2012\/11\/luj%C3%A1n3.jpg?resize=150%2C150&amp;ssl=1 150w, https:\/\/i0.wp.com\/www.24baires.com\/wp-content\/uploads\/2012\/11\/luj%C3%A1n3.jpg?w=560&amp;ssl=1 560w\" sizes=\"auto, (max-width: 300px) 100vw, 300px\" \/>El gobierno bonaerense sigue entregando de agua potable, colchones y alimentos a los pobladores de los 30 distritos afectados por el temporal que se registr\u00f3 a principios de semana. Tambi\u00e9n continuar\u00e1n las tareas del OPDS.<!--more--><\/p>\n<p>La provincia de Buenos aires contin\u00faa con la entrega de agua potable, colchones y alimentos a los pobladores de los 30 distritos afectados por el temporal que se registr\u00f3 a principios de semana, donde tambi\u00e9n se realizan tareas de fumigaci\u00f3n y control de napas.<\/p>\n<p>El ministro de Desarrollo Social bonaerense, Mart\u00edn Ferr\u00e9, y el secretario de Espacio P\u00fablico, Eduardo Aparicio, recorrieron todas las zonas afectadas y se reunieron con las autoridades de Navarro, Ca\u00f1uelas, Luj\u00e1n, Lomas de Zamora y La Matanza con quienes evaluaron el estado de situaci\u00f3n y determinaron las tareas de remediaci\u00f3n de acuerdo a las necesidades de cada lugar.<\/p>\n<p>La cartera social en conjunto con Espacio P\u00fablico entregaron a requerimiento de los municipios unos 17.000 litros de agua mineral; 2.730 colchones y frazadas, 40.000 pares de zapatillas y 200.000 kilos de alimentos.<\/p>\n<p>Paralelamente, se dispuso que el Organismo Provincial de Desarrollo Sostenible (OPDS) continuara realizando tareas de limpieza y control de plagas, que los especialistas del Ministerio de Infraestructura siguieran controlando los niveles de las cuencas h\u00eddricas y el estado de las napas, y que Salud mantuviera los puestos sanitarios para atender a los vecinos, precis\u00f3 un comunicado oficial.<\/p>\n","protected":false},"excerpt":{"rendered":"<p>El gobierno bonaerense sigue entregando de agua potable, colchones y alimentos a los pobladores de los 30 distritos afectados por el temporal que se registr\u00f3 a principios de semana. Tambi\u00e9n continuar\u00e1n las tareas del OPDS.<\/p>\n","protected":false},"author":4,"featured_media":0,"comment_status":"open","ping_status":"open","sticky":false,"template":"","format":"standard","meta":{"_jetpack_newsletter_access":"","_jetpack_dont_email_post_to_subs":false,"_jetpack_newsletter_tier_id":0,"_jetpack_memberships_contains_paywalled_content":false,"_jetpack_memberships_contains_paid_content":false,"footnotes":""},"categories":[1],"tags":[],"class_list":["post-4329","post","type-post","status-publish","format-standard","hentry","category-sociedad"],"jetpack_featured_media_url":"","jetpack_shortlink":"https:\/\/wp.me\/p2JWE0-17P","jetpack-related-posts":[{"id":105393,"url":"https:\/\/www.24baires.com\/?p=105393","url_meta":{"origin":4329,"position":0},"title":"M\u00e1s de 1.300 evacuados en el conurbano por el temporal","author":"GB","date":"12\/11\/2018","format":false,"excerpt":"Las fuertes lluvias que se iniciaron ayer afectan severamente al conurbano bonaerense, en donde m\u00e1s de 1.300 personas resultaron evacuadas en distintos distritos. Si bien hoy aminoraron las tormentas en la zona metropolitana, se siguen registrando crecidas en los cursos de agua. En La Matanza, seg\u00fan le detallaron fuentes oficiales\u2026","rel":"","context":"En \u00abProvincia\u00bb","block_context":{"text":"Provincia","link":"https:\/\/www.24baires.com\/?cat=40"},"img":{"alt_text":"","src":"https:\/\/i0.wp.com\/www.24baires.com\/wp-content\/uploads\/2018\/04\/evacuados-mdp-300x200.jpg?resize=350%2C200","width":350,"height":200},"classes":[]},{"id":101887,"url":"https:\/\/www.24baires.com\/?p=101887","url_meta":{"origin":4329,"position":1},"title":"Vidal supervis\u00f3 los operativos en las zonas m\u00e1s castigadas del Conurbano por el temporal","author":"GB","date":"30\/04\/2018","format":false,"excerpt":"La Gobernadora visit\u00f3 un centro de evacuados en PIlar y m\u00e1s tarde estuvo en el Centro de Monitoreo de Tres de Febrero. Son dos de los municipios que m\u00e1s padecieron las consecuencias de las tormentas del fin de semana. La gobernadora Mar\u00eda Eugenia Vidal, visit\u00f3 durante la tarde de ayer\u2026","rel":"","context":"En \u00abProvincia\u00bb","block_context":{"text":"Provincia","link":"https:\/\/www.24baires.com\/?cat=40"},"img":{"alt_text":"","src":"https:\/\/i0.wp.com\/www.24baires.com\/wp-content\/uploads\/2018\/04\/e.jpeg?resize=350%2C200","width":350,"height":200,"srcset":"https:\/\/i0.wp.com\/www.24baires.com\/wp-content\/uploads\/2018\/04\/e.jpeg?resize=350%2C200 1x, https:\/\/i0.wp.com\/www.24baires.com\/wp-content\/uploads\/2018\/04\/e.jpeg?resize=525%2C300 1.5x"},"classes":[]},{"id":91158,"url":"https:\/\/www.24baires.com\/?p=91158","url_meta":{"origin":4329,"position":2},"title":"Pergamino: los inundados comienzan a volver a sus casas","author":"GB","date":"28\/12\/2016","format":false,"excerpt":"Desde el municipio pusieron en marcha el operativo \"Vuelta a casa\". Todav\u00eda quedan 150 evacuados. La Provincia env\u00eda art\u00edculos de limpieza, frazadas y colchones. Tras el fuerte temporal que afect\u00f3 a los municipios del norte de la Provincia, los vecinos inundados en Pergamino, donde todav\u00eda quedan 150 evacuados, comenzaron a\u2026","rel":"","context":"En \u00abLocales\u00bb","block_context":{"text":"Locales","link":"https:\/\/www.24baires.com\/?cat=38"},"img":{"alt_text":"","src":"https:\/\/i0.wp.com\/www.24baires.com\/wp-content\/uploads\/2016\/12\/inundados.jpg?resize=350%2C200","width":350,"height":200,"srcset":"https:\/\/i0.wp.com\/www.24baires.com\/wp-content\/uploads\/2016\/12\/inundados.jpg?resize=350%2C200 1x, https:\/\/i0.wp.com\/www.24baires.com\/wp-content\/uploads\/2016\/12\/inundados.jpg?resize=525%2C300 1.5x"},"classes":[]},{"id":20288,"url":"https:\/\/www.24baires.com\/?p=20288","url_meta":{"origin":4329,"position":3},"title":"Crece la asistencia a v\u00edctimas de las inundaciones","author":"AF","date":"05\/04\/2013","format":false,"excerpt":"Sigue funcionando el Comit\u00e9 de Crisis coordinado por el Ministerio de Justicia y Seguridad bonaerense. Por estas horas intensifican las colectas, distribuci\u00f3n y donaciones de alimentos, vestimenta, art\u00edculos de limpieza, colchones y agua. El equipo de Gobierno provincial, en coordinaci\u00f3n con los de la Municipalidad y la Naci\u00f3n, multiplica el\u2026","rel":"","context":"En \u00abSociedad\u00bb","block_context":{"text":"Sociedad","link":"https:\/\/www.24baires.com\/?cat=1"},"img":{"alt_text":"ayuda colch\u00f3n","src":"https:\/\/i0.wp.com\/www.24baires.com\/wp-content\/uploads\/2013\/04\/ayuda-colch%C3%B3n-300x225.jpg?resize=350%2C200","width":350,"height":200},"classes":[]},{"id":91104,"url":"https:\/\/www.24baires.com\/?p=91104","url_meta":{"origin":4329,"position":4},"title":"Provincia reparte colchones y alimentos a los municipios que est\u00e1n bajo el agua","author":"GB","date":"27\/12\/2016","format":false,"excerpt":"Tras la visita de la Gobernadora a la zona afectada, se orden\u00f3 el env\u00edo de provisiones a las localidades m\u00e1s afectadas. Arrecifes, Ramallo, San Nic\u00f3las, San Pedro y Col\u00f3n forman parte de la lista. El gobierno bonaerense despleg\u00f3 un amplio operativo para asistir a los municipios afectados por las inundaciones\u2026","rel":"","context":"En \u00abProvincia\u00bb","block_context":{"text":"Provincia","link":"https:\/\/www.24baires.com\/?cat=40"},"img":{"alt_text":"","src":"https:\/\/i0.wp.com\/www.24baires.com\/wp-content\/uploads\/2016\/12\/vidall.jpg?resize=350%2C200","width":350,"height":200,"srcset":"https:\/\/i0.wp.com\/www.24baires.com\/wp-content\/uploads\/2016\/12\/vidall.jpg?resize=350%2C200 1x, https:\/\/i0.wp.com\/www.24baires.com\/wp-content\/uploads\/2016\/12\/vidall.jpg?resize=525%2C300 1.5x"},"classes":[]},{"id":122284,"url":"https:\/\/www.24baires.com\/?p=122284","url_meta":{"origin":4329,"position":5},"title":"Kicillof encabeza la coordinaci\u00f3n de emergencia por el temporal en Buenos Aires","author":"GB","date":"19\/05\/2025","format":false,"excerpt":"El mandatario recorri\u00f3 las zonas afectadas luego de encabezar la reuni\u00f3n de emergencia. El gobernador Axel Kicillof recorri\u00f3 las zonas m\u00e1s afectadas por el temporal que azot\u00f3 a la provincia en las \u00faltimas jornadas. En ese marco, el mandatario se traslad\u00f3 hacia los municipios de San Antonio de Areco y\u2026","rel":"","context":"En \u00abProvincia\u00bb","block_context":{"text":"Provincia","link":"https:\/\/www.24baires.com\/?cat=40"},"img":{"alt_text":"","src":"https:\/\/i0.wp.com\/www.24baires.com\/wp-content\/uploads\/2025\/05\/kici-penal.webp?resize=350%2C200","width":350,"height":200,"srcset":"https:\/\/i0.wp.com\/www.24baires.com\/wp-content\/uploads\/2025\/05\/kici-penal.webp?resize=350%2C200 1x, https:\/\/i0.wp.com\/www.24baires.com\/wp-content\/uploads\/2025\/05\/kici-penal.webp?resize=525%2C300 1.5x, https:\/\/i0.wp.com\/www.24baires.com\/wp-content\/uploads\/2025\/05\/kici-penal.webp?resize=700%2C400 2x"},"classes":[]}],"jetpack_sharing_enabled":true,"jetpack_likes_enabled":true,"_links":{"self":[{"href":"https:\/\/www.24baires.com\/index.php?rest_route=\/wp\/v2\/posts\/4329","targetHints":{"allow":["GET"]}}],"collection":[{"href":"https:\/\/www.24baires.com\/index.php?rest_route=\/wp\/v2\/posts"}],"about":[{"href":"https:\/\/www.24baires.com\/index.php?rest_route=\/wp\/v2\/types\/post"}],"author":[{"embeddable":true,"href":"https:\/\/www.24baires.com\/index.php?rest_route=\/wp\/v2\/users\/4"}],"replies":[{"embeddable":true,"href":"https:\/\/www.24baires.com\/index.php?rest_route=%2Fwp%2Fv2%2Fcomments&post=4329"}],"version-history":[{"count":2,"href":"https:\/\/www.24baires.com\/index.php?rest_route=\/wp\/v2\/posts\/4329\/revisions"}],"predecessor-version":[{"id":4338,"href":"https:\/\/www.24baires.com\/index.php?rest_route=\/wp\/v2\/posts\/4329\/revisions\/4338"}],"wp:attachment":[{"href":"https:\/\/www.24baires.com\/index.php?rest_route=%2Fwp%2Fv2%2Fmedia&parent=4329"}],"wp:term":[{"taxonomy":"category","embeddable":true,"href":"https:\/\/www.24baires.com\/index.php?rest_route=%2Fwp%2Fv2%2Fcategories&post=4329"},{"taxonomy":"post_tag","embeddable":true,"href":"https:\/\/www.24baires.com\/index.php?rest_route=%2Fwp%2Fv2%2Ftags&post=4329"}],"curies":[{"name":"wp","href":"https:\/\/api.w.org\/{rel}","templated":true}]}}