{"id":43211,"date":"2014-04-02T21:00:36","date_gmt":"2014-04-03T00:00:36","guid":{"rendered":"http:\/\/www.24baires.com\/?p=43211"},"modified":"2014-04-02T20:56:58","modified_gmt":"2014-04-02T23:56:58","slug":"los-promotores-del-odio-de-ayer-y-de-hoy-a-32-anos-de-malvinas","status":"publish","type":"post","link":"https:\/\/www.24baires.com\/?p=43211","title":{"rendered":"Los promotores del odio de ayer y de hoy, a 32 a\u00f1os de Malvinas"},"content":{"rendered":"<p style=\"text-align: left;\"><img data-recalc-dims=\"1\" loading=\"lazy\" decoding=\"async\" class=\"aligncenter  wp-image-43212\" alt=\"MALVINAS2\" src=\"https:\/\/i0.wp.com\/www.24baires.com\/wp-content\/uploads\/2014\/04\/MALVINAS2.jpg?resize=560%2C375\" width=\"560\" height=\"375\" srcset=\"https:\/\/i0.wp.com\/www.24baires.com\/wp-content\/uploads\/2014\/04\/MALVINAS2.jpg?w=400&amp;ssl=1 400w, https:\/\/i0.wp.com\/www.24baires.com\/wp-content\/uploads\/2014\/04\/MALVINAS2.jpg?resize=300%2C200&amp;ssl=1 300w\" sizes=\"auto, (max-width: 560px) 100vw, 560px\" \/>Estamos atravesando \u00e9pocas donde algunos se esfuerzan por hacernos creer que hay vidas con m\u00e1s valor que otras. Que hay quienes creen tener, por alg\u00fan circunstancial hecho, potestades sobre las vidas de otros y que esos otros no tienen derechos, al menos no los mismos derechos que nosotros. Y hacen de ese nosotros un sitio oscuro, abyecto y peligroso. Vivimos momentos donde agitadores violentos, por diferentes medios, gustan de pinchar donde m\u00e1s duele esperando obtener r\u00e9ditos conspicuos. Donde dirigentes pol\u00edticos justifican hechos aborrecibles con mentiras y as\u00ed muestran qu\u00e9 sociedad construir\u00edan si ellos gobernaran: una sociedad en la que no quiero vivir. <!--more--><\/p>\n<p>No es nuevo, siempre hubo buscadores de odios que aprovechaban las debilidades y miedos de otros para apoyarse en ellas y edificar infamias que sufrimos hasta hoy. Hace 32 a\u00f1os, un grupo de asesinos despreciables, utilizaba una herida abierta, como Malvinas, para intentar obtener un salvoconducto y apuntalar una dictadura ag\u00f3nica. Y as\u00ed enviaron a morir a cientos de chicos en 1982, siguieron matando como desde 1976, exacerbando un patriotismo retorcido, que s\u00f3lo sirve para matar y morir por las decisiones y conveniencias de algunos, siempre pocos, siempre menos que aquellos que se exponen y perecen por esas razones que no son propias, sino de esos asesinos. Porque la Guerra de Malvinas no fue una gesta patri\u00f3tica, sino el \u00faltimo cartucho a gastar por unos genocidas que no quer\u00edan irse m\u00e1s y perpetuarse en ese poder corrompido que supieron erigir a base de torturas, robos y sangre. Malvinas, los ca\u00eddos y los sobrevivientes, tambi\u00e9n necesitan de la Memoria, la Verdad y la Justicia.<\/p>\n<p>Y eso fue lo que les hicieron a los pibes que mandaron mal armados a los confines de nuestro territorio con la mentira de que se los enviaba all\u00ed por la Patria, por La Argentina: los torturaron, los hambrearon, los mataron de fr\u00edo y los dejaron a merced de unos piratas que, despu\u00e9s de la sorpresa inicial, se restregaron las manos (tambi\u00e9n calentitos en sus castillos medievales) y aprovecharon lo que los militares argentinos les serv\u00edan en bandeja. Thatcher y su alica\u00eddo gobierno obtuvieron un empuj\u00f3n inesperado de la dictadura para restaurar su gesti\u00f3n y no lo desaprovecharon.<\/p>\n<p>Pero nuestra Patria, que es la Grande, no la m\u00ednima y artr\u00edtica que algunos creen, hoy recuerda a los veteranos de esa guerra y reivindica la soberan\u00eda argentina, se\u00f1alando al Reino Unido como lo que son: unos usurpadores que hacen o\u00eddos sordos al mundo que cambi\u00f3, que no quiere m\u00e1s colonias desde hace d\u00e9cadas, que privilegia el di\u00e1logo y el entendimiento racional al uso y abuso del poder y la fuerza.<br \/>\nHoy, 32 a\u00f1os despu\u00e9s, otra quiere ser la historia, otra debe ser la historia. Durante d\u00e9cadas se releg\u00f3 a la peor muerte tanto a los que dejaron su vida en las islas como a los que volvieron: se los releg\u00f3 al olvido, al desprecio. Como si no hubiera pasado, como si no recordarlo sirviera. Muchos veteranos se suicidaron despu\u00e9s, porque ellos no olvidaron nada, mientras la sociedad, en su mayor\u00eda, miraba para otro lado. Durante a\u00f1os sembraron desmemoria, injusticia y mentiras. La dictadura rompi\u00f3 los tejidos sociales, la solidaridad fraternal para con el otro, y algunos que fueron votados en democracia profundizaron esa ruptura hasta pulverizarlo todo.<\/p>\n<p>Como sucede ahora, quisieron imponer la l\u00f3gica del ellos y el nosotros. Le hab\u00eda pasado a otros y no a m\u00ed, por eso yo era diferente, no como ellos, porque nosotros no somos ellos. As\u00ed oper\u00f3 la dictadura en la sociedad, sembrando el miedo, los prejuicios, el odio, para cosechar desprecio, cobard\u00eda y violencia, que son algunos de los mejores ingredientes para dar forma a la masa irascible en la que luego se escudan.<\/p>\n<p>Pero la patria, que es el nosotros amplio, inclusivo, tolerante y solidario, es siempre el otro. Porque s\u00f3lo hace falta el m\u00ednimo esfuerzo de ponerse en el lugar de los dem\u00e1s. Porque si as\u00ed hubiera sido hace 30 a\u00f1os, la soledad no se hubiera abatido como ave carro\u00f1era sobre los que volvieron de luchar una guerra de genocidas, que no quer\u00eda recuperar soberan\u00eda, sino seguir destruy\u00e9ndola. Porque ahora sabemos que \u00e9se pedazo de suelo argentino y latinoamericano que llamamos Malvinas, y que fue regado con sangre tantas veces, volver\u00e1 a ser nuestro por la l\u00f3gica que la paz, la unidad de los pueblos libres y la solidaridad entre hermanos, m\u00e1s temprano que tarde, terminar\u00e1 por conquistar.<\/p>\n<p>&nbsp;<\/p>\n<p>&nbsp;<\/p>\n<p>&nbsp;<\/p>\n<p>&nbsp;<\/p>\n<p>&nbsp;<\/p>\n","protected":false},"excerpt":{"rendered":"<p>Estamos atravesando \u00e9pocas donde algunos se esfuerzan por hacernos creer que hay vidas con m\u00e1s valor que otras. Que hay quienes creen tener, por alg\u00fan circunstancial hecho, potestades sobre las vidas de otros y que esos otros no tienen derechos, al menos no los mismos derechos que nosotros. Y hacen de ese nosotros un sitio oscuro, abyecto y peligroso. Vivimos [&#8230;]<\/p>\n","protected":false},"author":8,"featured_media":0,"comment_status":"open","ping_status":"open","sticky":false,"template":"","format":"standard","meta":{"_jetpack_newsletter_access":"","_jetpack_dont_email_post_to_subs":false,"_jetpack_newsletter_tier_id":0,"_jetpack_memberships_contains_paywalled_content":false,"_jetpack_memberships_contains_paid_content":false,"footnotes":""},"categories":[64],"tags":[],"class_list":["post-43211","post","type-post","status-publish","format-standard","hentry","category-opinion"],"jetpack_featured_media_url":"","jetpack_shortlink":"https:\/\/wp.me\/p2JWE0-beX","jetpack-related-posts":[{"id":108085,"url":"https:\/\/www.24baires.com\/?p=108085","url_meta":{"origin":43211,"position":0},"title":"Un amor como el nuestro","author":"AF","date":"10\/05\/2019","format":false,"excerpt":"OPINI\u00d3N: Mar\u00eda Jos\u00e9 S\u00e1nchez Supongo que as\u00ed ha de pasar con las personas que le cambian la vida a millones. Imagino, siguiendo un poco el intrincado entramado de nuestra historia, que as\u00ed debe suceder con quienes marcan un antes y un despu\u00e9s en todo, con su presencia, con su accionar\u2026","rel":"","context":"En \u00abOpini\u00f3n\u00bb","block_context":{"text":"Opini\u00f3n","link":"https:\/\/www.24baires.com\/?cat=64"},"img":{"alt_text":"","src":"https:\/\/i0.wp.com\/www.24baires.com\/wp-content\/uploads\/2019\/05\/cfk.jpg?resize=350%2C200","width":350,"height":200,"srcset":"https:\/\/i0.wp.com\/www.24baires.com\/wp-content\/uploads\/2019\/05\/cfk.jpg?resize=350%2C200 1x, https:\/\/i0.wp.com\/www.24baires.com\/wp-content\/uploads\/2019\/05\/cfk.jpg?resize=525%2C300 1.5x"},"classes":[]},{"id":105556,"url":"https:\/\/www.24baires.com\/?p=105556","url_meta":{"origin":43211,"position":1},"title":"Ni aunque vengan degollando","author":"AF","date":"22\/11\/2018","format":false,"excerpt":"Ni aunque vengan degollando, dec\u00eda mi vieja. Esa era la frase que usaba para afirmar, sin margen de dudas, que har\u00eda aquello que promet\u00eda. Mejor dicho: que seguir\u00eda firme en sus decisiones, pasara lo que pasara. O suger\u00eda con la sutileza de mamut en cristaler\u00eda que yo deb\u00eda seguir firme\u2026","rel":"","context":"En \u00abOpini\u00f3n\u00bb","block_context":{"text":"Opini\u00f3n","link":"https:\/\/www.24baires.com\/?cat=64"},"img":{"alt_text":"","src":"https:\/\/i0.wp.com\/www.24baires.com\/wp-content\/uploads\/2018\/11\/WhatsApp-Image-2018-11-22-at-16.09.34.jpeg?resize=350%2C200","width":350,"height":200,"srcset":"https:\/\/i0.wp.com\/www.24baires.com\/wp-content\/uploads\/2018\/11\/WhatsApp-Image-2018-11-22-at-16.09.34.jpeg?resize=350%2C200 1x, https:\/\/i0.wp.com\/www.24baires.com\/wp-content\/uploads\/2018\/11\/WhatsApp-Image-2018-11-22-at-16.09.34.jpeg?resize=525%2C300 1.5x"},"classes":[]},{"id":97640,"url":"https:\/\/www.24baires.com\/?p=97640","url_meta":{"origin":43211,"position":2},"title":"\u00abVamos a ponernos de pie, como estamos, y hacerle honor a todo lo que hemos construido\u00bb","author":"GB","date":"23\/09\/2017","format":false,"excerpt":"La ex Presidenta particip\u00f3 de un encuentro de mujeres en Ezeiza, donde afirm\u00f3 que \"el mundo necesita construir igualdad y equidad\" y manifest\u00f3 la necesidad de \"reconstruir un Estado\" que defienda los derechos de la sociedad. En el marco del 70 aniversario de la sanci\u00f3n de la ley del voto\u2026","rel":"","context":"En \u00abPol\u00edtica\u00bb","block_context":{"text":"Pol\u00edtica","link":"https:\/\/www.24baires.com\/?cat=51"},"img":{"alt_text":"","src":"https:\/\/i0.wp.com\/www.24baires.com\/wp-content\/uploads\/2017\/09\/cristina-1.jpg?resize=350%2C200","width":350,"height":200,"srcset":"https:\/\/i0.wp.com\/www.24baires.com\/wp-content\/uploads\/2017\/09\/cristina-1.jpg?resize=350%2C200 1x, https:\/\/i0.wp.com\/www.24baires.com\/wp-content\/uploads\/2017\/09\/cristina-1.jpg?resize=525%2C300 1.5x"},"classes":[]},{"id":48443,"url":"https:\/\/www.24baires.com\/?p=48443","url_meta":{"origin":43211,"position":3},"title":"Hay un ni\u00f1o en la calle","author":"Grupo Sierra","date":"21\/06\/2014","format":false,"excerpt":"\u201cDe otro modo es in\u00fatil ensayar en la tierra la alegr\u00eda y el canto, de otro modo es absurdo porque de nada vale si hay un ni\u00f1o en la calle\u201d (Hay un ni\u00f1o en la calle, Armando Tejada G\u00f3mez) A esta hora exactamente hay un ni\u00f1o en la calle, hay\u2026","rel":"","context":"En \u00abOpini\u00f3n\u00bb","block_context":{"text":"Opini\u00f3n","link":"https:\/\/www.24baires.com\/?cat=64"},"img":{"alt_text":"ni\u00f1o golpeado nene","src":"https:\/\/i0.wp.com\/www.24baires.com\/wp-content\/uploads\/2014\/06\/ni%C3%B1o-golpeado-nene.jpg?resize=350%2C200","width":350,"height":200,"srcset":"https:\/\/i0.wp.com\/www.24baires.com\/wp-content\/uploads\/2014\/06\/ni%C3%B1o-golpeado-nene.jpg?resize=350%2C200 1x, https:\/\/i0.wp.com\/www.24baires.com\/wp-content\/uploads\/2014\/06\/ni%C3%B1o-golpeado-nene.jpg?resize=525%2C300 1.5x"},"classes":[]},{"id":63675,"url":"https:\/\/www.24baires.com\/?p=63675","url_meta":{"origin":43211,"position":4},"title":"Nace la primera Defensor\u00eda LGBT nacional","author":"GB","date":"28\/03\/2015","format":false,"excerpt":"El Defensor del Pueblo de la Naci\u00f3n y la Federaci\u00f3n Argentina de Lesbianas, Gays, Bisexuales y Transexuales (FALGBT) firmaron un convenio y crearon el \"Programa de Cooperaci\u00f3n T\u00e9cnica\", que dar\u00e1 herramientas para la defensa y protecci\u00f3n de los derechos humanos y dem\u00e1s derechos que asisten a lesbianas, gays, bisexuales y\u2026","rel":"","context":"En \u00abSociedad\u00bb","block_context":{"text":"Sociedad","link":"https:\/\/www.24baires.com\/?cat=1"},"img":{"alt_text":"defensoria lgbt","src":"https:\/\/i0.wp.com\/www.24baires.com\/wp-content\/uploads\/2015\/03\/defensoria-lgbt.jpg?resize=350%2C200","width":350,"height":200,"srcset":"https:\/\/i0.wp.com\/www.24baires.com\/wp-content\/uploads\/2015\/03\/defensoria-lgbt.jpg?resize=350%2C200 1x, https:\/\/i0.wp.com\/www.24baires.com\/wp-content\/uploads\/2015\/03\/defensoria-lgbt.jpg?resize=525%2C300 1.5x"},"classes":[]},{"id":119350,"url":"https:\/\/www.24baires.com\/?p=119350","url_meta":{"origin":43211,"position":5},"title":"Cristina: \u00abYo siento que estoy viva por Dios y por la Virgen\u00bb","author":"AF","date":"15\/09\/2022","format":false,"excerpt":"La vicepresidenta comparti\u00f3 el video completo a trav\u00e9s de sus redes sociales del encuentro con curas villeros, de Opci\u00f3n por los Pobres, hermanas, laicas y religiosas. \"Siento que estoy viva por Dios y por la Virgen\" - dijo la vicepresidenta Cristina Fern\u00e1ndez de Kirchner en referencia al atentado que sufri\u00f3\u2026","rel":"","context":"En \u00abSociedad\u00bb","block_context":{"text":"Sociedad","link":"https:\/\/www.24baires.com\/?cat=1"},"img":{"alt_text":"","src":"https:\/\/i0.wp.com\/www.24baires.com\/wp-content\/uploads\/2022\/09\/cfk.jpeg?resize=350%2C200","width":350,"height":200,"srcset":"https:\/\/i0.wp.com\/www.24baires.com\/wp-content\/uploads\/2022\/09\/cfk.jpeg?resize=350%2C200 1x, https:\/\/i0.wp.com\/www.24baires.com\/wp-content\/uploads\/2022\/09\/cfk.jpeg?resize=525%2C300 1.5x, https:\/\/i0.wp.com\/www.24baires.com\/wp-content\/uploads\/2022\/09\/cfk.jpeg?resize=700%2C400 2x"},"classes":[]}],"jetpack_sharing_enabled":true,"jetpack_likes_enabled":true,"_links":{"self":[{"href":"https:\/\/www.24baires.com\/index.php?rest_route=\/wp\/v2\/posts\/43211","targetHints":{"allow":["GET"]}}],"collection":[{"href":"https:\/\/www.24baires.com\/index.php?rest_route=\/wp\/v2\/posts"}],"about":[{"href":"https:\/\/www.24baires.com\/index.php?rest_route=\/wp\/v2\/types\/post"}],"author":[{"embeddable":true,"href":"https:\/\/www.24baires.com\/index.php?rest_route=\/wp\/v2\/users\/8"}],"replies":[{"embeddable":true,"href":"https:\/\/www.24baires.com\/index.php?rest_route=%2Fwp%2Fv2%2Fcomments&post=43211"}],"version-history":[{"count":1,"href":"https:\/\/www.24baires.com\/index.php?rest_route=\/wp\/v2\/posts\/43211\/revisions"}],"predecessor-version":[{"id":43213,"href":"https:\/\/www.24baires.com\/index.php?rest_route=\/wp\/v2\/posts\/43211\/revisions\/43213"}],"wp:attachment":[{"href":"https:\/\/www.24baires.com\/index.php?rest_route=%2Fwp%2Fv2%2Fmedia&parent=43211"}],"wp:term":[{"taxonomy":"category","embeddable":true,"href":"https:\/\/www.24baires.com\/index.php?rest_route=%2Fwp%2Fv2%2Fcategories&post=43211"},{"taxonomy":"post_tag","embeddable":true,"href":"https:\/\/www.24baires.com\/index.php?rest_route=%2Fwp%2Fv2%2Ftags&post=43211"}],"curies":[{"name":"wp","href":"https:\/\/api.w.org\/{rel}","templated":true}]}}