{"id":43100,"date":"2014-03-31T21:30:52","date_gmt":"2014-04-01T00:30:52","guid":{"rendered":"http:\/\/www.24baires.com\/?p=43100"},"modified":"2014-03-31T21:46:55","modified_gmt":"2014-04-01T00:46:55","slug":"el-problema-del-progresismo-y-las-politicas-de-seguridad","status":"publish","type":"post","link":"https:\/\/www.24baires.com\/?p=43100","title":{"rendered":"El \u201cproblema\u201d del progresismo y las pol\u00edticas de seguridad"},"content":{"rendered":"<p style=\"text-align: left;\"><img data-recalc-dims=\"1\" loading=\"lazy\" decoding=\"async\" class=\"aligncenter  wp-image-43101\" alt=\"cuadro opi\" src=\"https:\/\/i0.wp.com\/www.24baires.com\/wp-content\/uploads\/2014\/03\/cuadro-opi.jpg?resize=560%2C560\" width=\"560\" height=\"560\" \/>Llamemos progresismo, en materia de pol\u00edticas criminales, a todo el espectro que va desde el garantismo (pol\u00edticamente liberales) a los \u201ccr\u00edticos\u201d (de inspiraci\u00f3n de izquierda). Curiosamente no hay ning\u00fan t\u00e9rmino para designar a aquellos que proponen como pol\u00edtica de seguridad, m\u00e1s c\u00e1rceles o castigos m\u00e1s duros. Llam\u00e9moslos, por oposici\u00f3n, conservadores, o de derecha (al menos, ese t\u00e9rmino es m\u00e1s amplio que \u201crepresivos\u201d, que ser\u00eda lo opuesto a garantistas).<!--more--><\/p>\n<p>Se suele decir que el garantismo tiene raz\u00f3n en su cr\u00edtica a la inhumanidad de las c\u00e1rceles, al denunciar las torturas policiales, y al denunciar la tolerancia del sistema frente a los delitos de los poderosos, pero carece de un plan de seguridad: qu\u00e9 hacer con la inseguridad y el delito com\u00fan. Eso es falso. El ambiente progresista en el sistema penal est\u00e1 lleno de debates sobre pol\u00edticas de prevenci\u00f3n del delito. Por el contrario, el pensamiento conservador s\u00f3lo tiene una receta, que lleva m\u00e1s de dos siglos, y que ha probado, ser bastante ineficaz: m\u00e1s c\u00e1rcel. Es decir, supone que la seguridad se maneja aumentando las penas en la ley, y provocando que as\u00ed quede m\u00e1s gente presa en la c\u00e1rcel o por m\u00e1s tiempo. Pero desde hace quince a\u00f1os que no hacemos otra cosa: aumentamos y aumentamos las penas en las leyes (recordemos, por ejemplo, que las reformas Blumberg fueron en el 2004). Decimos que la culpa es de la polic\u00eda que tiene las manos atadas y les damos m\u00e1s poder, a ellos y a los fiscales (se los sacamos a los jueces), que necesitamos sistemas procesales m\u00e1s eficientes. O que la culpa es del sistema judicial, que es muy lento, y entonces, nos fijamos en acelerar los procesos, a costa incluso de ciertas garant\u00edas de racionalidad y de justicia -que entorpecen un poco esa eficiencia-. Tratamos de endurecer y acelerar la pol\u00edtica criminal y como resultado la tasa de encarcelamiento en todas las provincias de nuestro pa\u00eds ha crecido mucho en las \u00faltimas dos d\u00e9cadas. Y sin embargo, se sigue sintiendo que la inseguridad es un problema grave. Evidentemente encarcelar cada vez a m\u00e1s gente no ha logrado mucho.<\/p>\n<p>Las recetas del progresismo, que hay muchas, muy distintas, parten de otra asunci\u00f3n: que las pol\u00edticas de seguridad no son la pol\u00edtica criminal. Es decir, que una cosa es la pol\u00edtica criminal: qu\u00e9 hacemos con la ley penal, con los procesos judiciales y con los jueces, que hacen ellos con los imputados, qu\u00e9 hacemos con las c\u00e1rceles, etc. Y otra cosa, muy distinta, son las pol\u00edticas de prevenci\u00f3n del delito. El delito no se previene ni se puede prevenir con m\u00e1s c\u00e1rcel, ni con procesos m\u00e1s r\u00e1pidos. Cuando la violencia se empieza a convertir en un problema generalizado (pensemos en las barras en el futbol, en los linchamientos vecinales que hace poco hemos conocido y que terminaron en resultado tr\u00e1gico, en la violencia intrafamiliar, de g\u00e9nero, etc.) es evidente que tiene ra\u00edces sociales profundas, y que las violencias que se ponen en juego en el mismo sistema penal (desde el contacto con la polic\u00eda hasta el paso por la c\u00e1rcel) no har\u00e1n m\u00e1s que agravarlas. No se trata en este momento de discutir la justicia del castigo (justicia cu\u00e1ndo, justicia c\u00f3mo, justicia para qui\u00e9n), cosa que tal vez haremos en otra oportunidad. Se trata de saber que en una sociedad grande y compleja los castigos no son la v\u00eda para atacar causas sociales profundas y tambi\u00e9n complejas. Y que tampoco sirven para evitar ser v\u00edctimas de delitos. Es decir, que una cosa son los castigos, y otra, muy distinta y que requiere herramientas muy distintas, la prevenci\u00f3n del delito.<\/p>\n<p>No se puede prevenir el delito interpersonal ni la violencia que hay en \u00e9l mediante la aplicaci\u00f3n de castigos, porque el problema es amplio y est\u00e1 distribuido en toda la sociedad, en todos los sectores sociales. Se puede prevenir, o reducir, de muchas otras formas.<\/p>\n<p>Porque la inseguridad, en cambio es otra cosa, que incluye, pero no se agota en el delito concreto, es tambi\u00e9n el efecto de resonancia, el efecto simb\u00f3lico y el efecto psicosocial que el delito callejero produce. Es decir, que una cosa son los delitos interpersonales violentos (cu\u00e1ntos, c\u00f3mo, en d\u00f3nde, qui\u00e9n), y c\u00f3mo hacer para reducirlos, y otra cosa m\u00e1s amplia es la inseguridad: qu\u00e9 tanto miedo tengo a ser v\u00edctima de ese tipo de delitos, cu\u00e1nto sufro en caso de ser v\u00edctima de ellos, qu\u00e9 tanto me afecta, en mi vida cotidiana ese miedo y ese sufrimiento. Podemos incluso reducir el delito callejero en algunos lugares focalizadamente, pero que la inseguridad siga siendo muy grande, es decir, que la gente, por cientos de razones, no se sienta segura. La \u201cseguridad\u201d requiere adem\u00e1s, lograr un sentimiento de fortaleza propia, de estar cubierto frente a los riesgos, de saber que si uno sufre un hecho desgraciado cualquiera estar\u00e1 cubierto, protegido, o ser\u00e1 reparado, de alguna forma. Dejaremos, entonces, el debate de qu\u00e9 ser\u00eda necesario para reducir la inseguridad, para otro momento.<\/p>\n<p>Por alguna raz\u00f3n, aunque demos propuestas, aunque expliquemos que esas propuestas pueden ser mucho m\u00e1s efectivas que consignas altisonantes de \u201cmeter bala a los delincuentes\u201d o \u201cmano dura\u201d, que ya han probado ser absolutamente ineficaces, resulta muy dif\u00edcil extirpar la idea de que el garantismo o el progresismo penal est\u00e1 \u201ca favor de los delincuentes\u201d. A pesar de que el progresismo s\u00ed tenga propuestas, muchos prefieren ese mensaje simb\u00f3lico de valent\u00eda, de \u201ccoraje\u201d, del sheriff que promete combatir a los forajidos, a pesar de que se sepa, porque est\u00e1 probado tras d\u00e9cadas, que si hay algo que no hace, es, justamente, prevenir o reducir el delito.<\/p>\n<p>A la inversa, se acusa a los progresistas en esta materia, de ser \u201camigos de los delincuentes\u201d, porque el progresismo penal est\u00e1 a favor de reducir el delito, pero tambi\u00e9n toda otra clase de violencias. Est\u00e1 por la protecci\u00f3n de la v\u00edctima en el momento en que es o puede ser v\u00edctima, por ejemplo, en un robo, pero tambi\u00e9n a favor de proteger a la v\u00edctima de muchos otros delitos. Y cuando el autor de un hecho delictivo es torturado, tambi\u00e9n est\u00e1 a favor de protegerlo en ese momento, porque en ese momento tambi\u00e9n es v\u00edctima Ese tambi\u00e9n es un delito (o un crimen) que se quiere evitar. Es v\u00edctima quien es robado, pero tambi\u00e9n lo es, y requiere intervenci\u00f3n, quien es torturado de muchas formas posibles, en una comisar\u00eda o en una c\u00e1rcel, o quien no tiene oportunidad de defenderse frente a un juez, a ver si es cierto lo que se le acusa. No se trata aqu\u00ed de un juego de suma cero, como pretende el discurso conservador: si el delincuente tiene derecho a la protecci\u00f3n, la v\u00edctima de su delito no. Se trata de querer una sociedad que todos tengan ciertos derechos m\u00ednimos, incluso los que merezcan castigo. Se trata de querer una sociedad que rechace la violencia del m\u00e1s fuerte sobre el m\u00e1s d\u00e9bil en cualquiera de los momentos en que ocurre. Se trata de establecer un piso m\u00ednimo de violencias no aceptables para toda la sociedad. Se trata de no caer en eso mismo que nos aterra ver en el crimen: el sadismo, el placer de ver a otro sufrir.<\/p>\n<p>Finalmente se trata de reconocer que si la violencia no se soluciona con m\u00e1s violencia, con violencia institucional no se puede solucionar un problema de violencia social. Hay propuestas que van por otro lado \u00bfalguien las quiere escuchar?<\/p>\n<p>&nbsp;<\/p>\n<p>&nbsp;<\/p>\n<p>&nbsp;<\/p>\n<p>&nbsp;<\/p>\n<p>&nbsp;<\/p>\n<p>&nbsp;<\/p>\n<p>&nbsp;<\/p>\n<p>&nbsp;<\/p>\n<p>&nbsp;<\/p>\n","protected":false},"excerpt":{"rendered":"<p>Llamemos progresismo, en materia de pol\u00edticas criminales, a todo el espectro que va desde el garantismo (pol\u00edticamente liberales) a los \u201ccr\u00edticos\u201d (de inspiraci\u00f3n de izquierda). Curiosamente no hay ning\u00fan t\u00e9rmino para designar a aquellos que proponen como pol\u00edtica de seguridad, m\u00e1s c\u00e1rceles o castigos m\u00e1s duros. Llam\u00e9moslos, por oposici\u00f3n, conservadores, o de derecha (al menos, ese t\u00e9rmino es m\u00e1s amplio [&#8230;]<\/p>\n","protected":false},"author":8,"featured_media":0,"comment_status":"open","ping_status":"open","sticky":false,"template":"","format":"standard","meta":{"_jetpack_newsletter_access":"","_jetpack_dont_email_post_to_subs":false,"_jetpack_newsletter_tier_id":0,"_jetpack_memberships_contains_paywalled_content":false,"_jetpack_memberships_contains_paid_content":false,"footnotes":""},"categories":[64],"tags":[],"class_list":["post-43100","post","type-post","status-publish","format-standard","hentry","category-opinion"],"jetpack_featured_media_url":"","jetpack_shortlink":"https:\/\/wp.me\/p2JWE0-bda","jetpack-related-posts":[{"id":101967,"url":"https:\/\/www.24baires.com\/?p=101967","url_meta":{"origin":43100,"position":0},"title":"\u201cAmontonar personas en comisar\u00edas con hacinamiento extremo es un delito\u00bb","author":"AF","date":"04\/05\/2018","format":false,"excerpt":"La Comisi\u00f3n Provincial por la Memoria reiter\u00f3 su preocupaci\u00f3n por la insistencia en pol\u00edticas de encarcelamiento, hacinamiento extremo y condiciones inhumanas de detenci\u00f3n de las personas detenidas en comisar\u00edas bonaerenses. La Comisi\u00f3n Provincial por la Memoria (CPM) reiter\u00f3 su preocupaci\u00f3n por la insistencia en pol\u00edticas de encarcelamiento, hacinamiento extremo y\u2026","rel":"","context":"En \u00abPol\u00edtica\u00bb","block_context":{"text":"Pol\u00edtica","link":"https:\/\/www.24baires.com\/?cat=51"},"img":{"alt_text":"","src":"https:\/\/i0.wp.com\/www.24baires.com\/wp-content\/uploads\/2017\/09\/ritondo-arroyo.jpeg?resize=350%2C200","width":350,"height":200,"srcset":"https:\/\/i0.wp.com\/www.24baires.com\/wp-content\/uploads\/2017\/09\/ritondo-arroyo.jpeg?resize=350%2C200 1x, https:\/\/i0.wp.com\/www.24baires.com\/wp-content\/uploads\/2017\/09\/ritondo-arroyo.jpeg?resize=525%2C300 1.5x"},"classes":[]},{"id":101043,"url":"https:\/\/www.24baires.com\/?p=101043","url_meta":{"origin":43100,"position":1},"title":"CPM solicit\u00f3 declarar la emergencia del sistema de promoci\u00f3n y protecci\u00f3n de la ni\u00f1ez","author":"GB","date":"14\/03\/2018","format":false,"excerpt":"Desde la Comisi\u00f3n Provincial por la Memoria (CPM) se\u00f1alaron que \"la extrema vulnerabilidad que padecen los NNyA se agrava a\u00fan m\u00e1s en un contexto de recrudecimiento de las pol\u00edticas punitivistas\u201d. La Comisi\u00f3n Provincial por la Memoria exigi\u00f3 que en La Plata se declare la emergencia del sistema de promoci\u00f3n y\u2026","rel":"","context":"En \u00abPol\u00edtica\u00bb","block_context":{"text":"Pol\u00edtica","link":"https:\/\/www.24baires.com\/?cat=51"},"img":{"alt_text":"","src":"https:\/\/i0.wp.com\/www.24baires.com\/wp-content\/uploads\/2013\/11\/cpm.jpg?resize=350%2C200","width":350,"height":200,"srcset":"https:\/\/i0.wp.com\/www.24baires.com\/wp-content\/uploads\/2013\/11\/cpm.jpg?resize=350%2C200 1x, https:\/\/i0.wp.com\/www.24baires.com\/wp-content\/uploads\/2013\/11\/cpm.jpg?resize=525%2C300 1.5x"},"classes":[]},{"id":104513,"url":"https:\/\/www.24baires.com\/?p=104513","url_meta":{"origin":43100,"position":2},"title":"Caputo fue denunciado por administraci\u00f3n fraudulenta","author":"GB","date":"17\/09\/2018","format":false,"excerpt":"La diputada del Frente para la Victoria, Fernanda Vallejos, present\u00f3 la demanda penal al vicepresidente del ente, Gustavo Ca\u00f1onero. Adem\u00e1s, solicit\u00f3 tambi\u00e9n el llamado a indagatoria para que citen a declarar a los dos funcionarios que est\u00e1n a cargo de la autoridad monetaria. La diputada nacional y economista Fernanda Vallejos\u2026","rel":"","context":"En \u00abPol\u00edtica\u00bb","block_context":{"text":"Pol\u00edtica","link":"https:\/\/www.24baires.com\/?cat=51"},"img":{"alt_text":"","src":"https:\/\/i0.wp.com\/www.24baires.com\/wp-content\/uploads\/2017\/01\/caputo-300x200.jpg?resize=350%2C200","width":350,"height":200},"classes":[]},{"id":104603,"url":"https:\/\/www.24baires.com\/?p=104603","url_meta":{"origin":43100,"position":3},"title":"Preocupaci\u00f3n por el avance de las torturas sistem\u00e1ticas en c\u00e1rceles","author":"AF","date":"21\/09\/2018","format":false,"excerpt":"\"El sistema de encierro atraviesa una crisis humanitaria que no para de profundizarse ante la inacci\u00f3n, pasividad o complicidad de los tres poderes del Estado\", denunciaron desde la Comisi\u00f3n Provincial por la Memoria. La Comisi\u00f3n Provincial por la Memoria (CPM), la Procuraci\u00f3n Penitenciaria de la Naci\u00f3n y el GESPyDH del\u2026","rel":"","context":"En \u00abSociedad\u00bb","block_context":{"text":"Sociedad","link":"https:\/\/www.24baires.com\/?cat=1"},"img":{"alt_text":"","src":"https:\/\/i0.wp.com\/www.24baires.com\/wp-content\/uploads\/2018\/04\/c%C3%A1rcel-virrey-del-pino.jpg?resize=350%2C200","width":350,"height":200,"srcset":"https:\/\/i0.wp.com\/www.24baires.com\/wp-content\/uploads\/2018\/04\/c%C3%A1rcel-virrey-del-pino.jpg?resize=350%2C200 1x, https:\/\/i0.wp.com\/www.24baires.com\/wp-content\/uploads\/2018\/04\/c%C3%A1rcel-virrey-del-pino.jpg?resize=525%2C300 1.5x"},"classes":[]},{"id":104780,"url":"https:\/\/www.24baires.com\/?p=104780","url_meta":{"origin":43100,"position":4},"title":"Carri\u00f3 estall\u00f3 por la absoluci\u00f3n de Menem","author":"AF","date":"04\/10\/2018","format":false,"excerpt":"Luego de que el ex presidente saliera absuelto de la causa por tr\u00e1fico de armas a Ecuador y Croacia, la diputada habl\u00f3 de su presunta proscripci\u00f3n en una comisi\u00f3n bicameral. La diputada de Cambiemos Elisa Carri\u00f3 critic\u00f3 la absoluci\u00f3n del ex presidente Carlos Menem en la causa por el tr\u00e1fico\u2026","rel":"","context":"En \u00abPol\u00edtica\u00bb","block_context":{"text":"Pol\u00edtica","link":"https:\/\/www.24baires.com\/?cat=51"},"img":{"alt_text":"","src":"https:\/\/i0.wp.com\/www.24baires.com\/wp-content\/uploads\/2018\/07\/carri%C3%B3.jpg?resize=350%2C200","width":350,"height":200,"srcset":"https:\/\/i0.wp.com\/www.24baires.com\/wp-content\/uploads\/2018\/07\/carri%C3%B3.jpg?resize=350%2C200 1x, https:\/\/i0.wp.com\/www.24baires.com\/wp-content\/uploads\/2018\/07\/carri%C3%B3.jpg?resize=525%2C300 1.5x"},"classes":[]},{"id":120164,"url":"https:\/\/www.24baires.com\/?p=120164","url_meta":{"origin":43100,"position":5},"title":"Los Gobernadores del Frente de Todos tambi\u00e9n piden lista de unidad","author":"GB","date":"08\/06\/2023","format":false,"excerpt":"\"Somos garantes de la construcci\u00f3n de un pa\u00eds federal\" aseguraron los gobernadores frentodistas en un comunicado. Los gobernadores del Frente de Todos mantuvieron una reuni\u00f3n en la que debatieron la estrategia electoral que pretenden para la coalici\u00f3n oficialista y publicaron un comunicado en el que, entre otras cosas, se suman\u2026","rel":"","context":"En \u00abPol\u00edtica\u00bb","block_context":{"text":"Pol\u00edtica","link":"https:\/\/www.24baires.com\/?cat=51"},"img":{"alt_text":"","src":"https:\/\/i0.wp.com\/www.24baires.com\/wp-content\/uploads\/2023\/06\/gobernadores-frente-todosjpg.webp?resize=350%2C200","width":350,"height":200,"srcset":"https:\/\/i0.wp.com\/www.24baires.com\/wp-content\/uploads\/2023\/06\/gobernadores-frente-todosjpg.webp?resize=350%2C200 1x, https:\/\/i0.wp.com\/www.24baires.com\/wp-content\/uploads\/2023\/06\/gobernadores-frente-todosjpg.webp?resize=525%2C300 1.5x, https:\/\/i0.wp.com\/www.24baires.com\/wp-content\/uploads\/2023\/06\/gobernadores-frente-todosjpg.webp?resize=700%2C400 2x"},"classes":[]}],"jetpack_sharing_enabled":true,"jetpack_likes_enabled":true,"_links":{"self":[{"href":"https:\/\/www.24baires.com\/index.php?rest_route=\/wp\/v2\/posts\/43100","targetHints":{"allow":["GET"]}}],"collection":[{"href":"https:\/\/www.24baires.com\/index.php?rest_route=\/wp\/v2\/posts"}],"about":[{"href":"https:\/\/www.24baires.com\/index.php?rest_route=\/wp\/v2\/types\/post"}],"author":[{"embeddable":true,"href":"https:\/\/www.24baires.com\/index.php?rest_route=\/wp\/v2\/users\/8"}],"replies":[{"embeddable":true,"href":"https:\/\/www.24baires.com\/index.php?rest_route=%2Fwp%2Fv2%2Fcomments&post=43100"}],"version-history":[{"count":1,"href":"https:\/\/www.24baires.com\/index.php?rest_route=\/wp\/v2\/posts\/43100\/revisions"}],"predecessor-version":[{"id":43102,"href":"https:\/\/www.24baires.com\/index.php?rest_route=\/wp\/v2\/posts\/43100\/revisions\/43102"}],"wp:attachment":[{"href":"https:\/\/www.24baires.com\/index.php?rest_route=%2Fwp%2Fv2%2Fmedia&parent=43100"}],"wp:term":[{"taxonomy":"category","embeddable":true,"href":"https:\/\/www.24baires.com\/index.php?rest_route=%2Fwp%2Fv2%2Fcategories&post=43100"},{"taxonomy":"post_tag","embeddable":true,"href":"https:\/\/www.24baires.com\/index.php?rest_route=%2Fwp%2Fv2%2Ftags&post=43100"}],"curies":[{"name":"wp","href":"https:\/\/api.w.org\/{rel}","templated":true}]}}