{"id":4309,"date":"2012-11-03T16:54:22","date_gmt":"2012-11-03T19:54:22","guid":{"rendered":"http:\/\/www.24baires.com\/?p=4309"},"modified":"2012-11-03T16:56:32","modified_gmt":"2012-11-03T19:56:32","slug":"el-certal-reconocio-que-entre-sus-sponsors-esta-el-grupo-clarin","status":"publish","type":"post","link":"https:\/\/www.24baires.com\/?p=4309","title":{"rendered":"El CERTAL reconoci\u00f3 que entre sus sponsors est\u00e1 el Grupo Clar\u00edn"},"content":{"rendered":"<p>La ONG que invit\u00f3 al magistrado Francisco Horacio de las Carreras a participar de un congreso realizado en Miami con los gastos de alojamiento y pasajes pagos, amiti\u00f3 que su \u00abprincipal fuente de financiamiento son los aportes que realizan los diversos sponsors\u00bb, entre los que se cuentan varias empresas pertenecientes al Grupo Clar\u00edn.<!--more--><br \/>\n<a href=\"http:\/\/www.certal.org\/\" target=\"_blank\">A trav\u00e9s un comunicado publicado en su p\u00e1gina Web<\/a>, CERTAL dice ser una entidad \u00ababsolutamente independiente de cualquier inter\u00e9s empresario\u00bb, aunque reconoce que su financiamiento proveniente de \u00abaportes que realizan los diversos sponsors\u00bb, entre ellos \u00abm\u00e1s de 50 empresas vinculadas a la industria de la comunicaci\u00f3n\u00bb, muchas de ellas pertenecientes al grupo Clar\u00edn.<\/p>\n<p>La noticia se conoce un d\u00eda despu\u00e9s de que el Poder Ejecutivo presentara una denuncia penal por el supuesto delito de \u00abrecepci\u00f3n de d\u00e1divas\u00bb, contra el magistrado De las Carreras por aceptar una invitaci\u00f3n al congreso que contaba entre sus sponsors a Cablevisi\u00f3n, empresa del Grupo Clar\u00edn.<br \/>\nAyer, el ministro de Justicia Julio Alak dijo que la conducta del juez De las Carreras \u00abno es una irregularidad \u00e9tica sino que configura un hecho penal, que contempla penas de entre 4 y 12 a\u00f1os de prisi\u00f3n\u00bb.<\/p>\n<p>El magistrado intent\u00f3 una desmentida que no hizo m\u00e1s que confirmar la denuncia. En un escrito de cuatro p\u00e1ginas intent\u00f3 desligar al multimedios y se\u00f1al\u00f3 que concurri\u00f3 a la reuni\u00f3n en Miami invitado, con gastos pagos, por el Centro de Estudios Latinoamericanos para el Desarrollo de las Telecomunicaciones (CERTAL), que a su vez ahora reconoce estar financiado por el multimedio.<\/p>\n<p>En el caso particular de la Cumbre en Miami, la misma fue auspiciada, entre otros, por Cablevisi\u00f3n; la empresa m\u00e1s fuerte del multimedios argentino, y por la empresa CAPSA, cuyo principal directivo es Pablo Casey, sobrino de H\u00e9ctor Magnetto, CEO del Grupo Clar\u00edn.<br \/>\nEntre los integrantes de CERTAL tambi\u00e9n figura, como \u00abdirector titular\u00bb Hern\u00e1n Verdaguer, gerente de Asuntos Regulatorios del Grupo Clar\u00edn y, a su vez, director titular del Consejo Directivo de la organizaci\u00f3n.<\/p>\n<p>Otro caso representativo de la incidencia del multimedios en esa organizaci\u00f3n es el del presidente de la Comisi\u00f3n de Pirater\u00eda de esa entidad, Santiago Piris, quien en las notas subidas al propio portal del Centro aparece sindicado como \u00ababogado-Cablevisi\u00f3n\u00bb.<br \/>\nOtro v\u00ednculo entre Clar\u00edn y CERTAL, la entidad que financi\u00f3 el viaje de De las Carreras, es Walter Burzaco, quien figura en la comisi\u00f3n de Asuntos P\u00fablicos y Regulaci\u00f3n, como director.<\/p>\n<p>Burzaco preside la Asociaci\u00f3n Argentina de Televisi\u00f3n por Cable (ATVC) que tiene como funci\u00f3n la representaci\u00f3n institucional de las empresas y otras asociaciones que conforman la industria del cable argentino. De all\u00ed su estrecho v\u00ednculo con ARTEAR y la productora PRAMER, empresas del rubro audiovisual que domina el Grupo Clar\u00edn.<br \/>\nDe las Carreras interviene en la demanda por inconstitucionalidad del art\u00edculo 161 de la ley de Medios interpuesta por el Grupo Clar\u00edn, ya fall\u00f3 en distintas oportunidades a favor de los intereses del multimedio, y tiene actualmente en estudio la pr\u00f3rroga de la medida cautelar que mantiene suspendida la vigencia plena de esa norma.<\/p>\n","protected":false},"excerpt":{"rendered":"<p>La ONG que invit\u00f3 al magistrado Francisco Horacio de las Carreras a participar de un congreso realizado en Miami con los gastos de alojamiento y pasajes pagos, amiti\u00f3 que su \u00abprincipal fuente de financiamiento son los aportes que realizan los diversos sponsors\u00bb, entre los que se cuentan varias empresas pertenecientes al Grupo Clar\u00edn.<\/p>\n","protected":false},"author":11,"featured_media":0,"comment_status":"open","ping_status":"open","sticky":false,"template":"","format":"standard","meta":{"_jetpack_newsletter_access":"","_jetpack_dont_email_post_to_subs":false,"_jetpack_newsletter_tier_id":0,"_jetpack_memberships_contains_paywalled_content":false,"_jetpack_memberships_contains_paid_content":false,"footnotes":""},"categories":[54],"tags":[],"class_list":["post-4309","post","type-post","status-publish","format-standard","hentry","category-medios"],"jetpack_featured_media_url":"","jetpack_shortlink":"https:\/\/wp.me\/p2JWE0-17v","jetpack-related-posts":[{"id":4851,"url":"https:\/\/www.24baires.com\/?p=4851","url_meta":{"origin":4309,"position":0},"title":"Finalmente imputaron al camarista que viaj\u00f3 a Miami financiado por Clar\u00edn","author":"Grupo Sierra","date":"09\/11\/2012","format":false,"excerpt":"El fiscal Eduardo Taiano imput\u00f3 al camarista civil y comercial federal Francisco de las Carreras. Se trata de uno de los jueces que particip\u00f3 de un congreso en Miami, que auspici\u00f3 y financi\u00f3 el Grupo Clar\u00edn. El camarista, competente en una de las principales causas en las que el grupo\u2026","rel":"","context":"En \u00abMedios\u00bb","block_context":{"text":"Medios","link":"https:\/\/www.24baires.com\/?cat=54"},"img":{"alt_text":"","src":"","width":0,"height":0},"classes":[]},{"id":4147,"url":"https:\/\/www.24baires.com\/?p=4147","url_meta":{"origin":4309,"position":1},"title":"El juez De las Carreras fue denunciado por el Gobierno por presunta \u00abrecepci\u00f3n de d\u00e1divas\u00bb de Clar\u00edn","author":"AF","date":"02\/11\/2012","format":false,"excerpt":"En la presentaci\u00f3n solicita que se investigue el delito de \"recepci\u00f3n de d\u00e1divas\" por parte del juez, quien particip\u00f3 de un congreso en Miami organizado por una ONG que integra y financia el Grupo Clar\u00edn. En rueda de prensa, el ministro de Justicia, Julio Alak, inform\u00f3 que el jefe de\u2026","rel":"","context":"En \u00abMedios\u00bb","block_context":{"text":"Medios","link":"https:\/\/www.24baires.com\/?cat=54"},"img":{"alt_text":"","src":"https:\/\/i0.wp.com\/www.24baires.com\/wp-content\/uploads\/2012\/11\/de-las-carreras2-300x179.jpg?resize=350%2C200","width":350,"height":200},"classes":[]},{"id":4738,"url":"https:\/\/www.24baires.com\/?p=4738","url_meta":{"origin":4309,"position":2},"title":"El fiscal que conden\u00f3 a Cuevana tambi\u00e9n viaj\u00f3 a Miami invitado por Clar\u00edn","author":"AF","date":"08\/11\/2012","format":false,"excerpt":"Ricardo S\u00e1enz, el fiscal que conden\u00f3 al portal dedicado a la distribuci\u00f3n gratuita de pel\u00edculas y series de TV, Cuevana, tambi\u00e9n particip\u00f3 de los viajes organizados por la ONG CERTAL y financiados por el Grupo Clar\u00edn. Hasta antes del fallo, Cuevana era una competencia directa de Cablevisi\u00f3n. A pesar de\u2026","rel":"","context":"En \u00abMedios\u00bb","block_context":{"text":"Medios","link":"https:\/\/www.24baires.com\/?cat=54"},"img":{"alt_text":"","src":"","width":0,"height":0},"classes":[]},{"id":3693,"url":"https:\/\/www.24baires.com\/?p=3693","url_meta":{"origin":4309,"position":3},"title":"El Juez que viaj\u00f3 a Miami invitado por Clar\u00edn tiene 20 d\u00edas para hacer su descargo","author":"AF","date":"29\/10\/2012","format":false,"excerpt":"La comisi\u00f3n de Acusaci\u00f3n y Disciplina estableci\u00f3 que el juez Francisco Horacio de las Carreras, tiene 20 d\u00edas h\u00e1biles para presentar su descargo, en relaci\u00f3n a la denuncia realizada por el Gobierno sobre su participaci\u00f3n en un seminario en Miami invitado por el grupo Clar\u00edn. La comisi\u00f3n pas\u00f3 a un\u2026","rel":"","context":"En \u00abPol\u00edtica\u00bb","block_context":{"text":"Pol\u00edtica","link":"https:\/\/www.24baires.com\/?cat=51"},"img":{"alt_text":"","src":"https:\/\/i0.wp.com\/www.24baires.com\/wp-content\/uploads\/2012\/10\/de-las-carreras-300x179.jpg?resize=350%2C200","width":350,"height":200},"classes":[]},{"id":13361,"url":"https:\/\/www.24baires.com\/?p=13361","url_meta":{"origin":4309,"position":4},"title":"Se viene la XX edici\u00f3n de la Marat\u00f3n de Mozos y Camareras","author":"AF","date":"24\/01\/2013","format":false,"excerpt":"MAR DEL PLATA - El s\u00e1bado 26 tendr\u00e1 lugar la XX edici\u00f3n de esta tradicional carrera organizada por la Uni\u00f3n de Trabajadores del Turismo, Hoteleros y Gastron\u00f3micos. El pr\u00f3ximo s\u00e1bado 26 tendr\u00e1 lugar la XX edici\u00f3n de la Marat\u00f3n de Mozos y Camareras que organiza la Uni\u00f3n de Trabajadores del\u2026","rel":"","context":"En \u00abSociedad\u00bb","block_context":{"text":"Sociedad","link":"https:\/\/www.24baires.com\/?cat=1"},"img":{"alt_text":"MARAT\u00d3N mozos mdp","src":"https:\/\/i0.wp.com\/www.24baires.com\/wp-content\/uploads\/2013\/01\/MARAT%C3%93N-mozos-mdp.jpg?resize=350%2C200","width":350,"height":200},"classes":[]},{"id":4110,"url":"https:\/\/www.24baires.com\/?p=4110","url_meta":{"origin":4309,"position":5},"title":"Bocanera reconoci\u00f3 que a Tettamanti lo designaron &#8216;a dedo&#8217;","author":"AF","date":"01\/11\/2012","format":false,"excerpt":"El secretario general del fuero Civil y Comercial ofreci\u00f3 su testimonio ante la Comisi\u00f3n de Disciplina y Acusaci\u00f3n del Consejo de la Magistratura. All\u00ed asegur\u00f3 que al juez, jubilado, Ra\u00fal Tettamanti lo designaron de forma manual. El secretario general del la C\u00e1mara Civil y Comercial Federal, Gustavo Bocanera, quien prest\u00f3\u2026","rel":"","context":"En \u00abMedios\u00bb","block_context":{"text":"Medios","link":"https:\/\/www.24baires.com\/?cat=54"},"img":{"alt_text":"","src":"https:\/\/i0.wp.com\/www.24baires.com\/wp-content\/uploads\/2012\/11\/tettamanti2-300x193.jpg?resize=350%2C200","width":350,"height":200},"classes":[]}],"jetpack_sharing_enabled":true,"jetpack_likes_enabled":true,"_links":{"self":[{"href":"https:\/\/www.24baires.com\/index.php?rest_route=\/wp\/v2\/posts\/4309","targetHints":{"allow":["GET"]}}],"collection":[{"href":"https:\/\/www.24baires.com\/index.php?rest_route=\/wp\/v2\/posts"}],"about":[{"href":"https:\/\/www.24baires.com\/index.php?rest_route=\/wp\/v2\/types\/post"}],"author":[{"embeddable":true,"href":"https:\/\/www.24baires.com\/index.php?rest_route=\/wp\/v2\/users\/11"}],"replies":[{"embeddable":true,"href":"https:\/\/www.24baires.com\/index.php?rest_route=%2Fwp%2Fv2%2Fcomments&post=4309"}],"version-history":[{"count":3,"href":"https:\/\/www.24baires.com\/index.php?rest_route=\/wp\/v2\/posts\/4309\/revisions"}],"predecessor-version":[{"id":4312,"href":"https:\/\/www.24baires.com\/index.php?rest_route=\/wp\/v2\/posts\/4309\/revisions\/4312"}],"wp:attachment":[{"href":"https:\/\/www.24baires.com\/index.php?rest_route=%2Fwp%2Fv2%2Fmedia&parent=4309"}],"wp:term":[{"taxonomy":"category","embeddable":true,"href":"https:\/\/www.24baires.com\/index.php?rest_route=%2Fwp%2Fv2%2Fcategories&post=4309"},{"taxonomy":"post_tag","embeddable":true,"href":"https:\/\/www.24baires.com\/index.php?rest_route=%2Fwp%2Fv2%2Ftags&post=4309"}],"curies":[{"name":"wp","href":"https:\/\/api.w.org\/{rel}","templated":true}]}}