{"id":4301,"date":"2012-11-03T14:42:37","date_gmt":"2012-11-03T17:42:37","guid":{"rendered":"http:\/\/www.24baires.com\/?p=4301"},"modified":"2012-11-03T14:44:24","modified_gmt":"2012-11-03T17:44:24","slug":"trabajadores-de-prensa-repudian-la-campana-antisindical-del-grupo-clarin-dentro-de-la-empresa","status":"publish","type":"post","link":"https:\/\/www.24baires.com\/?p=4301","title":{"rendered":"Trabajadores de Prensa repudian la \u00abcampa\u00f1a antisindical\u00bb del Grupo Clar\u00edn en la empresa"},"content":{"rendered":"<p>La Federaci\u00f3n Argentina de Trabajadores de Prensa (FATPREN) repudi\u00f3 la \u00abcampa\u00f1a que AGEA llev\u00f3 adelante esta semana contra los compa\u00f1eros que participar\u00e1n de la elecci\u00f3n de la Comisi\u00f3n Interna\u00bb, el 15 de noviembre.<!--more--><br \/>\nAnte la denuncia de los trabajadores por la aparici\u00f3n de volantes en las redacciones \u00abcon contenido agresivo que intentaba desprestigiar el proceso de elecciones\u00bb, la FATPREN expres\u00f3 su \u00abrepudio\u00bb y se solidariz\u00f3 con la lucha de los trabajadores en la recuperaci\u00f3n de la actividad gremial en las empresas del grupo.<br \/>\n\u00abUna vez m\u00e1s, observamos c\u00f3mo quienes se autoproclaman defensores de las libertades, lo \u00fanico que pretenden resguardar son los privilegios que supieron construir en \u00e9pocas oscuras, para imponer sus intereses por sobre los de los trabajadores, la sociedad y la Naci\u00f3n toda, sin reconocer los derechos vigentes y desconociendo todo tipo de marco legal existente\u00bb, se\u00f1al\u00f3 la entidad en un comunicado.<br \/>\nLa FATPREN respald\u00f3 a los trabajadores por \u00abhaber avanzado este a\u00f1o en un proceso fundamental para recuperar su derechos a la organizaci\u00f3n sindical, con importantes demostraciones de unidad en las redacciones y la participaci\u00f3n en la Junta Electoral y la lista de candidatos a delegados de algunos de los m\u00e1s reconocidos periodistas de sus publicaciones\u00bb.<br \/>\n\u00abExpresamos nuestra solidaridad con los compa\u00f1eros y compa\u00f1eras que est\u00e1n llevando adelante tan importante lucha, y los apoya y alienta a no cejar en los esfuerzos para alcanzar un triunfo que ser\u00e1 una victoria para todos los trabajadores de prensa de nuestro pa\u00eds\u00bb, concliuy\u00f3 el comunicado.<br \/>\nAyer, mediante una declaraci\u00f3n, los trabajadores del grupo Clar\u00edn rechazaron todo tipo de agresi\u00f3n ante \u00abun proceso leg\u00edtimo y democr\u00e1tico\u00bb y ratificaron su compromiso por recuperar la libertad gremial despu\u00e9s de doce a\u00f1os sin representaci\u00f3n sindical.<\/p>\n","protected":false},"excerpt":{"rendered":"<p>La Federaci\u00f3n Argentina de Trabajadores de Prensa (FATPREN) repudi\u00f3 la \u00abcampa\u00f1a que AGEA llev\u00f3 adelante esta semana contra los compa\u00f1eros que participar\u00e1n de la elecci\u00f3n de la Comisi\u00f3n Interna\u00bb, el 15 de noviembre.<\/p>\n","protected":false},"author":11,"featured_media":0,"comment_status":"open","ping_status":"open","sticky":false,"template":"","format":"standard","meta":{"_jetpack_newsletter_access":"","_jetpack_dont_email_post_to_subs":false,"_jetpack_newsletter_tier_id":0,"_jetpack_memberships_contains_paywalled_content":false,"_jetpack_memberships_contains_paid_content":false,"footnotes":""},"categories":[54],"tags":[],"class_list":["post-4301","post","type-post","status-publish","format-standard","hentry","category-medios"],"jetpack_featured_media_url":"","jetpack_shortlink":"https:\/\/wp.me\/p2JWE0-17n","jetpack-related-posts":[{"id":47291,"url":"https:\/\/www.24baires.com\/?p=47291","url_meta":{"origin":4301,"position":0},"title":"Trabajadores de prensa se movilizan al diario El D\u00eda en La Plata","author":"GB","date":"03\/06\/2014","format":false,"excerpt":"LA PLATA-El Sindicato de Prensa Bonaerense, junto a la Federaci\u00f3n Argentina de Trabajadores de Prensa (FATPREN) se movilizar\u00e1 a las puertas del diario El D\u00eda en el marco de \"un plan de lucha ante la negativa de la Asociaci\u00f3n de Diarios del Interior de la Rep\u00fablica Argentina (ADIRA) de mejorar\u2026","rel":"","context":"En \u00abMedios\u00bb","block_context":{"text":"Medios","link":"https:\/\/www.24baires.com\/?cat=54"},"img":{"alt_text":"diario el dia","src":"https:\/\/i0.wp.com\/www.24baires.com\/wp-content\/uploads\/2014\/06\/diario-el-dia.jpg?resize=350%2C200","width":350,"height":200,"srcset":"https:\/\/i0.wp.com\/www.24baires.com\/wp-content\/uploads\/2014\/06\/diario-el-dia.jpg?resize=350%2C200 1x, https:\/\/i0.wp.com\/www.24baires.com\/wp-content\/uploads\/2014\/06\/diario-el-dia.jpg?resize=525%2C300 1.5x"},"classes":[]},{"id":112966,"url":"https:\/\/www.24baires.com\/?p=112966","url_meta":{"origin":4301,"position":1},"title":"Ahora s\u00ed Macri repudi\u00f3 la \u201cviolencia\u201d en Bolivia y pidi\u00f3 elecciones \u201clibres y justas\u201d","author":"GB","date":"12\/11\/2019","format":false,"excerpt":"El presidente rompi\u00f3 el silencio que lo ven\u00eda acompa\u00f1ando desde que Evo Morales denunci\u00f3 un golpe de Estado el pasado domingo. \"Quiero dejar claro que repudiamos la violencia de cualquier tipo y bajo cualquier circunstancia\u201d, expres\u00f3 en l\u00ednea con el discurso de la OEA. Dos d\u00edas despu\u00e9s de que se\u2026","rel":"","context":"En \u00abPol\u00edtica\u00bb","block_context":{"text":"Pol\u00edtica","link":"https:\/\/www.24baires.com\/?cat=51"},"img":{"alt_text":"","src":"https:\/\/i0.wp.com\/www.24baires.com\/wp-content\/uploads\/2019\/11\/macri-evo.jpg?resize=350%2C200","width":350,"height":200,"srcset":"https:\/\/i0.wp.com\/www.24baires.com\/wp-content\/uploads\/2019\/11\/macri-evo.jpg?resize=350%2C200 1x, https:\/\/i0.wp.com\/www.24baires.com\/wp-content\/uploads\/2019\/11\/macri-evo.jpg?resize=525%2C300 1.5x"},"classes":[]},{"id":25441,"url":"https:\/\/www.24baires.com\/?p=25441","url_meta":{"origin":4301,"position":2},"title":"Colocan baldosas en Clar\u00edn y La Naci\u00f3n en memoria de periodistas desaparecidos","author":"Grupo Sierra","date":"09\/06\/2013","format":false,"excerpt":"El villeguense Juan Miguel Satragno quedar\u00e1 impreso en una de las baldosas que con los nombres de periodistas que trabajaron en La Naci\u00f3n y desaparecieron en la dictadura ser\u00e1n colocadas cerca del diario el 12 de junio. El viernes hubo un acto similar en Clar\u00edn. Su hijo, el dirigente de\u2026","rel":"","context":"En \u00abMemoria\u00bb","block_context":{"text":"Memoria","link":"https:\/\/www.24baires.com\/?cat=50"},"img":{"alt_text":"satragno","src":"https:\/\/i0.wp.com\/www.24baires.com\/wp-content\/uploads\/2013\/06\/satragno.jpg?resize=350%2C200","width":350,"height":200,"srcset":"https:\/\/i0.wp.com\/www.24baires.com\/wp-content\/uploads\/2013\/06\/satragno.jpg?resize=350%2C200 1x, https:\/\/i0.wp.com\/www.24baires.com\/wp-content\/uploads\/2013\/06\/satragno.jpg?resize=525%2C300 1.5x"},"classes":[]},{"id":118220,"url":"https:\/\/www.24baires.com\/?p=118220","url_meta":{"origin":4301,"position":3},"title":"Masivo repudio a la agresi\u00f3n de Macri en Dolores","author":"AF","date":"03\/11\/2021","format":false,"excerpt":"Diputados del Frente de Todos y trabajadores del canal de noticias C5N repudiaron el gesto agresivo que tuvo el expresidente cuando ingresaba a la sede de la Municipalidad de Dolores al quitarle el micr\u00f3fono al periodista de esa se\u00f1al que se encontraba en el lugar. Diputados del Frente de Todos\u2026","rel":"","context":"En \u00abPol\u00edtica\u00bb","block_context":{"text":"Pol\u00edtica","link":"https:\/\/www.24baires.com\/?cat=51"},"img":{"alt_text":"","src":"https:\/\/i0.wp.com\/www.24baires.com\/wp-content\/uploads\/2021\/11\/macri-ataca-c5n-2jpg.jpg?resize=350%2C200","width":350,"height":200,"srcset":"https:\/\/i0.wp.com\/www.24baires.com\/wp-content\/uploads\/2021\/11\/macri-ataca-c5n-2jpg.jpg?resize=350%2C200 1x, https:\/\/i0.wp.com\/www.24baires.com\/wp-content\/uploads\/2021\/11\/macri-ataca-c5n-2jpg.jpg?resize=525%2C300 1.5x"},"classes":[]},{"id":102423,"url":"https:\/\/www.24baires.com\/?p=102423","url_meta":{"origin":4301,"position":4},"title":"Trabajadores de T\u00e9lam contin\u00faan de paro por los despidos","author":"AF","date":"29\/05\/2018","format":false,"excerpt":"Las trabajadoras y los trabajadores de la agencia T\u00e9lam votaron la continuidad del paro por tiempo indeterminado hasta que la empresa revierta los despidos que dispuso ayer. Las trabajadoras y trabajadores de T\u00e9lam, en Asamblea General, se reunieron en la planta baja del edificio de Belgrano 347, con casi 400\u2026","rel":"","context":"En \u00abSociedad\u00bb","block_context":{"text":"Sociedad","link":"https:\/\/www.24baires.com\/?cat=1"},"img":{"alt_text":"","src":"https:\/\/i0.wp.com\/www.24baires.com\/wp-content\/uploads\/2018\/05\/t%C3%A9lam.jpg?resize=350%2C200","width":350,"height":200,"srcset":"https:\/\/i0.wp.com\/www.24baires.com\/wp-content\/uploads\/2018\/05\/t%C3%A9lam.jpg?resize=350%2C200 1x, https:\/\/i0.wp.com\/www.24baires.com\/wp-content\/uploads\/2018\/05\/t%C3%A9lam.jpg?resize=525%2C300 1.5x"},"classes":[]},{"id":101883,"url":"https:\/\/www.24baires.com\/?p=101883","url_meta":{"origin":4301,"position":5},"title":"La CTA-A anunci\u00f3 elecciones y un paro nacional para el pr\u00f3ximo 10 de mayo","author":"GB","date":"29\/04\/2018","format":false,"excerpt":"Luego de que se celebrara el Congreso Ordinario y Extraordinario de la CTA-Aut\u00f3noma, las principales resoluciones apuntaron llevar a cabo elecciones internas para agosto, as\u00ed como un paro nacional para el pr\u00f3ximo jueves 10 de mayo. \u201cRepudiar el ajuste, el techo a las paritarias, los despidos, la precarizaci\u00f3n laboral, la\u2026","rel":"","context":"En \u00abPol\u00edtica\u00bb","block_context":{"text":"Pol\u00edtica","link":"https:\/\/www.24baires.com\/?cat=51"},"img":{"alt_text":"","src":"https:\/\/i0.wp.com\/www.24baires.com\/wp-content\/uploads\/2018\/04\/cta.jpg?resize=350%2C200","width":350,"height":200,"srcset":"https:\/\/i0.wp.com\/www.24baires.com\/wp-content\/uploads\/2018\/04\/cta.jpg?resize=350%2C200 1x, https:\/\/i0.wp.com\/www.24baires.com\/wp-content\/uploads\/2018\/04\/cta.jpg?resize=525%2C300 1.5x"},"classes":[]}],"jetpack_sharing_enabled":true,"jetpack_likes_enabled":true,"_links":{"self":[{"href":"https:\/\/www.24baires.com\/index.php?rest_route=\/wp\/v2\/posts\/4301","targetHints":{"allow":["GET"]}}],"collection":[{"href":"https:\/\/www.24baires.com\/index.php?rest_route=\/wp\/v2\/posts"}],"about":[{"href":"https:\/\/www.24baires.com\/index.php?rest_route=\/wp\/v2\/types\/post"}],"author":[{"embeddable":true,"href":"https:\/\/www.24baires.com\/index.php?rest_route=\/wp\/v2\/users\/11"}],"replies":[{"embeddable":true,"href":"https:\/\/www.24baires.com\/index.php?rest_route=%2Fwp%2Fv2%2Fcomments&post=4301"}],"version-history":[{"count":3,"href":"https:\/\/www.24baires.com\/index.php?rest_route=\/wp\/v2\/posts\/4301\/revisions"}],"predecessor-version":[{"id":4304,"href":"https:\/\/www.24baires.com\/index.php?rest_route=\/wp\/v2\/posts\/4301\/revisions\/4304"}],"wp:attachment":[{"href":"https:\/\/www.24baires.com\/index.php?rest_route=%2Fwp%2Fv2%2Fmedia&parent=4301"}],"wp:term":[{"taxonomy":"category","embeddable":true,"href":"https:\/\/www.24baires.com\/index.php?rest_route=%2Fwp%2Fv2%2Fcategories&post=4301"},{"taxonomy":"post_tag","embeddable":true,"href":"https:\/\/www.24baires.com\/index.php?rest_route=%2Fwp%2Fv2%2Ftags&post=4301"}],"curies":[{"name":"wp","href":"https:\/\/api.w.org\/{rel}","templated":true}]}}