{"id":4297,"date":"2012-11-03T14:32:00","date_gmt":"2012-11-03T17:32:00","guid":{"rendered":"http:\/\/www.24baires.com\/?p=4297"},"modified":"2012-11-03T14:32:00","modified_gmt":"2012-11-03T17:32:00","slug":"sospechan-que-el-momo-venegas-esta-atras-de-las-acusaciones-contra-tellechea","status":"publish","type":"post","link":"https:\/\/www.24baires.com\/?p=4297","title":{"rendered":"Sospechan que \u2018El Momo\u2019 Venegas est\u00e1 atr\u00e1s de las acusaciones contra Tellechea"},"content":{"rendered":"<p><img data-recalc-dims=\"1\" loading=\"lazy\" decoding=\"async\" class=\"aligncenter size-full wp-image-2926\" title=\"macri_moyano_221012_2_ef_55850\" src=\"https:\/\/i0.wp.com\/www.24baires.com\/wp-content\/uploads\/2012\/10\/macri_moyano_221012_2_ef_55850.jpg?resize=560%2C371\" alt=\"\" width=\"560\" height=\"371\" srcset=\"https:\/\/i0.wp.com\/www.24baires.com\/wp-content\/uploads\/2012\/10\/macri_moyano_221012_2_ef_55850.jpg?w=560&amp;ssl=1 560w, https:\/\/i0.wp.com\/www.24baires.com\/wp-content\/uploads\/2012\/10\/macri_moyano_221012_2_ef_55850.jpg?resize=300%2C198&amp;ssl=1 300w\" sizes=\"auto, (max-width: 560px) 100vw, 560px\" \/><\/p>\n<p><strong>NECOCHEA &#8211;<\/strong> Los concejales del FpV, Noem\u00ed Cesio y Luciano Lescano, aseguraron que la \u201ccomisi\u00f3n investigadora\u201d creada por la oposici\u00f3n en el Concejo Deliberante de Necochea es \u201cun intento de destituir al jefe comunal\u201d. El rol que juega Ger\u00f3nimo \u201cel Momo\u201d Venegas.<!--more--><br \/>\nUn aire raro se respira en Nechochea tras el decreto de creaci\u00f3n de una \u201ccomisi\u00f3n investigadora\u201d del Concejo Deliberante. La iniciativa fue votada por los ediles de la oposici\u00f3n que conforman la mayor\u00eda del cuerpo (son 13, mientras que los concejales del Frente para la Victoria \u2013FpV- llegan a 5), excus\u00e1ndose en una licitaci\u00f3n de compra de aparatolog\u00eda para el Hospital Municipal Emilio Ferreyra. Dicha \u201ccomisi\u00f3n\u201d ya fue cuestionada por la Asesor\u00eda General de Gobierno de la Provincia de Buenos Aires, lo cual demuestra su car\u00e1cter infundado y solo entendible como maniobra destituyente a escala municipal<\/p>\n<p>Acusan al intendente Horacio Tellechea de haber pagado con anticipaci\u00f3n la provisi\u00f3n del \u201cArco C\u201d. En ese sentido, qui\u00e9n lleva la voz cantante de la \u201ccomisi\u00f3n investigadora\u201d es el concejal Alejandro Issin, cercano el gremialista Ger\u00f3nimo \u201cMomo\u201d Venegas, socio pol\u00edtico de la patronales agropecuarias, compa\u00f1\u00eda ahora de Hugo Moyano y furibundo detractor del gobierno nacional, lo que explica su condici\u00f3n de jefe en la maniobra dirigida a derrocar al actual jefe comunal, reconocido por su pertenencia al espacio que encabeza la presidenta Cristina Fern\u00e1ndez de Kirchner.<\/p>\n<p>La agencia AgePeBA dialog\u00f3 con los dos ediles del Frente para la Victoria, Noem\u00ed Cesio y Luciano Lescano, que convocados a formar parte de la \u201ccomisi\u00f3n\u201d, se negaron rotundamente \u201cen defensa del jefe comunal y las instituciones democr\u00e1ticas\u201d.<\/p>\n<p>\u201cLa \u2018comisi\u00f3n Investigadora\u2019 \u2013creada por decreto- tuvo un paso previo que fue la interpelaci\u00f3n del intendente Horacio Tellechea, en la cu\u00e1l \u00e9l dio las explicaciones del caso en una sesi\u00f3n especial del Consejo Deliberante\u201d, cont\u00f3 Lescano y agreg\u00f3: \u201cno obstante, para ellos las respuestas no fueron suficientes y convocaron a una \u2018comisi\u00f3n investigadora\u2019, con la cual el bloque del Frente para la Victoria no est\u00e1 de acuerdo\u201d.<\/p>\n<p>En ese sentido, destac\u00f3 que \u201cel jueves, Noem\u00ed Cesio y yo manifestamos que no vamos a formar parte de la misma porque ante una consulta a la Asesor\u00eda General de Gobierno de la Provincia de Buenos Aires, se nos ha respondido que dicha comisi\u00f3n tiene varios procedimientos cuestionados desde lo jur\u00eddico y que rayan la legalidad\u201d.<\/p>\n<p>Por su parte, Cesio asegur\u00f3 que \u201cnosotros como bloque del Frente para la Victoria, propusimos en el Concejo Deliberante, en el marco del respeto a la institucionalidad y la democracia, hacer una consulta a la Asesor\u00eda General de Gobierno, algo que fue rechazado; nosotros la hicimos como bloque y desde esa Asesor\u00eda nos respondieron que el decreto creador de la \u2018comisi\u00f3n\u2019 contiene un prejuzgamiento del intendente y niega el derecho a la defensa\u201d.<\/p>\n<p>\u201cNosotros no tenemos ning\u00fan inconveniente en que se investiguen los actos de gobierno, pero exigimos que todo se realice conforme a las leyes y con pleno respeto a las instituciones democr\u00e1ticas\u201d, a\u00f1adi\u00f3 Cesio.<\/p>\n<p>\u201cCreemos que todos tenemos que salvaguardar los espacios democr\u00e1ticos que tanta sangre han costado; queremos fundamentalmente respetar los derechos constitucionales\u201d.<\/p>\n<p>En el marco del conflicto, resulta imposible no remitir a la figura de Ger\u00f3nimo \u201cMomo\u201d Vanegas, especialmente si se considera la cercan\u00eda que tiene con Issin, y que el a\u00f1o pasado perdi\u00f3 su candidatura frente al actual jefe comunal.<\/p>\n<p>\u201cMomo Venegas presidi\u00f3 el Partido Justicialista (PJ) de Necochea durante muchos a\u00f1os , y en este momento, los datos que nosotros tenemos es que ha renunciado al PJ para armar su nuevo partido, con Moyano y Mauricio Macri, quienes aspiran a convertirlo en legislador\u201d, explic\u00f3 Cesio.<\/p>\n<p>\u201cNo nos olvidemos que tiene una causa penal abierta, por lo tanto necesita fueros\u201d, a\u00f1adi\u00f3. A diferencia de la mayor\u00eda de los distritos, en Necochea, el PJ no forma parte del Frente para la Victoria, sino que est\u00e1 vinculado al PRO de Mauricio Macri y a los resabios duhaldistas.<\/p>\n<p>\u201cTengamos presentes que cuando \u2018el Momo\u2019 neg\u00f3 el apoyo a N\u00e9stor Kirchner, se pas\u00f3 a la oposici\u00f3n y fue la quinta pata de llamada \u2018mesa de enlace\u2019, durante la ofensiva por la 125\u201d, subray\u00f3 la edil, y aleg\u00f3: \u201ces tal el odio que \u00e9l siente por el gobierno nacional que no mira objetivamente las cuestiones buenas e incluso, cuando se logr\u00f3 la Asignaci\u00f3n Universal por Hijo, dijo que era fomentar la vagancia\u201d.<\/p>\n<p>En tanto, Lescano apunto a que \u201ces importante tambi\u00e9n destacar, que Venegas perdi\u00f3 las elecciones a intendente el a\u00f1o pasado y hoy uno de sus concejales, Issin, lleva la voz cantante de esta \u2018comisi\u00f3n investigadora\u2019 y es un concejal que esta procesado por una supuesta apropiaci\u00f3n de bienes\u201d.<\/p>\n<p>\u201cConsideramos que las medidas que est\u00e1 llevando a cabo la oposici\u00f3n son de desgaste para con la gesti\u00f3n de Horacio Tellechea, porque es la primera vez que Necochea esta en sinton\u00eda con Naci\u00f3n y Provincia, y creo que eso genera cierta impotencia del \u2018Momo\u2019 Venegas\u201d, destac\u00f3 Lescano.<\/p>\n<p>\u201cPeg\u00e1ndole a un soldado de Cristina como es Tellechea, se le pega por elevaci\u00f3n a nuestra presidenta\u201d, concluy\u00f3.<\/p>\n","protected":false},"excerpt":{"rendered":"<p>NECOCHEA &#8211; Los concejales del FpV, Noem\u00ed Cesio y Luciano Lescano, aseguraron que la \u201ccomisi\u00f3n investigadora\u201d creada por la oposici\u00f3n en el Concejo Deliberante de Necochea es \u201cun intento de destituir al jefe comunal\u201d. El rol que juega Ger\u00f3nimo \u201cel Momo\u201d Venegas.<\/p>\n","protected":false},"author":11,"featured_media":0,"comment_status":"open","ping_status":"open","sticky":false,"template":"","format":"standard","meta":{"_jetpack_newsletter_access":"","_jetpack_dont_email_post_to_subs":false,"_jetpack_newsletter_tier_id":0,"_jetpack_memberships_contains_paywalled_content":false,"_jetpack_memberships_contains_paid_content":false,"footnotes":""},"categories":[51],"tags":[],"class_list":["post-4297","post","type-post","status-publish","format-standard","hentry","category-politica"],"jetpack_featured_media_url":"","jetpack_shortlink":"https:\/\/wp.me\/p2JWE0-17j","jetpack-related-posts":[{"id":7962,"url":"https:\/\/www.24baires.com\/?p=7962","url_meta":{"origin":4297,"position":0},"title":"La Suprema Corte se expedir\u00e1 sobre la suspensi\u00f3n por 90 d\u00edas a Tellechea","author":"AF","date":"05\/12\/2012","format":false,"excerpt":"Seg\u00fan explic\u00f3 el subsecretario de gobierno local, Horacio Castelli, tratar\u00e1 en simult\u00e1neo la suspensi\u00f3n preventiva al intendente de Necochea, Horacio Tellechea, por 90 d\u00edas determinada por la Comisi\u00f3n Investigadora, compuesta por los concejales de la oposici\u00f3n, y resolver\u00e1 la presentaci\u00f3n del Jefe Comunal en relaci\u00f3n al conflicto de poderes que\u2026","rel":"","context":"En \u00abPol\u00edtica\u00bb","block_context":{"text":"Pol\u00edtica","link":"https:\/\/www.24baires.com\/?cat=51"},"img":{"alt_text":"","src":"","width":0,"height":0},"classes":[]},{"id":8256,"url":"https:\/\/www.24baires.com\/?p=8256","url_meta":{"origin":4297,"position":1},"title":"Tellechea: \u00abEl primer tiro fue para nosotros, pero van por m\u00e1s\u00bb","author":"AF","date":"07\/12\/2012","format":false,"excerpt":"MIentras espera con expectativa una definici\u00f3n del m\u00e1ximo tribunal bonaerens, el Intendente habl\u00f3 sobre el proceso destituyente iniciado por la oposici\u00f3n. Asegur\u00f3 que las \u201ccabezas\u201d de la maniobra son los concejales Alejandro Issin y Alberto Esnaola, ambos vinculados al gremialista Ger\u00f3nimo \u201cMomo\u201d Venegas. \u201cEl primer tiro fue para nosotros, pero\u2026","rel":"","context":"En \u00abPol\u00edtica\u00bb","block_context":{"text":"Pol\u00edtica","link":"https:\/\/www.24baires.com\/?cat=51"},"img":{"alt_text":"","src":"","width":0,"height":0},"classes":[]},{"id":2619,"url":"https:\/\/www.24baires.com\/?p=2619","url_meta":{"origin":4297,"position":2},"title":"Tellechea resiste la zancadilla del \u201cMomo\u201d Venegas movilizando al kirchnerismo local","author":"Grupo Sierra","date":"19\/10\/2012","format":false,"excerpt":"NECOCHEA.-La agrupaci\u00f3n kirchnerista \u201cUnidos y Organizados\u201d prepara para esta fin de semana una caravana contra \u201cel golpe institucional\u201d en Necochea. Tras la conformaci\u00f3n de una comisi\u00f3n investigadora en el Concejo Deliberante local, el intendente recibi\u00f3 el apoyo de los gobiernos nacional y provincial. Scioli consider\u00f3 que se trata de \u201cmaniobras\u201d\u2026","rel":"","context":"En \u00abPol\u00edtica\u00bb","block_context":{"text":"Pol\u00edtica","link":"https:\/\/www.24baires.com\/?cat=51"},"img":{"alt_text":"","src":"https:\/\/i0.wp.com\/www.24baires.com\/wp-content\/uploads\/2012\/10\/tellechea-necochea-la.jpg?resize=350%2C200","width":350,"height":200,"srcset":"https:\/\/i0.wp.com\/www.24baires.com\/wp-content\/uploads\/2012\/10\/tellechea-necochea-la.jpg?resize=350%2C200 1x, https:\/\/i0.wp.com\/www.24baires.com\/wp-content\/uploads\/2012\/10\/tellechea-necochea-la.jpg?resize=525%2C300 1.5x"},"classes":[]},{"id":10052,"url":"https:\/\/www.24baires.com\/?p=10052","url_meta":{"origin":4297,"position":3},"title":"Tellechea: \u201cSe hizo justicia\u201d","author":"Grupo Sierra","date":"21\/12\/2012","format":false,"excerpt":"NECOCHEA - El intendente habl\u00f3 luego de que la Suprema Corte de Justicia desestimara el fallo de la Comisi\u00f3n Investigadora, creada por la oposici\u00f3n del Concejo Deliberante bajo el ala del gremialista Ger\u00f3nimo \u201cMomo\u201d Venegas. Para el Jefe Comunal, el fallo fue \u201cun duro rev\u00e9s para un claro intento golpe\u2026","rel":"","context":"En \u00abPol\u00edtica\u00bb","block_context":{"text":"Pol\u00edtica","link":"https:\/\/www.24baires.com\/?cat=51"},"img":{"alt_text":"","src":"","width":0,"height":0},"classes":[]},{"id":15700,"url":"https:\/\/www.24baires.com\/?p=15700","url_meta":{"origin":4297,"position":4},"title":"Tellechea presenta su apelaci\u00f3n ante la Suprema Corte bonaerense tras su destituci\u00f3n","author":"AF","date":"15\/02\/2013","format":false,"excerpt":"NECOCHEA - El intendente de Necochea, Horacio Tellechea, busca que el m\u00e1ximo tribunal de la Provincia revierta en los pr\u00f3ximos meses la destituci\u00f3n aprobada en el Concejo Deliberante local. \u201cLo que ocurri\u00f3 fue una crisis prefabricada por la oposici\u00f3n, ya que los concejales actuaron como jueces y parte en esto\u201d,\u2026","rel":"","context":"En \u00abMunicipios\u00bb","block_context":{"text":"Municipios","link":"https:\/\/www.24baires.com\/?cat=44"},"img":{"alt_text":"tellechea 24ba","src":"https:\/\/i0.wp.com\/www.24baires.com\/wp-content\/uploads\/2012\/12\/tellechea-24ba.jpg?resize=350%2C200","width":350,"height":200,"srcset":"https:\/\/i0.wp.com\/www.24baires.com\/wp-content\/uploads\/2012\/12\/tellechea-24ba.jpg?resize=350%2C200 1x, https:\/\/i0.wp.com\/www.24baires.com\/wp-content\/uploads\/2012\/12\/tellechea-24ba.jpg?resize=525%2C300 1.5x"},"classes":[]},{"id":19460,"url":"https:\/\/www.24baires.com\/?p=19460","url_meta":{"origin":4297,"position":5},"title":"Intendente interino en Necochea: \u201cVidal va por un camino diferente al que nosotros fuimos\u201d","author":"AF","date":"27\/03\/2013","format":false,"excerpt":"Lo dijo la concejal del FpV, Noem\u00ed Cesio, en referencia a la asunci\u00f3n de Jos\u00e9 Luis Vidal como intendente interino y su decisi\u00f3n de \u201creconstruir el di\u00e1logo con la oposici\u00f3n\u201d. Horacio Tellechea fue suspendido por tres meses por la Suprema Corte, gracias a las \u201cmaniobras destituyentes\u201d de los ediles de\u2026","rel":"","context":"En \u00abLocales\u00bb","block_context":{"text":"Locales","link":"https:\/\/www.24baires.com\/?cat=38"},"img":{"alt_text":"cesio noemi","src":"https:\/\/i0.wp.com\/www.24baires.com\/wp-content\/uploads\/2013\/03\/cesio-noemi.jpg?resize=350%2C200","width":350,"height":200,"srcset":"https:\/\/i0.wp.com\/www.24baires.com\/wp-content\/uploads\/2013\/03\/cesio-noemi.jpg?resize=350%2C200 1x, https:\/\/i0.wp.com\/www.24baires.com\/wp-content\/uploads\/2013\/03\/cesio-noemi.jpg?resize=525%2C300 1.5x"},"classes":[]}],"jetpack_sharing_enabled":true,"jetpack_likes_enabled":true,"_links":{"self":[{"href":"https:\/\/www.24baires.com\/index.php?rest_route=\/wp\/v2\/posts\/4297","targetHints":{"allow":["GET"]}}],"collection":[{"href":"https:\/\/www.24baires.com\/index.php?rest_route=\/wp\/v2\/posts"}],"about":[{"href":"https:\/\/www.24baires.com\/index.php?rest_route=\/wp\/v2\/types\/post"}],"author":[{"embeddable":true,"href":"https:\/\/www.24baires.com\/index.php?rest_route=\/wp\/v2\/users\/11"}],"replies":[{"embeddable":true,"href":"https:\/\/www.24baires.com\/index.php?rest_route=%2Fwp%2Fv2%2Fcomments&post=4297"}],"version-history":[{"count":2,"href":"https:\/\/www.24baires.com\/index.php?rest_route=\/wp\/v2\/posts\/4297\/revisions"}],"predecessor-version":[{"id":4299,"href":"https:\/\/www.24baires.com\/index.php?rest_route=\/wp\/v2\/posts\/4297\/revisions\/4299"}],"wp:attachment":[{"href":"https:\/\/www.24baires.com\/index.php?rest_route=%2Fwp%2Fv2%2Fmedia&parent=4297"}],"wp:term":[{"taxonomy":"category","embeddable":true,"href":"https:\/\/www.24baires.com\/index.php?rest_route=%2Fwp%2Fv2%2Fcategories&post=4297"},{"taxonomy":"post_tag","embeddable":true,"href":"https:\/\/www.24baires.com\/index.php?rest_route=%2Fwp%2Fv2%2Ftags&post=4297"}],"curies":[{"name":"wp","href":"https:\/\/api.w.org\/{rel}","templated":true}]}}