{"id":42962,"date":"2014-03-28T19:45:03","date_gmt":"2014-03-28T22:45:03","guid":{"rendered":"http:\/\/www.24baires.com\/?p=42962"},"modified":"2014-03-28T19:38:47","modified_gmt":"2014-03-28T22:38:47","slug":"vecinos-justicieros-vecinos-asesinos","status":"publish","type":"post","link":"https:\/\/www.24baires.com\/?p=42962","title":{"rendered":"Vecinos \u201cjusticieros\u201d, vecinos asesinos"},"content":{"rendered":"<p><img data-recalc-dims=\"1\" loading=\"lazy\" decoding=\"async\" class=\"aligncenter size-full wp-image-42963\" alt=\"vecinos justicieros\" src=\"https:\/\/i0.wp.com\/www.24baires.com\/wp-content\/uploads\/2014\/03\/vecinos-justicieros.jpg?resize=560%2C312\" width=\"560\" height=\"312\" srcset=\"https:\/\/i0.wp.com\/www.24baires.com\/wp-content\/uploads\/2014\/03\/vecinos-justicieros.jpg?w=560&amp;ssl=1 560w, https:\/\/i0.wp.com\/www.24baires.com\/wp-content\/uploads\/2014\/03\/vecinos-justicieros.jpg?resize=300%2C167&amp;ssl=1 300w\" sizes=\"auto, (max-width: 560px) 100vw, 560px\" \/>\u201cEl que mata debe morir\u201d, dijo alguna vez Susana Gim\u00e9nez en un rapto de absurda venganza al estilo de la m\u00e1s b\u00e1sica interpretaci\u00f3n de la Ley del Tali\u00f3n. Ahora, el que roba, \u00bftambi\u00e9n debe morir?<!--more--><\/p>\n<p>Un adolescente de 18 a\u00f1os falleci\u00f3 este martes tras permanecer varios d\u00edas internado en estado grave, luego de que un grupo de vecinos del barrio Azcu\u00e9naga, en la ciudad de Rosario, lo golpearan hasta matarlo. El justificativo fue que minutos antes de la salvaje golpiza, este chico le hab\u00eda arrebatado la cartera a una mujer.<\/p>\n<p>Y yo escribo esto y hay personas que quiz\u00e1 se alegren, personas que quiz\u00e1 suscribieron a las irresponsables palabras de la comunicadora que sol\u00eda atender tel\u00e9fonos y sortear millones. De seguro hay personas que piensan o se animan a decir \u201cuno menos\u201d, los he escuchado en otras oportunidades. Personas que no lamentan que David Moreira, de apenas 18 a\u00f1os, haya sido muerto a golpes a manos de un grupo de cincuenta cobardes que actuaron bajo el cobijo indigno del anonimato que provee la turba iracunda.<\/p>\n<p>En la ciudad de Rosario, cuna pol\u00edtica de dirigentes de talla nacional, como Hermes Binner, adem\u00e1s del grav\u00edsimo problema del narcotr\u00e1fico que est\u00e1 desatado y parece no poder ser controlado por los poderes provinciales, esta semana atraves\u00f3 tres casos similares: grupos de, pong\u00e1mosle, vecinos, que intentaron linchar a ladrones: dos chicos hu\u00edan en moto luego de un robo, chocaron contra un taxi y uno de ellos fue golpeado en el suelo y herido gravemente; otro, de 21 a\u00f1os, termin\u00f3 internado tambi\u00e9n grave luego de que sustrajera las carteras de dos mujeres. Y David, que pereci\u00f3 luego de la paliza, cosa que de seguro era el objetivo de los que se la propinaron, que lo dejaron tendido en el suelo con la cabeza partida, perdiendo masa encef\u00e1lica.<\/p>\n<p>Pero TN, canal de noticias y punta de lanza televisiva del Grupo Clar\u00edn, lo vio como un acto de reparaci\u00f3n y lo titul\u00f3 \u201cVecinos justicieros\u201d. \u00bfQu\u00e9 forma retorcida de la justicia puede ser esa? No me voy a detener aqu\u00ed en lo que pienso del oligopolio medi\u00e1tico, de su participaci\u00f3n activa en la dictadura y de sus sucesivos intentos de desestabilizaci\u00f3n a la democracia, pero es insostenible que llamen justicia al asesinato de un pibe a golpes, de a cincuenta. Los que matan a patadas y se van, son vecinos que \u201chacen justicia por sus propias manos\u201d, y el chico muerto, \u00bfqu\u00e9 era? Hay una cosificaci\u00f3n del otro muy peligrosa, que lo desprende demasiado de los dem\u00e1s, que lo inhumaniza y que lo expone a sufrir en cuerpo propio la violencia m\u00e1s atroz. Un alejamiento, un extra\u00f1amiento que permite hasta no sentir culpa al partirle el cr\u00e1neo de un puntapi\u00e9, porque no es yo, porque no es nosotros, porque es un ladr\u00f3n, porque no es humano.<\/p>\n<p>Y tenemos la otra violencia expl\u00edcita, la difundida por los medios que ponderan esta aberraci\u00f3n. Que llama \u201cjusticieros\u201d a esta patota de criminales impunes. Esos postulados medi\u00e1ticos, que no son inocuos, que no son ingenuos, est\u00e1n pensados para promover esa violencia, para azuzarla.<\/p>\n<p>Pero como en tantas otras cosas debemos tener nuestra propia visi\u00f3n, filtrar lo que vemos, lo que leemos, lo que nos dicen, porque si naturalizamos estas pr\u00e1cticas siniestras, estamos perdidos. Si apoyamos que te maten a pi\u00f1as en grupo porque robaste una cartera, la justicia no est\u00e1 lejos, est\u00e1 directamente en otra dimensi\u00f3n.<\/p>\n<p>La vida y su preciosidad tienen que ser objeto de cuidado, no la moneda de cambio de nuestras frustraciones, de nuestra bronca, de nuestra impotencia ante una realidad dura. De a muchos, an\u00f3nimos, golpeando hasta matar a un chico, no solucionamos nada, pero empeoramos todo. \u201cSi creyeron que rob\u00f3, lo tendr\u00edan que haber llevado a la comisar\u00eda\u201d, dijo desde el peor dolor la mam\u00e1 de David Moreira. A nadie le gusta que lo roben, eso no hace falta ni escribirlo, pero si hacemos la vista gorda con estas cuestiones, como si no pasaran, estamos naturalizando la barbarie, el odio, la violencia. Quiz\u00e1 algunos puedan, yo me niego a mirar para otro lado, me niego a creer que eso es justicia, me resisto a la idea de que no hay que oponerse con firmeza a estos hechos, porque era un ladr\u00f3n y no un asalariado, me resisto a la idea de que otras muertes sean m\u00e1s importantes, o duelan m\u00e1s, porque ese es justamente el momento en que empezamos a separarlo del nosotros, a ponerlo lo m\u00e1s lejos posible de nuestra sociedad, y ah\u00ed es cuando comenzamos a dar el visto bueno para que las patadas y las pi\u00f1as an\u00f3nimas empiecen a llover con sa\u00f1a.<\/p>\n<p>&nbsp;<\/p>\n<p>&nbsp;<\/p>\n<p>&nbsp;<\/p>\n<p>&nbsp;<\/p>\n<p>&nbsp;<\/p>\n<p>&nbsp;<\/p>\n<p>&nbsp;<\/p>\n<p>&nbsp;<\/p>\n<p>&nbsp;<\/p>\n","protected":false},"excerpt":{"rendered":"<p>\u201cEl que mata debe morir\u201d, dijo alguna vez Susana Gim\u00e9nez en un rapto de absurda venganza al estilo de la m\u00e1s b\u00e1sica interpretaci\u00f3n de la Ley del Tali\u00f3n. Ahora, el que roba, \u00bftambi\u00e9n debe morir?<\/p>\n","protected":false},"author":11,"featured_media":0,"comment_status":"open","ping_status":"open","sticky":false,"template":"","format":"standard","meta":{"_jetpack_newsletter_access":"","_jetpack_dont_email_post_to_subs":false,"_jetpack_newsletter_tier_id":0,"_jetpack_memberships_contains_paywalled_content":false,"_jetpack_memberships_contains_paid_content":false,"footnotes":""},"categories":[64],"tags":[],"class_list":["post-42962","post","type-post","status-publish","format-standard","hentry","category-opinion"],"jetpack_featured_media_url":"","jetpack_shortlink":"https:\/\/wp.me\/p2JWE0-baW","jetpack-related-posts":[{"id":101336,"url":"https:\/\/www.24baires.com\/?p=101336","url_meta":{"origin":42962,"position":0},"title":"Almirante Brown: dio marcha atr\u00e1s, se incrust\u00f3 en una casa y mat\u00f3 a una vecina","author":"AF","date":"28\/03\/2018","format":false,"excerpt":"El hombre que caus\u00f3 la tragedia sal\u00eda de su vivienda y, tras un movimiento brusco, embisti\u00f3 contra el hogar de una vecina. Hiri\u00f3 tambi\u00e9n a una nena de 5 a\u00f1os. Un hombre dio marcha atr\u00e1 con su auto al salir de su casa en Almirante Brown y con un movimiento\u2026","rel":"","context":"En \u00abPoliciales\u00bb","block_context":{"text":"Policiales","link":"https:\/\/www.24baires.com\/?cat=49"},"img":{"alt_text":"","src":"https:\/\/i0.wp.com\/www.24baires.com\/wp-content\/uploads\/2018\/03\/captura-c5n.jpg?resize=350%2C200","width":350,"height":200,"srcset":"https:\/\/i0.wp.com\/www.24baires.com\/wp-content\/uploads\/2018\/03\/captura-c5n.jpg?resize=350%2C200 1x, https:\/\/i0.wp.com\/www.24baires.com\/wp-content\/uploads\/2018\/03\/captura-c5n.jpg?resize=525%2C300 1.5x"},"classes":[]},{"id":32015,"url":"https:\/\/www.24baires.com\/?p=32015","url_meta":{"origin":42962,"position":1},"title":"La Matanza: comienza el juicio por el linchamiento y asesinato de Lucas Navarro","author":"AF","date":"17\/09\/2013","format":false,"excerpt":"Ten\u00eda 15 a\u00f1os y un arma de juguete en la mano. Hombres y mujeres del barrio Los Pinos, en La Matanza, lo golpearon hasta matarlo. Gast\u00f3n Ronda, Horacio Ronda, Adri\u00e1n Gonz\u00e1lez y Norberto Gonz\u00e1lez -padre e hijo respectivamente-est\u00e1n siendo juzgados por su muerte. Lucas Emmanuel Navarro tendr\u00eda hoy 18 a\u00f1os.\u2026","rel":"","context":"En \u00abSociedad\u00bb","block_context":{"text":"Sociedad","link":"https:\/\/www.24baires.com\/?cat=1"},"img":{"alt_text":"lucas navarro","src":"https:\/\/i0.wp.com\/www.24baires.com\/wp-content\/uploads\/2013\/09\/lucas-navarro.jpg?resize=350%2C200","width":350,"height":200,"srcset":"https:\/\/i0.wp.com\/www.24baires.com\/wp-content\/uploads\/2013\/09\/lucas-navarro.jpg?resize=350%2C200 1x, https:\/\/i0.wp.com\/www.24baires.com\/wp-content\/uploads\/2013\/09\/lucas-navarro.jpg?resize=525%2C300 1.5x"},"classes":[]},{"id":80260,"url":"https:\/\/www.24baires.com\/?p=80260","url_meta":{"origin":42962,"position":2},"title":"Laferrere: un patrullero se incrust\u00f3 en una casa y mat\u00f3 a un hombre que dorm\u00eda","author":"AF","date":"17\/03\/2016","format":false,"excerpt":"Un hombre muri\u00f3 mientras dorm\u00eda en su casa aplastado por un camioneta policial que se incrust\u00f3 en su vivienda en Laferrere. Ocurri\u00f3 cerca de las cinco de la madrugada. El accidente ocurri\u00f3 cerca de las cinco de la madrugada en La Bastilla y El Campo, de esa localidad del partido\u2026","rel":"","context":"En \u00abPoliciales\u00bb","block_context":{"text":"Policiales","link":"https:\/\/www.24baires.com\/?cat=49"},"img":{"alt_text":"","src":"","width":0,"height":0},"classes":[]},{"id":63474,"url":"https:\/\/www.24baires.com\/?p=63474","url_meta":{"origin":42962,"position":3},"title":"Vecinos de Quilmes marcharon por la \u00abineficacia\u00bb de las patrullas comunitarias","author":"GB","date":"22\/03\/2015","format":false,"excerpt":"Cientos de personas marcharon hac\u00eda la sede del Comando de Prevenci\u00f3n Comunitaria para repudiar la \"ineficacia\" que tiene el sistema de prevenci\u00f3n. \"Estamos cansados de ver como los polic\u00edas duermen en los patrulleros. Si ellos estuvieran en las calles, los delincuentes no ser\u00edan los due\u00f1os de las calles y a\u2026","rel":"","context":"En \u00abMunicipios\u00bb","block_context":{"text":"Municipios","link":"https:\/\/www.24baires.com\/?cat=44"},"img":{"alt_text":"","src":"","width":0,"height":0},"classes":[]},{"id":8118,"url":"https:\/\/www.24baires.com\/?p=8118","url_meta":{"origin":42962,"position":4},"title":"&#8216;Pacto de silencio&#8217; entre los vecinos que lincharon y mataron a un violador","author":"AF","date":"06\/12\/2012","format":false,"excerpt":"MAR DEL PLATA - La Justicia no tiene indicios sobre los autores del asesinato de un hombre a quien descubrieron a punto de violar a una nena de 5 a\u00f1os. Los vecinos del barrio que lo habr\u00edan linchado no hablan del hecho. La autopsia determin\u00f3 que el hombre muri\u00f3 como\u2026","rel":"","context":"En \u00abPoliciales\u00bb","block_context":{"text":"Policiales","link":"https:\/\/www.24baires.com\/?cat=49"},"img":{"alt_text":"","src":"","width":0,"height":0},"classes":[]},{"id":92786,"url":"https:\/\/www.24baires.com\/?p=92786","url_meta":{"origin":42962,"position":5},"title":"El asesino de Banfield era admirador de Barreda","author":"AF","date":"03\/03\/2017","format":false,"excerpt":"\u201cVoy a matar a mi hermana, a mi mam\u00e1 y despu\u00e9s me mato yo\u201d. Ariel Sant\u00e1ngelo (43) ven\u00eda planificando la masacre desde hace por lo menos seis a\u00f1os. As\u00ed lo aseguran distintos conocidos y amigos del hombre que asesin\u00f3 a tres personas, entre ellas su hermana Mabel (59) y luego\u2026","rel":"","context":"En \u00abPoliciales\u00bb","block_context":{"text":"Policiales","link":"https:\/\/www.24baires.com\/?cat=49"},"img":{"alt_text":"","src":"https:\/\/i0.wp.com\/www.24baires.com\/wp-content\/uploads\/2017\/03\/HkSzpCIcg_930x525.jpg?resize=350%2C200","width":350,"height":200,"srcset":"https:\/\/i0.wp.com\/www.24baires.com\/wp-content\/uploads\/2017\/03\/HkSzpCIcg_930x525.jpg?resize=350%2C200 1x, https:\/\/i0.wp.com\/www.24baires.com\/wp-content\/uploads\/2017\/03\/HkSzpCIcg_930x525.jpg?resize=525%2C300 1.5x"},"classes":[]}],"jetpack_sharing_enabled":true,"jetpack_likes_enabled":true,"_links":{"self":[{"href":"https:\/\/www.24baires.com\/index.php?rest_route=\/wp\/v2\/posts\/42962","targetHints":{"allow":["GET"]}}],"collection":[{"href":"https:\/\/www.24baires.com\/index.php?rest_route=\/wp\/v2\/posts"}],"about":[{"href":"https:\/\/www.24baires.com\/index.php?rest_route=\/wp\/v2\/types\/post"}],"author":[{"embeddable":true,"href":"https:\/\/www.24baires.com\/index.php?rest_route=\/wp\/v2\/users\/11"}],"replies":[{"embeddable":true,"href":"https:\/\/www.24baires.com\/index.php?rest_route=%2Fwp%2Fv2%2Fcomments&post=42962"}],"version-history":[{"count":1,"href":"https:\/\/www.24baires.com\/index.php?rest_route=\/wp\/v2\/posts\/42962\/revisions"}],"predecessor-version":[{"id":42964,"href":"https:\/\/www.24baires.com\/index.php?rest_route=\/wp\/v2\/posts\/42962\/revisions\/42964"}],"wp:attachment":[{"href":"https:\/\/www.24baires.com\/index.php?rest_route=%2Fwp%2Fv2%2Fmedia&parent=42962"}],"wp:term":[{"taxonomy":"category","embeddable":true,"href":"https:\/\/www.24baires.com\/index.php?rest_route=%2Fwp%2Fv2%2Fcategories&post=42962"},{"taxonomy":"post_tag","embeddable":true,"href":"https:\/\/www.24baires.com\/index.php?rest_route=%2Fwp%2Fv2%2Ftags&post=42962"}],"curies":[{"name":"wp","href":"https:\/\/api.w.org\/{rel}","templated":true}]}}