{"id":4294,"date":"2012-11-03T12:32:20","date_gmt":"2012-11-03T15:32:20","guid":{"rendered":"http:\/\/www.24baires.com\/?p=4294"},"modified":"2012-11-03T12:32:20","modified_gmt":"2012-11-03T15:32:20","slug":"se-realizo-en-azul-un-encuentro-regional-contra-el-maltrato-infantil","status":"publish","type":"post","link":"https:\/\/www.24baires.com\/?p=4294","title":{"rendered":"Se realiz\u00f3 en Azul un encuentro regional contra el maltrato infantil"},"content":{"rendered":"<p>La Comisi\u00f3n Interministerial de Promoci\u00f3n y Protecci\u00f3n de los Derechos del Ni\u00f1o de la Provincia y la organizaci\u00f3n internacional Unicef con sede en Argentina realizaron en Azul un nuevo Encuentro Regional denominado \u201cHacia un Plan de Prevenci\u00f3n, Atenci\u00f3n y Erradicaci\u00f3n de la Violencia contra la Ni\u00f1ez y Adolescencia\u201d, donde estuvieron presentes profesionales que trabajan en el abordaje de estas situaciones de 11 municipios del centro de la Provincia.<!--more--><\/p>\n<p>La jornada se desarroll\u00f3 en el Campus Universitario de la Facultad de Derecho de esa ciudad con representantes de Salud, Derechos Humanos, Juzgados, Seguridad, Educaci\u00f3n, Ni\u00f1ez y Adolescencia de los municipios de Olavarr\u00eda, Laprida, General La Madrid, Las Heras, Las Flores, Tapalqu\u00e9, Alvear, Tandil, Rauch, Ju\u00e1rez y el municipio local.<\/p>\n<p>Los encuentros regionales conjuntos entre la Comisi\u00f3n, que coordina la Secretar\u00eda de Ni\u00f1ez y Adolescencia provincial, a cargo de Pablo Navarro, y Unicef buscan elaborar un protocolo y gu\u00eda de recursos institucionales para el abordaje, prevenci\u00f3n y erradicaci\u00f3n de la violencia contra ni\u00f1os, ni\u00f1os y adolescentes.<\/p>\n<p>La presentaci\u00f3n de este nuevo encuentro estuvo encabezada por el subsecretario de Promoci\u00f3n y Protecci\u00f3n de Derechos de esta cartera, Sebasti\u00e1n Gastelu, quien sostuvo que \u201clas experiencias de los actores involucrados en la atenci\u00f3n de situaciones de maltrato infantil de todos los puntos de la Provincia ser\u00e1n claves para poder organizar y sistematizar un protocolo de acci\u00f3n que nos permita aunar criterios sin perder de vista las realidades locales\u201d.<\/p>\n<p>De la mesa principal tambi\u00e9n participaron la directora provincial de promoci\u00f3n y protecci\u00f3n de Derechos de esta secretar\u00eda, Cecilia Tom\u00e9, la directora general de Pol\u00edticas de G\u00e9nero del Ministerio de Seguridad, Ana Suppa, funcionarios de Salud del municipio, entre otras autoridades provinciales y locales.<\/p>\n","protected":false},"excerpt":{"rendered":"<p>La Comisi\u00f3n Interministerial de Promoci\u00f3n y Protecci\u00f3n de los Derechos del Ni\u00f1o de la Provincia y la organizaci\u00f3n internacional Unicef con sede en Argentina realizaron en Azul un nuevo Encuentro Regional denominado \u201cHacia un Plan de Prevenci\u00f3n, Atenci\u00f3n y Erradicaci\u00f3n de la Violencia contra la Ni\u00f1ez y Adolescencia\u201d, donde estuvieron presentes profesionales que trabajan en el abordaje de estas situaciones [&#8230;]<\/p>\n","protected":false},"author":4,"featured_media":0,"comment_status":"open","ping_status":"open","sticky":false,"template":"","format":"standard","meta":{"_jetpack_newsletter_access":"","_jetpack_dont_email_post_to_subs":false,"_jetpack_newsletter_tier_id":0,"_jetpack_memberships_contains_paywalled_content":false,"_jetpack_memberships_contains_paid_content":false,"footnotes":""},"categories":[1],"tags":[],"class_list":["post-4294","post","type-post","status-publish","format-standard","hentry","category-sociedad"],"jetpack_featured_media_url":"","jetpack_shortlink":"https:\/\/wp.me\/p2JWE0-17g","jetpack-related-posts":[{"id":54590,"url":"https:\/\/www.24baires.com\/?p=54590","url_meta":{"origin":4294,"position":0},"title":"Presos reparan muebles de escuelas en Azul","author":"GB","date":"01\/10\/2014","format":false,"excerpt":"Un grupo de j\u00f3venes en conflicto con la ley penal participan de un espacio de formaci\u00f3n laboral en el que ponen en valor sillas, mesas, escritorios y pupitres de diferentes instituciones educativas locales. Los reclusos se encuentran alojados en el Centro Cerrado Leopoldo Lugones de Azul, dependiente de la Secretar\u00eda\u2026","rel":"","context":"En \u00abMunicipios\u00bb","block_context":{"text":"Municipios","link":"https:\/\/www.24baires.com\/?cat=44"},"img":{"alt_text":"presos azul","src":"https:\/\/i0.wp.com\/www.24baires.com\/wp-content\/uploads\/2014\/10\/presos-azul.jpg?resize=350%2C200","width":350,"height":200},"classes":[]},{"id":101618,"url":"https:\/\/www.24baires.com\/?p=101618","url_meta":{"origin":4294,"position":1},"title":"Preocupante: se registra un caso de abuso infantil cada dos horas en la Provincia","author":"GB","date":"16\/04\/2018","format":false,"excerpt":"A ra\u00edz de un pedido de la Defensor\u00eda del Pueblos, el Organismo Provincial de la Ni\u00f1ez y la Adolescencia brind\u00f3 datos que encendieron las alarmas debido a la complejidad de la situaci\u00f3n. A trav\u00e9s de datos aportados por el Organismo Provincial de la Ni\u00f1ez y la Adolescencia a partir de\u2026","rel":"","context":"En \u00abSociedad\u00bb","block_context":{"text":"Sociedad","link":"https:\/\/www.24baires.com\/?cat=1"},"img":{"alt_text":"","src":"https:\/\/i0.wp.com\/www.24baires.com\/wp-content\/uploads\/2013\/04\/ni%C3%B1o-agredido.jpg?resize=350%2C200","width":350,"height":200,"srcset":"https:\/\/i0.wp.com\/www.24baires.com\/wp-content\/uploads\/2013\/04\/ni%C3%B1o-agredido.jpg?resize=350%2C200 1x, https:\/\/i0.wp.com\/www.24baires.com\/wp-content\/uploads\/2013\/04\/ni%C3%B1o-agredido.jpg?resize=525%2C300 1.5x"},"classes":[]},{"id":51294,"url":"https:\/\/www.24baires.com\/?p=51294","url_meta":{"origin":4294,"position":2},"title":"La provincia dice \u00abBasta de Violencia\u00bb ante el maltrato infantil","author":"Grupo Sierra","date":"06\/08\/2014","format":false,"excerpt":"En la jornada, que se realiz\u00f3 en la Biblioteca Provincial \"Ernesto S\u00e1bato\" de la ciudad, se definieron los planes de acci\u00f3n en 40 municipios para combatir la problem\u00e1tica junto a la Comisi\u00f3n Interministerial de Promoci\u00f3n y Protecci\u00f3n de los Derechos del Ni\u00f1o. La Comisi\u00f3n Interministerial de Promoci\u00f3n y Protecci\u00f3n de\u2026","rel":"","context":"En \u00abProvincia\u00bb","block_context":{"text":"Provincia","link":"https:\/\/www.24baires.com\/?cat=40"},"img":{"alt_text":"maltrato infantil","src":"https:\/\/i0.wp.com\/www.24baires.com\/wp-content\/uploads\/2013\/09\/maltrato-infantil.jpg?resize=350%2C200","width":350,"height":200,"srcset":"https:\/\/i0.wp.com\/www.24baires.com\/wp-content\/uploads\/2013\/09\/maltrato-infantil.jpg?resize=350%2C200 1x, https:\/\/i0.wp.com\/www.24baires.com\/wp-content\/uploads\/2013\/09\/maltrato-infantil.jpg?resize=525%2C300 1.5x"},"classes":[]},{"id":123006,"url":"https:\/\/www.24baires.com\/?p=123006","url_meta":{"origin":4294,"position":3},"title":"La Provincia firm\u00f3 convenios con Castelli para obras y programas sociales","author":"GB","date":"17\/04\/2026","format":false,"excerpt":"Los acuerdos incluyen fondos para un club, becas para personas mayores y refuerzo a espacios de ni\u00f1ez. El gobierno bonaerense avanz\u00f3 con una nueva tanda de convenios en Castelli que implican una inversi\u00f3n superior a los 130 millones de pesos, con foco en infraestructura comunitaria y programas sociales. Los acuerdos\u2026","rel":"","context":"En \u00abProvincia\u00bb","block_context":{"text":"Provincia","link":"https:\/\/www.24baires.com\/?cat=40"},"img":{"alt_text":"","src":"https:\/\/i0.wp.com\/www.24baires.com\/wp-content\/uploads\/2026\/04\/castelli.webp?resize=350%2C200","width":350,"height":200,"srcset":"https:\/\/i0.wp.com\/www.24baires.com\/wp-content\/uploads\/2026\/04\/castelli.webp?resize=350%2C200 1x, https:\/\/i0.wp.com\/www.24baires.com\/wp-content\/uploads\/2026\/04\/castelli.webp?resize=525%2C300 1.5x, https:\/\/i0.wp.com\/www.24baires.com\/wp-content\/uploads\/2026\/04\/castelli.webp?resize=700%2C400 2x"},"classes":[]},{"id":56937,"url":"https:\/\/www.24baires.com\/?p=56937","url_meta":{"origin":4294,"position":4},"title":"Llamar\u00e1n a familias transitorias dispuestas a recibir ni\u00f1os sin cuidados parentales","author":"GB","date":"11\/11\/2014","format":false,"excerpt":"La Provincia de Buenos Aires present\u00f3 hoy un programa de Familias Comunitarias dispuestas a recibir ni\u00f1os sin cuidados parentales que est\u00e9n bajo una medida de protecci\u00f3n especial transitoria. La presentaci\u00f3n se realiz\u00f3 en el marco de las Jornadas de Desarrollo Territorial de Pol\u00edticas de Ni\u00f1ez, que se realizan hoy y\u2026","rel":"","context":"En \u00abSociedad\u00bb","block_context":{"text":"Sociedad","link":"https:\/\/www.24baires.com\/?cat=1"},"img":{"alt_text":"","src":"","width":0,"height":0},"classes":[]},{"id":32359,"url":"https:\/\/www.24baires.com\/?p=32359","url_meta":{"origin":4294,"position":5},"title":"Comenzar\u00e1 a funcionar el programa \u00abOperadores de calle\u00bb en Lomas de Zamora","author":"AF","date":"24\/09\/2013","format":false,"excerpt":"La municipalidad de Lomas de Zamora, firm\u00f3 con la Secretar\u00eda de Ni\u00f1ez y Adolescencia, un convenio para el desarrollo del programa Operadores de Calle en ese distrito, una iniciativa de esta cartera provincial que tiene como objetivo la promoci\u00f3n y protecci\u00f3n de los derechos de los ni\u00f1os, ni\u00f1as y adolescentes.\u2026","rel":"","context":"En \u00abLocales\u00bb","block_context":{"text":"Locales","link":"https:\/\/www.24baires.com\/?cat=38"},"img":{"alt_text":"operadores calle lomas","src":"https:\/\/i0.wp.com\/www.24baires.com\/wp-content\/uploads\/2013\/09\/operadores-calle-lomas.jpg?resize=350%2C200","width":350,"height":200},"classes":[]}],"jetpack_sharing_enabled":true,"jetpack_likes_enabled":true,"_links":{"self":[{"href":"https:\/\/www.24baires.com\/index.php?rest_route=\/wp\/v2\/posts\/4294","targetHints":{"allow":["GET"]}}],"collection":[{"href":"https:\/\/www.24baires.com\/index.php?rest_route=\/wp\/v2\/posts"}],"about":[{"href":"https:\/\/www.24baires.com\/index.php?rest_route=\/wp\/v2\/types\/post"}],"author":[{"embeddable":true,"href":"https:\/\/www.24baires.com\/index.php?rest_route=\/wp\/v2\/users\/4"}],"replies":[{"embeddable":true,"href":"https:\/\/www.24baires.com\/index.php?rest_route=%2Fwp%2Fv2%2Fcomments&post=4294"}],"version-history":[{"count":2,"href":"https:\/\/www.24baires.com\/index.php?rest_route=\/wp\/v2\/posts\/4294\/revisions"}],"predecessor-version":[{"id":4296,"href":"https:\/\/www.24baires.com\/index.php?rest_route=\/wp\/v2\/posts\/4294\/revisions\/4296"}],"wp:attachment":[{"href":"https:\/\/www.24baires.com\/index.php?rest_route=%2Fwp%2Fv2%2Fmedia&parent=4294"}],"wp:term":[{"taxonomy":"category","embeddable":true,"href":"https:\/\/www.24baires.com\/index.php?rest_route=%2Fwp%2Fv2%2Fcategories&post=4294"},{"taxonomy":"post_tag","embeddable":true,"href":"https:\/\/www.24baires.com\/index.php?rest_route=%2Fwp%2Fv2%2Ftags&post=4294"}],"curies":[{"name":"wp","href":"https:\/\/api.w.org\/{rel}","templated":true}]}}