{"id":4290,"date":"2012-11-03T12:08:48","date_gmt":"2012-11-03T15:08:48","guid":{"rendered":"http:\/\/www.24baires.com\/?p=4290"},"modified":"2012-11-03T12:08:48","modified_gmt":"2012-11-03T15:08:48","slug":"ponen-en-marcha-campana-de-deteccion-temprana-del-autismo-en-mar-del-plata","status":"publish","type":"post","link":"https:\/\/www.24baires.com\/?p=4290","title":{"rendered":"Ponen en marcha campa\u00f1a de detecci\u00f3n temprana del autismo en Mar del Plata"},"content":{"rendered":"<p><img data-recalc-dims=\"1\" loading=\"lazy\" decoding=\"async\" class=\"alignleft size-medium wp-image-4291\" title=\"Collia\" src=\"https:\/\/i0.wp.com\/www.24baires.com\/wp-content\/uploads\/2012\/11\/Collia.jpg?resize=300%2C198\" alt=\"\" width=\"300\" height=\"198\" srcset=\"https:\/\/i0.wp.com\/www.24baires.com\/wp-content\/uploads\/2012\/11\/Collia.jpg?resize=300%2C198&amp;ssl=1 300w, https:\/\/i0.wp.com\/www.24baires.com\/wp-content\/uploads\/2012\/11\/Collia.jpg?w=560&amp;ssl=1 560w\" sizes=\"auto, (max-width: 300px) 100vw, 300px\" \/>El ministro de Salud de la Provincia, Alejandro Collia,particip\u00f3 el viernes del Primer Simposio del Instituto Gironzi, especializado en Trastornos del Espectro Autista, sobre intervenciones intedisciplinarias para el abordaje de los chicos afectados.\u00a0Participaron m\u00e1s de 350 inscriptos entre m\u00e9dicos, profesionales y familiares de pacientes. En ese marco se lanz\u00f3 una campa\u00f1a de concientizaci\u00f3n y prevenci\u00f3n de estos trastornos, que llevar\u00e1n a cabo los Institutos Gironzi y Espacio Vital junto con la cartera \u00a0sanitaria provincial.<!--more--><\/p>\n<p>\u201cLa iniciativa contempla la capacitaci\u00f3n permanente de los pediatras para que puedan, mediante estudios espec\u00edficos, detectar algunos signos de TEA a tiempo y as\u00ed prevenirlo\u201d, explic\u00f3 M\u00f3nica Cano, directora del Gironzi.<\/p>\n<p>Los \u00faltimos datos de los Centros de Prevenci\u00f3n y Control de Enfermedades (CDC) de los Estados Unidos afirman que se detecta en 1 cada 88 chicos cuando hasta el a\u00f1o pasado se hablaba de 1 de cada 110. Comprenden una serie de afecciones que tienen en com\u00fan problemas de integraci\u00f3n social, del lenguaje, conductas repetitivas e intereses restringidos.<\/p>\n<p>La cartera sanitaria reglament\u00f3 la ley provincial 14.191, que crea un sistema de protecci\u00f3n de las personas que padecen Trastornos Generalizados del Desarrollo (TGD) y del Espectro Autista (TEA), clasificaci\u00f3n que incluye al Autismo, los s\u00edndromes de Rett y Asperger, el llamado TGD no Especificado y el Trastorno Desintegrativo.<\/p>\n<p>Si durante los dos primeros a\u00f1os de vida un chico no se\u00f1ala lo que quiere, no mira lo que le se\u00f1alan, no responde a su nombre y se muestra como ausente, los padres deben consultar al pediatra porque puede tratarse de un TGD o un trastorno del espectro autista.<\/p>\n","protected":false},"excerpt":{"rendered":"<p>El ministro de Salud de la Provincia, Alejandro Collia,particip\u00f3 el viernes del Primer Simposio del Instituto Gironzi, especializado en Trastornos del Espectro Autista, sobre intervenciones intedisciplinarias para el abordaje de los chicos afectados.\u00a0Participaron m\u00e1s de 350 inscriptos entre m\u00e9dicos, profesionales y familiares de pacientes. En ese marco se lanz\u00f3 una campa\u00f1a de concientizaci\u00f3n y prevenci\u00f3n de estos trastornos, que llevar\u00e1n [&#8230;]<\/p>\n","protected":false},"author":4,"featured_media":0,"comment_status":"open","ping_status":"open","sticky":false,"template":"","format":"standard","meta":{"_jetpack_newsletter_access":"","_jetpack_dont_email_post_to_subs":false,"_jetpack_newsletter_tier_id":0,"_jetpack_memberships_contains_paywalled_content":false,"_jetpack_memberships_contains_paid_content":false,"footnotes":""},"categories":[1],"tags":[],"class_list":["post-4290","post","type-post","status-publish","format-standard","hentry","category-sociedad"],"jetpack_featured_media_url":"","jetpack_shortlink":"https:\/\/wp.me\/p2JWE0-17c","jetpack-related-posts":[{"id":34562,"url":"https:\/\/www.24baires.com\/?p=34562","url_meta":{"origin":4290,"position":0},"title":"Advierten sobre el aumento de bulimia y anorexia en mujeres adolescentes","author":"GB","date":"03\/11\/2013","format":false,"excerpt":"La bulimia y la anorexia son dos enfermedades que se manifiestan cada vez m\u00e1s, sobre todo entre las adolescentes y j\u00f3venes, y que al llegar la \u00e9poca de calor, se incrementan abruptamente, seg\u00fan los especialistas. Las se\u00f1ales a tener en cuenta. \"La bulimia y anorexia aument\u00f3 significativamente en los \u00faltimos\u2026","rel":"","context":"En \u00abSociedad\u00bb","block_context":{"text":"Sociedad","link":"https:\/\/www.24baires.com\/?cat=1"},"img":{"alt_text":"bulimia","src":"https:\/\/i0.wp.com\/www.24baires.com\/wp-content\/uploads\/2013\/11\/bulimia-300x167.jpg?resize=350%2C200","width":350,"height":200},"classes":[]},{"id":119629,"url":"https:\/\/www.24baires.com\/?p=119629","url_meta":{"origin":4290,"position":1},"title":"Balcarce lanz\u00f3 \u201cM\u00e1s luces, menos ruidos\u201d para evitar la protecnia sonora","author":"GB","date":"14\/12\/2022","format":false,"excerpt":"A menos de 15 d\u00edas del comienzo navide\u00f1o y las fiesta de fin de a\u00f1o, varias ONGs y el municipio lanzaron una campa\u00f1a para que se utilice pirotecnia no sonora dado que perjudica a personas con problemas de salud y a los animales. Varias ONG de la comuna de Balcarce\u2026","rel":"","context":"En \u00abMunicipios\u00bb","block_context":{"text":"Municipios","link":"https:\/\/www.24baires.com\/?cat=44"},"img":{"alt_text":"","src":"https:\/\/i0.wp.com\/www.24baires.com\/wp-content\/uploads\/2018\/10\/pirotecnia.jpg?resize=350%2C200","width":350,"height":200,"srcset":"https:\/\/i0.wp.com\/www.24baires.com\/wp-content\/uploads\/2018\/10\/pirotecnia.jpg?resize=350%2C200 1x, https:\/\/i0.wp.com\/www.24baires.com\/wp-content\/uploads\/2018\/10\/pirotecnia.jpg?resize=525%2C300 1.5x, https:\/\/i0.wp.com\/www.24baires.com\/wp-content\/uploads\/2018\/10\/pirotecnia.jpg?resize=700%2C400 2x"},"classes":[]},{"id":94332,"url":"https:\/\/www.24baires.com\/?p=94332","url_meta":{"origin":4290,"position":2},"title":"Aprobaron protocolo de detecci\u00f3n temprana de autismo","author":"AF","date":"06\/05\/2017","format":false,"excerpt":"La senadora provincial Magdalena Sierra (FpV-PJ) resalt\u00f3 este viernes la aprobaci\u00f3n del proyecto que busca establecer en territorio bonaerense del \u201cProtocolo de Prevenci\u00f3n y Detecci\u00f3n Temprana de Trastornos de Espectro Autista (TEA)\u201d. \u201cLa aplicaci\u00f3n del protocolo permitir\u00e1 tener diagn\u00f3sticos tempranos en los ni\u00f1os de entre 18 y 24 meses, dando\u2026","rel":"","context":"En \u00abSociedad\u00bb","block_context":{"text":"Sociedad","link":"https:\/\/www.24baires.com\/?cat=1"},"img":{"alt_text":"","src":"https:\/\/i0.wp.com\/www.24baires.com\/wp-content\/uploads\/2017\/05\/autismo.jpg?resize=350%2C200","width":350,"height":200,"srcset":"https:\/\/i0.wp.com\/www.24baires.com\/wp-content\/uploads\/2017\/05\/autismo.jpg?resize=350%2C200 1x, https:\/\/i0.wp.com\/www.24baires.com\/wp-content\/uploads\/2017\/05\/autismo.jpg?resize=525%2C300 1.5x"},"classes":[]},{"id":37065,"url":"https:\/\/www.24baires.com\/?p=37065","url_meta":{"origin":4290,"position":3},"title":"Ola de calor: lanzaron campa\u00f1a para adultos mayores","author":"Grupo Sierra","date":"18\/12\/2013","format":false,"excerpt":"En medio de la sucesi\u00f3n de jornadas con elevadas temperaturas, el Instituto de Previsi\u00f3n Social de la Provincia (IPS) y el Ministerio de Salud lanzaron una campa\u00f1a dirigida a los abuelos, quienes junto con los m\u00e1s peque\u00f1os constituyen los grupos m\u00e1s expuestos a sufrir \u201cGolpes de Calor\u201d. Se trata de\u2026","rel":"","context":"En \u00abSociedad\u00bb","block_context":{"text":"Sociedad","link":"https:\/\/www.24baires.com\/?cat=1"},"img":{"alt_text":"ancianos","src":"http:\/\/www.24baires.com\/wp-content\/uploads\/2013\/12\/ancianos.bmp","width":350,"height":200},"classes":[]},{"id":7334,"url":"https:\/\/www.24baires.com\/?p=7334","url_meta":{"origin":4290,"position":4},"title":"Jornadas sobre Autismo en La Matanza","author":"Grupo Sierra","date":"30\/11\/2012","format":false,"excerpt":"El municipio de La Matanza y el ministerio de Salud de la Provincia de Buenos Aires, organizar\u00e1n las \u201c2das. Jornadas sobre trastornos del Espectro Autista\u201d que se realizar\u00e1n el lunes 3 de diciembre en la Universidad Nacional de La Matanza. Las mismas se llevar\u00e1n a cabo en el Patio de\u2026","rel":"","context":"En \u00abSociedad\u00bb","block_context":{"text":"Sociedad","link":"https:\/\/www.24baires.com\/?cat=1"},"img":{"alt_text":"","src":"","width":0,"height":0},"classes":[]},{"id":7140,"url":"https:\/\/www.24baires.com\/?p=7140","url_meta":{"origin":4290,"position":5},"title":"Denuncian que las obras sociales exigen dos a\u00f1os de tratamiento para aprobar operaciones bari\u00e1tricas","author":"AF","date":"28\/11\/2012","format":false,"excerpt":"A cuatro a\u00f1os de aprobada la Ley 26396 de Trastornos Alimentarios, que reconoce como patolog\u00edas a la obesidad, la bulimia y la anorexia, los pacientes denuncian que las empresas de medicina prepaga y las obras sociales exigen una certificaci\u00f3n de dos a\u00f1os de tratamiento para aprobar las operaciones y otros\u2026","rel":"","context":"En \u00abSociedad\u00bb","block_context":{"text":"Sociedad","link":"https:\/\/www.24baires.com\/?cat=1"},"img":{"alt_text":"","src":"","width":0,"height":0},"classes":[]}],"jetpack_sharing_enabled":true,"jetpack_likes_enabled":true,"_links":{"self":[{"href":"https:\/\/www.24baires.com\/index.php?rest_route=\/wp\/v2\/posts\/4290","targetHints":{"allow":["GET"]}}],"collection":[{"href":"https:\/\/www.24baires.com\/index.php?rest_route=\/wp\/v2\/posts"}],"about":[{"href":"https:\/\/www.24baires.com\/index.php?rest_route=\/wp\/v2\/types\/post"}],"author":[{"embeddable":true,"href":"https:\/\/www.24baires.com\/index.php?rest_route=\/wp\/v2\/users\/4"}],"replies":[{"embeddable":true,"href":"https:\/\/www.24baires.com\/index.php?rest_route=%2Fwp%2Fv2%2Fcomments&post=4290"}],"version-history":[{"count":2,"href":"https:\/\/www.24baires.com\/index.php?rest_route=\/wp\/v2\/posts\/4290\/revisions"}],"predecessor-version":[{"id":4293,"href":"https:\/\/www.24baires.com\/index.php?rest_route=\/wp\/v2\/posts\/4290\/revisions\/4293"}],"wp:attachment":[{"href":"https:\/\/www.24baires.com\/index.php?rest_route=%2Fwp%2Fv2%2Fmedia&parent=4290"}],"wp:term":[{"taxonomy":"category","embeddable":true,"href":"https:\/\/www.24baires.com\/index.php?rest_route=%2Fwp%2Fv2%2Fcategories&post=4290"},{"taxonomy":"post_tag","embeddable":true,"href":"https:\/\/www.24baires.com\/index.php?rest_route=%2Fwp%2Fv2%2Ftags&post=4290"}],"curies":[{"name":"wp","href":"https:\/\/api.w.org\/{rel}","templated":true}]}}