{"id":42818,"date":"2014-03-26T20:30:24","date_gmt":"2014-03-26T23:30:24","guid":{"rendered":"http:\/\/www.24baires.com\/?p=42818"},"modified":"2014-03-26T20:19:53","modified_gmt":"2014-03-26T23:19:53","slug":"la-felicidad-es-la-desmemoria-para-el-salieri-de-quino-y-caloi","status":"publish","type":"post","link":"https:\/\/www.24baires.com\/?p=42818","title":{"rendered":"La felicidad es la desmemoria para el Salieri de Quino y Caloi"},"content":{"rendered":"<p><img data-recalc-dims=\"1\" loading=\"lazy\" decoding=\"async\" class=\"aligncenter size-full wp-image-42823\" alt=\"BjkN-YnCMAAg9aT\" src=\"https:\/\/i0.wp.com\/www.24baires.com\/wp-content\/uploads\/2014\/03\/BjkN-YnCMAAg9aT.png?resize=560%2C422\" width=\"560\" height=\"422\" srcset=\"https:\/\/i0.wp.com\/www.24baires.com\/wp-content\/uploads\/2014\/03\/BjkN-YnCMAAg9aT.png?w=560&amp;ssl=1 560w, https:\/\/i0.wp.com\/www.24baires.com\/wp-content\/uploads\/2014\/03\/BjkN-YnCMAAg9aT.png?resize=300%2C226&amp;ssl=1 300w\" sizes=\"auto, (max-width: 560px) 100vw, 560px\" \/>Si les digo Cristian Dzwonik, no van a saber de qui\u00e9n les hablo. Si se los nombro por su seud\u00f3nimo, tal vez s\u00ed: Nik. Aunque si siguen sin ubicar a esta persona, pueden andar sin cuidado, no es importante. Pero me gustar\u00eda transmitirles algunas cosas en las que este se\u00f1or, al que Wikipedia se\u00f1ala como \u201chistorietista argentino, creador del personaje Gaturro\u201d, me hizo pensar gracias a unos mensajes que escribi\u00f3 en la red social Twitter, y que luego borr\u00f3.<!--more--><\/p>\n<p>Primero poste\u00f3: \u201cRecu\u00e9rdalo: el secreto de la felicidad es tener mala memoria\u201d y luego escribi\u00f3 una frase de Cort\u00e1zar: \u201cHay ausencias que representan un verdadero triunfo\u201d. Quiz\u00e1 esto no llamar\u00eda la atenci\u00f3n cualquier d\u00eda del a\u00f1o, pero, \u00a1Oh, casualidad!, lo hizo el D\u00eda de la Memoria, la Verdad y la Justicia. Entonces, le dio franco a la sutileza y decidi\u00f3 se\u00f1alar a la desmemoria como algo positivo, que hace la vida m\u00e1s liviana y llevadera. Y en esa frase seleccionada del gran Julio no podemos leer ausencia sin leer desapariciones: no es subjetivo, Nik quiere que leamos eso.<\/p>\n<p>La memoria, pilar fundamental, junto a la verdad y la justicia en la reconstrucci\u00f3n que elegimos hacer de nuestra patria. Desde hace a\u00f1os aprendimos y remarcamos que los pueblos sin Memoria se autocondenan a repetir los mismos errores, a ser pisados por las mismas botas, a ser matados por las mismas balas. Los pueblos sin Memoria no avanzan, viven en un limbo sin pasado ni futuro, sin compromisos, sin solidaridad, sin identidad. Limbo que parece ser el para\u00edso de Nik, seg\u00fan su twitt.<\/p>\n<p>Y el d\u00eda en que \u00e9l escrib\u00eda semejante afrenta buscando complicidad y risas, hab\u00eda 30,000 ausencias m\u00e1s presentes que nunca. Miles de desaparecidos por la dictadura genocida, esa que Nik parece tomar a la ligera, como si no hubieran torturado, asesinado, robado, apropiado, desbastado la vida de millones. Como si fuera un chiste. Pero si cree que esas ausencias que nos duelen 38 a\u00f1os despu\u00e9s como el primer d\u00eda, que son la herida siempre abierta, son \u201ctriunfos\u201d, no est\u00e1 bromeando, est\u00e1 expresando su ideolog\u00eda pura. Que despu\u00e9s lo borre no significa que note la magnitud de sus dichos, lo escribe para que se sepa, pero lo borra en un simple acto de cobard\u00eda que va muy bien con todo lo que este mediocre dibujante de La Naci\u00f3n nos tiene acostumbrados.<\/p>\n<p>Y el \u2018chiste\u2019 del gatito Gaturro en sus vi\u00f1etas para el 24 de Marzo fue: \u201cNo mires al pasado, te pone triste. No mires al futuro, te pone ansioso. Mira al presente y simplemente, vive\u201d. Una vez m\u00e1s contra aquello que tanto ha costado mantener, la Memoria. Sin Memoria no podemos conocer la Verdad, que siempre se busca. Sin Memoria no podemos alcanzar la Justicia, que gracias a gente que piensa como Nik, tan esquiva ha sido durante tantos a\u00f1os.<\/p>\n<p>Y los cachetes del gato amarillo PRO nos recuerdan el rostro de Jorge Lanata, quien tambi\u00e9n supo afirmar que estaba harto de la dictadura y de c\u00f3mo este gobierno, que baj\u00f3 los cuadros de los genocidas, que promovi\u00f3 el enjuiciamiento a los represores, no deja que el olvido caiga como la noche oscura, como en los \u201990, sobre las Madres y las Abuelas.<br \/>\nSepamos, entonces, que este inventor de Gaturro, personaje al que Mauricio Macri le hizo un monumento en el Paseo de las Historietas, no es s\u00f3lo un muy poco h\u00e1bil Salieri de Caloi y Quino y de todo aquel que en Twitter publique algunas ideas que \u00e9l pueda usufructuar en vi\u00f1etas gatunas, sino que es un defensor del olvido, un escribidor de la desmemoria, y parece ser un nost\u00e1lgico de las \u00e9pocas en donde se triunfaba ausentando gente.<\/p>\n<p>&nbsp;<\/p>\n<p>&nbsp;<\/p>\n<p>&nbsp;<\/p>\n<p>&nbsp;<\/p>\n<p>&nbsp;<\/p>\n<p>&nbsp;<\/p>\n<p>&nbsp;<\/p>\n<p>&nbsp;<\/p>\n","protected":false},"excerpt":{"rendered":"<p>Si les digo Cristian Dzwonik, no van a saber de qui\u00e9n les hablo. Si se los nombro por su seud\u00f3nimo, tal vez s\u00ed: Nik. Aunque si siguen sin ubicar a esta persona, pueden andar sin cuidado, no es importante. Pero me gustar\u00eda transmitirles algunas cosas en las que este se\u00f1or, al que Wikipedia se\u00f1ala como \u201chistorietista argentino, creador del personaje [&#8230;]<\/p>\n","protected":false},"author":8,"featured_media":0,"comment_status":"open","ping_status":"open","sticky":false,"template":"","format":"standard","meta":{"_jetpack_newsletter_access":"","_jetpack_dont_email_post_to_subs":false,"_jetpack_newsletter_tier_id":0,"_jetpack_memberships_contains_paywalled_content":false,"_jetpack_memberships_contains_paid_content":false,"footnotes":""},"categories":[64],"tags":[],"class_list":["post-42818","post","type-post","status-publish","format-standard","hentry","category-opinion"],"jetpack_featured_media_url":"","jetpack_shortlink":"https:\/\/wp.me\/p2JWE0-b8C","jetpack-related-posts":[{"id":40438,"url":"https:\/\/www.24baires.com\/?p=40438","url_meta":{"origin":42818,"position":0},"title":"San Valent\u00edn: el papa Francisco llam\u00f3 a los j\u00f3venes a que \u00abno tengan miedo a casarse\u00bb","author":"GB","date":"14\/02\/2014","format":false,"excerpt":"El Papa hizo un fuerte llamado a los fieles a consagrarse en el sacramento del matrimonio. \"Unidos en matrimonio fiel y fecundo ser\u00e1n felices\" tuite\u00f3. El papa Francisco inst\u00f3 este viernes a los j\u00f3venes del mundo a consagrarse en el sacramento del matrimonio durante el recibimiento que hace de m\u00e1s\u2026","rel":"","context":"En \u00abSociedad\u00bb","block_context":{"text":"Sociedad","link":"https:\/\/www.24baires.com\/?cat=1"},"img":{"alt_text":"papa francisco","src":"https:\/\/i0.wp.com\/www.24baires.com\/wp-content\/uploads\/2013\/10\/papa-francisco.jpg?resize=350%2C200","width":350,"height":200,"srcset":"https:\/\/i0.wp.com\/www.24baires.com\/wp-content\/uploads\/2013\/10\/papa-francisco.jpg?resize=350%2C200 1x, https:\/\/i0.wp.com\/www.24baires.com\/wp-content\/uploads\/2013\/10\/papa-francisco.jpg?resize=525%2C300 1.5x"},"classes":[]},{"id":116773,"url":"https:\/\/www.24baires.com\/?p=116773","url_meta":{"origin":42818,"position":1},"title":"\u00abSi no hubi\u00e9ramos organizado esto, todo habr\u00eda sido peor\u00bb","author":"AF","date":"26\/11\/2020","format":false,"excerpt":"El jefe de Estado sostuvo que, por desesperaci\u00f3n a quedarse afuera, muchas personas se precipitaron y rompieron la entrada de la Casa Rosada. El presidente Alberto Fern\u00e1ndez atribuy\u00f3 los incidentes ocurridos durante el velatorio de Diego Maradona a la \"desesperaci\u00f3n de algunos que creyendo que iban a quedarse afuera\" de\u2026","rel":"","context":"En \u00abSociedad\u00bb","block_context":{"text":"Sociedad","link":"https:\/\/www.24baires.com\/?cat=1"},"img":{"alt_text":"","src":"https:\/\/i0.wp.com\/www.24baires.com\/wp-content\/uploads\/2020\/10\/fern%C3%A1ndez.jpg?resize=350%2C200","width":350,"height":200,"srcset":"https:\/\/i0.wp.com\/www.24baires.com\/wp-content\/uploads\/2020\/10\/fern%C3%A1ndez.jpg?resize=350%2C200 1x, https:\/\/i0.wp.com\/www.24baires.com\/wp-content\/uploads\/2020\/10\/fern%C3%A1ndez.jpg?resize=525%2C300 1.5x"},"classes":[]},{"id":60509,"url":"https:\/\/www.24baires.com\/?p=60509","url_meta":{"origin":42818,"position":2},"title":"Cristina: a Nisman \u00ablo usaron vivo y despu\u00e9s lo necesitaban muerto\u00bb","author":"AF","date":"22\/01\/2015","format":false,"excerpt":"La Presidenta de la Naci\u00f3n lo afirm\u00f3 en una extensa carta publicada esta ma\u00f1ana. \u201cLo usaron vivo y despu\u00e9s lo necesitaban muerto. As\u00ed de triste y terrible\u201d, escribi\u00f3. La presidenta Cristina Fern\u00e1ndez de Kirchner dijo hoy que est\u00e1 \u201cconvencida\u201d de que \u201cno fue suicido\u201d la causa de muerte del fiscal\u2026","rel":"","context":"En \u00abJUDICIALES\u00bb","block_context":{"text":"JUDICIALES","link":"https:\/\/www.24baires.com\/?cat=68"},"img":{"alt_text":"cristina duelo","src":"https:\/\/i0.wp.com\/www.24baires.com\/wp-content\/uploads\/2015\/01\/cristina-duelo.jpg?resize=350%2C200","width":350,"height":200,"srcset":"https:\/\/i0.wp.com\/www.24baires.com\/wp-content\/uploads\/2015\/01\/cristina-duelo.jpg?resize=350%2C200 1x, https:\/\/i0.wp.com\/www.24baires.com\/wp-content\/uploads\/2015\/01\/cristina-duelo.jpg?resize=525%2C300 1.5x"},"classes":[]},{"id":55781,"url":"https:\/\/www.24baires.com\/?p=55781","url_meta":{"origin":42818,"position":3},"title":"Alex Freyre denunci\u00f3 que recibi\u00f3 amenazas","author":"Grupo Sierra","date":"21\/10\/2014","format":false,"excerpt":"El presidente del Archivo de la Memoria de la Diversidad Sexual culp\u00f3 al conductor Marcelo Tinelli por incitar los hechos. Alex Freyre revel\u00f3 que recibi\u00f3 amenazas de muerte a su tel\u00e9fono y culp\u00f3 al conductor Marcelo Tinelli, quien anoche repudi\u00f3 los dichos del militante en Showmatch. \u201cBuen d\u00eda a los\u2026","rel":"","context":"En \u00abSociedad\u00bb","block_context":{"text":"Sociedad","link":"https:\/\/www.24baires.com\/?cat=1"},"img":{"alt_text":"alex freyre","src":"https:\/\/i0.wp.com\/www.24baires.com\/wp-content\/uploads\/2014\/10\/alex-freyre.jpg?resize=350%2C200","width":350,"height":200,"srcset":"https:\/\/i0.wp.com\/www.24baires.com\/wp-content\/uploads\/2014\/10\/alex-freyre.jpg?resize=350%2C200 1x, https:\/\/i0.wp.com\/www.24baires.com\/wp-content\/uploads\/2014\/10\/alex-freyre.jpg?resize=525%2C300 1.5x"},"classes":[]},{"id":40902,"url":"https:\/\/www.24baires.com\/?p=40902","url_meta":{"origin":42818,"position":4},"title":"Tragedia en Once: familiares de las v\u00edctimas reclamaron justicia","author":"GB","date":"22\/02\/2014","format":false,"excerpt":"Familiares de las 52 v\u00edctimas fatales del accidente ferroviario de Once homenajearon hoy la memoria de sus seres queridos a dos a\u00f1os de la tragedia, con un reclamo de \"justicia\". Los familiares hicieron sonar una sirena en el and\u00e9n 2 de la estaci\u00f3n de Once a las 8.32, hora exacta\u2026","rel":"","context":"En \u00abSociedad\u00bb","block_context":{"text":"Sociedad","link":"https:\/\/www.24baires.com\/?cat=1"},"img":{"alt_text":"tragedia once","src":"https:\/\/i0.wp.com\/www.24baires.com\/wp-content\/uploads\/2013\/10\/tragedia-once.jpg?resize=350%2C200","width":350,"height":200,"srcset":"https:\/\/i0.wp.com\/www.24baires.com\/wp-content\/uploads\/2013\/10\/tragedia-once.jpg?resize=350%2C200 1x, https:\/\/i0.wp.com\/www.24baires.com\/wp-content\/uploads\/2013\/10\/tragedia-once.jpg?resize=525%2C300 1.5x"},"classes":[]},{"id":118991,"url":"https:\/\/www.24baires.com\/?p=118991","url_meta":{"origin":42818,"position":5},"title":"Colocar\u00e1n un busto en honor a Julio L\u00f3pez a 16 a\u00f1os de su desaparici\u00f3n","author":"GB","date":"21\/06\/2022","format":false,"excerpt":"Rub\u00e9n L\u00f3pez, hijo de Julio L\u00f3pez comunic\u00f3 el homenaje que se llevar\u00e1 a cabo la semana entrante en Los Hornos. El pr\u00f3ximo 28 de junio se colocar\u00e1 un busto en Los Hornos en conmemoraci\u00f3n a los 16 a\u00f1os de la declaraci\u00f3n de Jorge Julio L\u00f3pez en el juicio que investigaba\u2026","rel":"","context":"En \u00abMemoria\u00bb","block_context":{"text":"Memoria","link":"https:\/\/www.24baires.com\/?cat=50"},"img":{"alt_text":"","src":"https:\/\/i0.wp.com\/www.24baires.com\/wp-content\/uploads\/2022\/06\/julio-lopez-e1505734058986-1280x720jpg.jpg?resize=350%2C200","width":350,"height":200,"srcset":"https:\/\/i0.wp.com\/www.24baires.com\/wp-content\/uploads\/2022\/06\/julio-lopez-e1505734058986-1280x720jpg.jpg?resize=350%2C200 1x, https:\/\/i0.wp.com\/www.24baires.com\/wp-content\/uploads\/2022\/06\/julio-lopez-e1505734058986-1280x720jpg.jpg?resize=525%2C300 1.5x, https:\/\/i0.wp.com\/www.24baires.com\/wp-content\/uploads\/2022\/06\/julio-lopez-e1505734058986-1280x720jpg.jpg?resize=700%2C400 2x"},"classes":[]}],"jetpack_sharing_enabled":true,"jetpack_likes_enabled":true,"_links":{"self":[{"href":"https:\/\/www.24baires.com\/index.php?rest_route=\/wp\/v2\/posts\/42818","targetHints":{"allow":["GET"]}}],"collection":[{"href":"https:\/\/www.24baires.com\/index.php?rest_route=\/wp\/v2\/posts"}],"about":[{"href":"https:\/\/www.24baires.com\/index.php?rest_route=\/wp\/v2\/types\/post"}],"author":[{"embeddable":true,"href":"https:\/\/www.24baires.com\/index.php?rest_route=\/wp\/v2\/users\/8"}],"replies":[{"embeddable":true,"href":"https:\/\/www.24baires.com\/index.php?rest_route=%2Fwp%2Fv2%2Fcomments&post=42818"}],"version-history":[{"count":2,"href":"https:\/\/www.24baires.com\/index.php?rest_route=\/wp\/v2\/posts\/42818\/revisions"}],"predecessor-version":[{"id":42824,"href":"https:\/\/www.24baires.com\/index.php?rest_route=\/wp\/v2\/posts\/42818\/revisions\/42824"}],"wp:attachment":[{"href":"https:\/\/www.24baires.com\/index.php?rest_route=%2Fwp%2Fv2%2Fmedia&parent=42818"}],"wp:term":[{"taxonomy":"category","embeddable":true,"href":"https:\/\/www.24baires.com\/index.php?rest_route=%2Fwp%2Fv2%2Fcategories&post=42818"},{"taxonomy":"post_tag","embeddable":true,"href":"https:\/\/www.24baires.com\/index.php?rest_route=%2Fwp%2Fv2%2Ftags&post=42818"}],"curies":[{"name":"wp","href":"https:\/\/api.w.org\/{rel}","templated":true}]}}