{"id":4279,"date":"2012-11-03T11:22:38","date_gmt":"2012-11-03T14:22:38","guid":{"rendered":"http:\/\/www.24baires.com\/?p=4279"},"modified":"2012-11-03T11:22:38","modified_gmt":"2012-11-03T14:22:38","slug":"el-pro-de-macri-llega-a-la-provincia-con-miras-en-las-proximas-elecciones-legislativas","status":"publish","type":"post","link":"https:\/\/www.24baires.com\/?p=4279","title":{"rendered":"El PRO de Macri llega a la Provincia con miras en las pr\u00f3ximas elecciones legislativas"},"content":{"rendered":"<p>Tuvo lugar un plenario de este sector pol\u00edtico que cont\u00f3 con la participaci\u00f3n de concejales y dirigentes del interior de la Provincia de Buenos Aires. Analizaron la situaci\u00f3n de la pol\u00edtica nacional y evaluaron la estrategia de campa\u00f1a de cara a las elecciones legislativas del 2013. Participaron Jorge Macri, Marcos Pe\u00f1a y Emilio Monz\u00f3.<!--more--><\/p>\n<p>Fue en el Barrio de Congreso, Capital Federal. Cont\u00f3 con la participaci\u00f3n de representantes partidarios de 66 municipios de la Provincia de la Segunda, Cuarta, Quinta, Sexta, S\u00e9ptima y Octava Secci\u00f3n Electoral.<\/p>\n<p>El encuentro fue encabezado por el Secretario Pol\u00edtico del Pro, Marcos Pe\u00f1a, qui\u00e9n expuso un an\u00e1lisis de la pol\u00edtica nacional. El Ministro de Gobierno de la Ciudad de Buenos Aires, Emilio Monz\u00f3 explic\u00f3 las actividades que est\u00e1n llevando adelante.<\/p>\n<p>\u00abEl Pro est\u00e1 fortaleci\u00e9ndose y creciendo cada vez m\u00e1s, tanto en la Provincia de Buenos Aires, como en el resto del pa\u00eds y este tipo de reuniones son una prueba de eso\u00bb, destac\u00f3 Monz\u00f3 al tiempo que calific\u00f3 al encuentro como \u00abun espacio de debate abierto a todos los dirigentes provinciales\u00bb.<\/p>\n<p>\u00abTodos los aqu\u00ed presentes estamos trabajando para que las elecciones legislativas del a\u00f1o pr\u00f3ximo nos permitan modificar el panorama pol\u00edtico del pa\u00eds y encaminarnos de manera firme hacia la candidatura de Mauricio Macri para el 2015\u00bb, resalt\u00f3.<\/p>\n<p>Por su parte, el \u00fanico intendente del Pro bonaerense, Jorge Macri, destac\u00f3: \u00abGanamos en la provincia de Buenos Aires porque le dimos a la gente una opci\u00f3n electoral atractiva\u00bb.<\/p>\n<p>\u00abCuando recorro la provincia de Buenos Aires la gente me dice cada vez con m\u00e1s fuerza que Mauricio es la mejor alternativa para encabezar la oposici\u00f3n y seguimos trabajando porque sabemos que la gente nos apoya y est\u00e1 con nosotros\u00bb, finaliz\u00f3 el Jefe de la Comuna.<\/p>\n","protected":false},"excerpt":{"rendered":"<p>Tuvo lugar un plenario de este sector pol\u00edtico que cont\u00f3 con la participaci\u00f3n de concejales y dirigentes del interior de la Provincia de Buenos Aires. Analizaron la situaci\u00f3n de la pol\u00edtica nacional y evaluaron la estrategia de campa\u00f1a de cara a las elecciones legislativas del 2013. Participaron Jorge Macri, Marcos Pe\u00f1a y Emilio Monz\u00f3.<\/p>\n","protected":false},"author":4,"featured_media":0,"comment_status":"open","ping_status":"open","sticky":false,"template":"","format":"standard","meta":{"_jetpack_newsletter_access":"","_jetpack_dont_email_post_to_subs":false,"_jetpack_newsletter_tier_id":0,"_jetpack_memberships_contains_paywalled_content":false,"_jetpack_memberships_contains_paid_content":false,"footnotes":""},"categories":[51],"tags":[],"class_list":["post-4279","post","type-post","status-publish","format-standard","hentry","category-politica"],"jetpack_featured_media_url":"","jetpack_shortlink":"https:\/\/wp.me\/p2JWE0-171","jetpack-related-posts":[{"id":106950,"url":"https:\/\/www.24baires.com\/?p=106950","url_meta":{"origin":4279,"position":0},"title":"Ritondo ser\u00e1 el reemplazante de Monz\u00f3 para manejar la C\u00e1mara de Diputados","author":"GB","date":"22\/02\/2019","format":false,"excerpt":"El actual ministro de Seguridad bonaerense encabezar\u00e1 la lista de diputados nacionales por la Provincia de Buenos Aires en la lista de Cambiemos. Es el elegido por el jefe de Gabinete para comandar la c\u00e1mara baja tras su experiencia como diputado y el manejo de la legislatura porte\u00f1a. Marcos Pe\u00f1a\u2026","rel":"","context":"En \u00abPol\u00edtica\u00bb","block_context":{"text":"Pol\u00edtica","link":"https:\/\/www.24baires.com\/?cat=51"},"img":{"alt_text":"","src":"https:\/\/i0.wp.com\/www.24baires.com\/wp-content\/uploads\/2017\/07\/ritondo.jpg?resize=350%2C200","width":350,"height":200,"srcset":"https:\/\/i0.wp.com\/www.24baires.com\/wp-content\/uploads\/2017\/07\/ritondo.jpg?resize=350%2C200 1x, https:\/\/i0.wp.com\/www.24baires.com\/wp-content\/uploads\/2017\/07\/ritondo.jpg?resize=525%2C300 1.5x"},"classes":[]},{"id":105261,"url":"https:\/\/www.24baires.com\/?p=105261","url_meta":{"origin":4279,"position":1},"title":"Monz\u00f3 anticip\u00f3 que no renovar\u00e1 su banca de Cambiemos","author":"AF","date":"02\/11\/2018","format":false,"excerpt":"Los colaboradores del titular de Diputados reconocieron que es una decisi\u00f3n que tom\u00f3 hace ya tiempo. En cuanto a su posible alejamiento de Cambiemos dijeron que se trata de especulaciones pol\u00edticas pero no la negaron. Esta vez no es un amague. En el entorno de Emilio Monz\u00f3 confirmaron la versi\u00f3n\u2026","rel":"","context":"En \u00abPol\u00edtica\u00bb","block_context":{"text":"Pol\u00edtica","link":"https:\/\/www.24baires.com\/?cat=51"},"img":{"alt_text":"","src":"https:\/\/i0.wp.com\/www.24baires.com\/wp-content\/uploads\/2018\/11\/monz%C3%B3.jpg?resize=350%2C200","width":350,"height":200,"srcset":"https:\/\/i0.wp.com\/www.24baires.com\/wp-content\/uploads\/2018\/11\/monz%C3%B3.jpg?resize=350%2C200 1x, https:\/\/i0.wp.com\/www.24baires.com\/wp-content\/uploads\/2018\/11\/monz%C3%B3.jpg?resize=525%2C300 1.5x"},"classes":[]},{"id":40685,"url":"https:\/\/www.24baires.com\/?p=40685","url_meta":{"origin":4279,"position":2},"title":"El Rabino Bergman se pasa a la provincia y considera ser la cu\u00f1a del PRO en Tigre","author":"GB","date":"18\/02\/2014","format":false,"excerpt":"El diputado nacional del PRO confirm\u00f3 que desde marzo militar\u00e1 en la provincia de Buenos Aires para apuntalar a Macri y Vidal, y analiza concentrar sus esfuerzos para potenciar al macrismo en el municipio de Tigre, basti\u00f3n del rival Sergio Massa. El diputado nacional del PRO, Sergio Bergman, confirm\u00f3 hoy\u2026","rel":"","context":"En \u00abPol\u00edtica\u00bb","block_context":{"text":"Pol\u00edtica","link":"https:\/\/www.24baires.com\/?cat=51"},"img":{"alt_text":"","src":"","width":0,"height":0},"classes":[]},{"id":101787,"url":"https:\/\/www.24baires.com\/?p=101787","url_meta":{"origin":4279,"position":3},"title":"Monz\u00f3 se aleja del macrismo: pidi\u00f3 la Embajada de Espa\u00f1a","author":"AF","date":"24\/04\/2018","format":false,"excerpt":"Marcos Pe\u00f1a confirm\u00f3 que Emilio Monz\u00f3 no buscar\u00eda renovar su banca en Diputados el pr\u00f3ximo a\u00f1o. Monz\u00f3 fue un hombre clave en el armado que llev\u00f3 a Macri a la Rosada y central en los debates que encara Cambiemos en Diputados. El jefe de Gabinete, Marcos Pe\u00f1a, admiti\u00f3 el lunes\u2026","rel":"","context":"En \u00abPol\u00edtica\u00bb","block_context":{"text":"Pol\u00edtica","link":"https:\/\/www.24baires.com\/?cat=51"},"img":{"alt_text":"","src":"https:\/\/i0.wp.com\/www.24baires.com\/wp-content\/uploads\/2018\/04\/monzo.jpg?resize=350%2C200","width":350,"height":200,"srcset":"https:\/\/i0.wp.com\/www.24baires.com\/wp-content\/uploads\/2018\/04\/monzo.jpg?resize=350%2C200 1x, https:\/\/i0.wp.com\/www.24baires.com\/wp-content\/uploads\/2018\/04\/monzo.jpg?resize=525%2C300 1.5x"},"classes":[]},{"id":45231,"url":"https:\/\/www.24baires.com\/?p=45231","url_meta":{"origin":4279,"position":4},"title":"Nueva t\u00e1ctica de Vidal: desvincul\u00f3 a su marido de la campa\u00f1a por la Provincia","author":"GB","date":"03\/05\/2014","format":false,"excerpt":"La vicejefa de Gobierno y una de las precandidatas macristas para la gobernaci\u00f3n bonaerense, Mar\u00eda Eugenia Vidal, corri\u00f3 al concejal Ramiro Tagliaferro, de su equipo de campa\u00f1a en un gesto de distensi\u00f3n interno, en tanto apuesta a mejorar su instalaci\u00f3n con recorridas por la Provincia en solitario, ya sin estar\u2026","rel":"","context":"En \u00abPol\u00edtica\u00bb","block_context":{"text":"Pol\u00edtica","link":"https:\/\/www.24baires.com\/?cat=51"},"img":{"alt_text":"vidal","src":"https:\/\/i0.wp.com\/www.24baires.com\/wp-content\/uploads\/2014\/05\/vidal2-300x167.jpg?resize=350%2C200","width":350,"height":200},"classes":[]},{"id":88009,"url":"https:\/\/www.24baires.com\/?p=88009","url_meta":{"origin":4279,"position":5},"title":"Vidal asumir\u00e1 formalmente la presidencia del PRO bonaerense","author":"AF","date":"27\/09\/2016","format":false,"excerpt":"La gobernadora Mar\u00eda Eugenia Vidal asumir\u00e1 formalmente este mi\u00e9rcoles la presidencia del PRO bonaerense en un acto que tendr\u00e1 lugar en las afueras de La Plata. La gobernadora asumir\u00e1 el cargo partidario tras sellar un acuerdo con los sectores internos que responden al presidente de la C\u00e1mara de Diputados, Emilio\u2026","rel":"","context":"En \u00abProvincia\u00bb","block_context":{"text":"Provincia","link":"https:\/\/www.24baires.com\/?cat=40"},"img":{"alt_text":"vidal","src":"https:\/\/i0.wp.com\/www.24baires.com\/wp-content\/uploads\/2016\/06\/vidal-1.jpg?resize=350%2C200","width":350,"height":200,"srcset":"https:\/\/i0.wp.com\/www.24baires.com\/wp-content\/uploads\/2016\/06\/vidal-1.jpg?resize=350%2C200 1x, https:\/\/i0.wp.com\/www.24baires.com\/wp-content\/uploads\/2016\/06\/vidal-1.jpg?resize=525%2C300 1.5x"},"classes":[]}],"jetpack_sharing_enabled":true,"jetpack_likes_enabled":true,"_links":{"self":[{"href":"https:\/\/www.24baires.com\/index.php?rest_route=\/wp\/v2\/posts\/4279","targetHints":{"allow":["GET"]}}],"collection":[{"href":"https:\/\/www.24baires.com\/index.php?rest_route=\/wp\/v2\/posts"}],"about":[{"href":"https:\/\/www.24baires.com\/index.php?rest_route=\/wp\/v2\/types\/post"}],"author":[{"embeddable":true,"href":"https:\/\/www.24baires.com\/index.php?rest_route=\/wp\/v2\/users\/4"}],"replies":[{"embeddable":true,"href":"https:\/\/www.24baires.com\/index.php?rest_route=%2Fwp%2Fv2%2Fcomments&post=4279"}],"version-history":[{"count":1,"href":"https:\/\/www.24baires.com\/index.php?rest_route=\/wp\/v2\/posts\/4279\/revisions"}],"predecessor-version":[{"id":4280,"href":"https:\/\/www.24baires.com\/index.php?rest_route=\/wp\/v2\/posts\/4279\/revisions\/4280"}],"wp:attachment":[{"href":"https:\/\/www.24baires.com\/index.php?rest_route=%2Fwp%2Fv2%2Fmedia&parent=4279"}],"wp:term":[{"taxonomy":"category","embeddable":true,"href":"https:\/\/www.24baires.com\/index.php?rest_route=%2Fwp%2Fv2%2Fcategories&post=4279"},{"taxonomy":"post_tag","embeddable":true,"href":"https:\/\/www.24baires.com\/index.php?rest_route=%2Fwp%2Fv2%2Ftags&post=4279"}],"curies":[{"name":"wp","href":"https:\/\/api.w.org\/{rel}","templated":true}]}}