{"id":4277,"date":"2012-11-03T10:55:37","date_gmt":"2012-11-03T13:55:37","guid":{"rendered":"http:\/\/www.24baires.com\/?p=4277"},"modified":"2012-11-03T11:09:14","modified_gmt":"2012-11-03T14:09:14","slug":"comenzo-la-36o-cabalgata-huella-rumbo-a-moctezuma","status":"publish","type":"post","link":"https:\/\/www.24baires.com\/?p=4277","title":{"rendered":"Comenz\u00f3 la 36\u00ba Cabalgata Huella rumbo a Moctezuma"},"content":{"rendered":"<p>La presidenta de la Agrupaci\u00f3n Huella de Fortines, Olga Arista, cont\u00f3 que cabalgan junto a la imagen de la Virgen de Lujan, y que ya llevan m\u00e1s de 10 kil\u00f3metros.<!--more--><br \/>\nEn di\u00e1logo con Radio Provincia, dijo que en la salida les dio \u201cla despedida el p\u00e1rroco del pueblo\u201d. Vamos con precauci\u00f3n de llevar ponchos, y una muda de ropa.<\/p>\n<p>\u201cEsta cabalgata fue iniciativa de cuatro personas que quisieron reivindicar al indio y al milico juntando los fortines de Carlos Casares\u201d, relat\u00f3. \u201cEstas cuatros personas fueron los fundadores, hasta hoy la continuamos y recordamos que a caballo se hizo la patria\u201d.<\/p>\n<p>Otro de los organizadores, Abel, cont\u00f3 tambi\u00e9n que hoy arribar\u00e1n a Colonia Mauricio, la primera colonia jud\u00eda, donde hay un caser\u00edo\u201d.<\/p>\n<p>\u201cVamos por el \u00fanico camino que se puede transitar, porque la zona est\u00e1 muy inundada\u201d, remarc\u00f3.<\/p>\n","protected":false},"excerpt":{"rendered":"<p>La presidenta de la Agrupaci\u00f3n Huella de Fortines, Olga Arista, cont\u00f3 que cabalgan junto a la imagen de la Virgen de Lujan, y que ya llevan m\u00e1s de 10 kil\u00f3metros.<\/p>\n","protected":false},"author":4,"featured_media":0,"comment_status":"open","ping_status":"open","sticky":false,"template":"","format":"standard","meta":{"_jetpack_newsletter_access":"","_jetpack_dont_email_post_to_subs":false,"_jetpack_newsletter_tier_id":0,"_jetpack_memberships_contains_paywalled_content":false,"_jetpack_memberships_contains_paid_content":false,"footnotes":""},"categories":[38],"tags":[],"class_list":["post-4277","post","type-post","status-publish","format-standard","hentry","category-locales"],"jetpack_featured_media_url":"","jetpack_shortlink":"https:\/\/wp.me\/p2JWE0-16Z","jetpack-related-posts":[{"id":873,"url":"https:\/\/www.24baires.com\/?p=873","url_meta":{"origin":4277,"position":0},"title":"Torquinst, una perla bonaerense","author":"Grupo Sierra","date":"03\/10\/2012","format":false,"excerpt":"El Municipio contin\u00faa incrementando su oferta tur\u00edstica para una temporada que llega antes y con nuevas demandas. Calles antiguas, el Fort\u00edn Pav\u00f3n de la \u00e9poca rosista, una bodega con los mejores vinos, y el Parque Provincial Paso de las Piedras, hacen de este pueblo pintoresco e hist\u00f3rico, una verdadera reliquia.\u2026","rel":"","context":"En \u00abSociedad\u00bb","block_context":{"text":"Sociedad","link":"https:\/\/www.24baires.com\/?cat=1"},"img":{"alt_text":"","src":"https:\/\/i0.wp.com\/www.24baires.com\/wp-content\/uploads\/2012\/10\/tornquist-turismo.jpg?resize=350%2C200","width":350,"height":200,"srcset":"https:\/\/i0.wp.com\/www.24baires.com\/wp-content\/uploads\/2012\/10\/tornquist-turismo.jpg?resize=350%2C200 1x, https:\/\/i0.wp.com\/www.24baires.com\/wp-content\/uploads\/2012\/10\/tornquist-turismo.jpg?resize=525%2C300 1.5x"},"classes":[]},{"id":36066,"url":"https:\/\/www.24baires.com\/?p=36066","url_meta":{"origin":4277,"position":1},"title":"El aniversario de Pig\u00fc\u00e9 se festej\u00f3 con una omelette gigante y otra para cel\u00edacos","author":"Grupo Sierra","date":"01\/12\/2013","format":false,"excerpt":"Una omelette gigante preparada con 15.000 huevos y otra m\u00e1s chica, para cel\u00edacos, fueron dos de los atractivos en los festejos por el 129 aniversario de la localidad bonaerense de Pig\u00fc\u00e9, ubicada a 132 kil\u00f3metros al noroeste de Bah\u00eda Blanca. \"Aunque es muy dif\u00edcil calcular la cifra, creemos que unas\u2026","rel":"","context":"En \u00abLocales\u00bb","block_context":{"text":"Locales","link":"https:\/\/www.24baires.com\/?cat=38"},"img":{"alt_text":"","src":"","width":0,"height":0},"classes":[]},{"id":18629,"url":"https:\/\/www.24baires.com\/?p=18629","url_meta":{"origin":4277,"position":2},"title":"Asaron 300 cerdos en la fiesta de La Lechonada en Navarro","author":"Grupo Sierra","date":"17\/03\/2013","format":false,"excerpt":"Unos 300 cerdos asados, 5.000 chorizos, 1.000 hamburguesas y 5.000 empanadas se sirvieron en la fiesta provincial de La Lechonada, en la ciudad de Navarro. Se extender\u00e1 hasta este domingo, con una feria agr\u00edcola y artesanal y un festival art\u00edstico. La fiesta se realiza en el predio El Fort\u00edn, de\u2026","rel":"","context":"En \u00abLocales\u00bb","block_context":{"text":"Locales","link":"https:\/\/www.24baires.com\/?cat=38"},"img":{"alt_text":"lechonada_3","src":"https:\/\/i0.wp.com\/www.24baires.com\/wp-content\/uploads\/2013\/03\/lechonada_3-300x210.jpg?resize=350%2C200","width":350,"height":200},"classes":[]},{"id":34767,"url":"https:\/\/www.24baires.com\/?p=34767","url_meta":{"origin":4277,"position":3},"title":"Pedro Luro festeja durante todo noviembre su 100\u00ba aniversario","author":"AF","date":"07\/11\/2013","format":false,"excerpt":"La Comisi\u00f3n de Festejos organiz\u00f3 actividades para todo el mes de noviembre. Los d\u00edas s\u00e1bado 9 y domingo 10 habr\u00e1 un festival A\u00e9reo en el Aeroclub. Desde el mismo d\u00eda 9 de noviembre y durante todo el mes se exhibir\u00e1n fotos de pobladores de m\u00e1s de 80 a\u00f1os de permanencia\u2026","rel":"","context":"En \u00abLocales\u00bb","block_context":{"text":"Locales","link":"https:\/\/www.24baires.com\/?cat=38"},"img":{"alt_text":"","src":"","width":0,"height":0},"classes":[]},{"id":22400,"url":"https:\/\/www.24baires.com\/?p=22400","url_meta":{"origin":4277,"position":4},"title":"Inauguran una Polic\u00eda de la Mujer en Guamin\u00ed","author":"AF","date":"02\/05\/2013","format":false,"excerpt":"El pr\u00f3ximo viernes 3 de mayo se pondr\u00e1 en funcionamiento la Comisar\u00eda de la Mujer y la Familia del municipio de Guamin\u00ed. El intendente de Guamin\u00ed, N\u00e9stor \u00c1lvarez, junto a la subsecretaria de Planificaci\u00f3n del ministerio de Justicia y Seguridad, Silvia La Ruffa, ser\u00e1n los encargados de encabezar el acto\u2026","rel":"","context":"En \u00abLocales\u00bb","block_context":{"text":"Locales","link":"https:\/\/www.24baires.com\/?cat=38"},"img":{"alt_text":"","src":"","width":0,"height":0},"classes":[]},{"id":60467,"url":"https:\/\/www.24baires.com\/?p=60467","url_meta":{"origin":4277,"position":5},"title":"\u00abEstos partidos sirven para sumar y corregir errores\u00bb, dijo Arrubarrena","author":"GB","date":"21\/01\/2015","format":false,"excerpt":"El entrenador xeneize consider\u00f3 como \"correcto\" el encuentro disputado entre su equipo y V\u00e9lez, que termin\u00f3 empatado en dos goles, correspondiente a la segunda jornada del triangular de Mar del Plata. \"Fue un partido correcto, con momentos buenos y otros no tanto. Sirve para corregir cosas y sumar minutos\", declar\u00f3\u2026","rel":"","context":"En \u00abDeportes\u00bb","block_context":{"text":"Deportes","link":"https:\/\/www.24baires.com\/?cat=12"},"img":{"alt_text":"arrubarrena","src":"https:\/\/i0.wp.com\/www.24baires.com\/wp-content\/uploads\/2015\/01\/arrubarrena.jpg?resize=350%2C200","width":350,"height":200,"srcset":"https:\/\/i0.wp.com\/www.24baires.com\/wp-content\/uploads\/2015\/01\/arrubarrena.jpg?resize=350%2C200 1x, https:\/\/i0.wp.com\/www.24baires.com\/wp-content\/uploads\/2015\/01\/arrubarrena.jpg?resize=525%2C300 1.5x"},"classes":[]}],"jetpack_sharing_enabled":true,"jetpack_likes_enabled":true,"_links":{"self":[{"href":"https:\/\/www.24baires.com\/index.php?rest_route=\/wp\/v2\/posts\/4277","targetHints":{"allow":["GET"]}}],"collection":[{"href":"https:\/\/www.24baires.com\/index.php?rest_route=\/wp\/v2\/posts"}],"about":[{"href":"https:\/\/www.24baires.com\/index.php?rest_route=\/wp\/v2\/types\/post"}],"author":[{"embeddable":true,"href":"https:\/\/www.24baires.com\/index.php?rest_route=\/wp\/v2\/users\/4"}],"replies":[{"embeddable":true,"href":"https:\/\/www.24baires.com\/index.php?rest_route=%2Fwp%2Fv2%2Fcomments&post=4277"}],"version-history":[{"count":1,"href":"https:\/\/www.24baires.com\/index.php?rest_route=\/wp\/v2\/posts\/4277\/revisions"}],"predecessor-version":[{"id":4278,"href":"https:\/\/www.24baires.com\/index.php?rest_route=\/wp\/v2\/posts\/4277\/revisions\/4278"}],"wp:attachment":[{"href":"https:\/\/www.24baires.com\/index.php?rest_route=%2Fwp%2Fv2%2Fmedia&parent=4277"}],"wp:term":[{"taxonomy":"category","embeddable":true,"href":"https:\/\/www.24baires.com\/index.php?rest_route=%2Fwp%2Fv2%2Fcategories&post=4277"},{"taxonomy":"post_tag","embeddable":true,"href":"https:\/\/www.24baires.com\/index.php?rest_route=%2Fwp%2Fv2%2Ftags&post=4277"}],"curies":[{"name":"wp","href":"https:\/\/api.w.org\/{rel}","templated":true}]}}