{"id":4275,"date":"2012-11-03T11:45:57","date_gmt":"2012-11-03T14:45:57","guid":{"rendered":"http:\/\/www.24baires.com\/?p=4275"},"modified":"2012-11-03T11:45:32","modified_gmt":"2012-11-03T14:45:32","slug":"convenio-sobre-medios-entre-la-provincia-y-la-fam","status":"publish","type":"post","link":"https:\/\/www.24baires.com\/?p=4275","title":{"rendered":"Convenio sobre Medios entre la Provincia y la FAM"},"content":{"rendered":"<p>La Secretar\u00eda de Comunicaci\u00f3n P\u00fablica y la Federaci\u00f3n Argentina de Municipios (FAM) realizaron un acuerdo para abrir canales de participaci\u00f3n que permitan el acceso de los vecinos a los medios de comunicaci\u00f3n.<!--more--><\/p>\n<p>El objetivo del convenio firmado por el Secretario de Comunicaci\u00f3n P\u00fablica Juan Courel, y los presidentes de la Federaci\u00f3n Argentina de Municipios Julio Pereyra (nacional) y Alberto Descalzo (provincial), tiene como objetivo intercambiar contenidos de comunicaci\u00f3n y acercar herramientas a los ciudadanos para abrir los canales que les permitan el acceso a los medios incorporando el rol de productor de contenidos.<\/p>\n<p>Courel, habl\u00f3 en Radio Provincia y dijo que \u201cla comunicaci\u00f3n es hoy un derecho que nos iguala como ciudadanos, motivo por el cual el gobernador Daniel Scioli nos alent\u00f3 a crear m\u00e1s instrumentos que permitan promover la participaci\u00f3n y la multiplicidad de voces desde la convergencia de distintas plataformas tecnol\u00f3gicas\u201d.<\/p>\n<p>\u201cNuestros medios p\u00fablicos est\u00e1n creciendo desde la diversidad informativa, tal como lo refleja hace 75 a\u00f1os Radio Provincia, desde hace 3 meses el portal BA noticias y tal como lo har\u00e1 pr\u00f3ximamente tambi\u00e9n el canal 32 de la Televisi\u00f3n Digital Abierta\u201d sostuvo el Secretario de Comunicaci\u00f3n.<\/p>\n<p>En tanto, Pereyra destac\u00f3 la importancia de \u201cavanzar y articular con los municipios\u201d. \u201cDeseamos que sean cada vez m\u00e1s voces las que puedan informar y debatir\u201d afirm\u00f3.<\/p>\n<p>Asimismo, el intendente de Ituzaing\u00f3 y presidente de la FAM de la provincia de Buenos Aires, Alberto Descalzo, agradeci\u00f3 \u201cla posibilidad de articular con la Provincia\u201d e indic\u00f3 que el convenio \u201ces una nueva manera de expresi\u00f3n que tienen los municipios para proyectarse\u201d.<\/p>\n<p>En la firma del convenio, estuvieron presentes los intendentes Francisco Echarren (Castelli) y Enrique Slezack (Ensenada) y el director de la Radio, Roberto Zarlenga.<\/p>\n","protected":false},"excerpt":{"rendered":"<p>La Secretar\u00eda de Comunicaci\u00f3n P\u00fablica y la Federaci\u00f3n Argentina de Municipios (FAM) realizaron un acuerdo para abrir canales de participaci\u00f3n que permitan el acceso de los vecinos a los medios de comunicaci\u00f3n.<\/p>\n","protected":false},"author":4,"featured_media":0,"comment_status":"open","ping_status":"open","sticky":false,"template":"","format":"standard","meta":{"_jetpack_newsletter_access":"","_jetpack_dont_email_post_to_subs":false,"_jetpack_newsletter_tier_id":0,"_jetpack_memberships_contains_paywalled_content":false,"_jetpack_memberships_contains_paid_content":false,"footnotes":""},"categories":[54],"tags":[],"class_list":["post-4275","post","type-post","status-publish","format-standard","hentry","category-medios"],"jetpack_featured_media_url":"","jetpack_shortlink":"https:\/\/wp.me\/p2JWE0-16X","jetpack-related-posts":[{"id":35089,"url":"https:\/\/www.24baires.com\/?p=35089","url_meta":{"origin":4275,"position":0},"title":"Designaron a Courel como delegado ante la AFSCA","author":"AF","date":"13\/11\/2013","format":false,"excerpt":"El gobernador de la provincia de Buenos Aires, Daniel Scioli, design\u00f3 a su secretario de Comunicaci\u00f3n P\u00fablica, Juan Courel, como representante de ese distrito ante el Consejo Federal de Comunicaci\u00f3n Audiovisual (CoFeCa), cuya nueva conformaci\u00f3n qued\u00f3 oficializada este mi\u00e9rcoles al publicarse la n\u00f3mina en el Bolet\u00edn Oficial. Junto a Courel,\u2026","rel":"","context":"En \u00abMedios\u00bb","block_context":{"text":"Medios","link":"https:\/\/www.24baires.com\/?cat=54"},"img":{"alt_text":"courel scioli","src":"https:\/\/i0.wp.com\/www.24baires.com\/wp-content\/uploads\/2013\/11\/courel-scioli.png?resize=350%2C200","width":350,"height":200},"classes":[]},{"id":43107,"url":"https:\/\/www.24baires.com\/?p=43107","url_meta":{"origin":4275,"position":1},"title":"El Canal de Scioli estar\u00e1 en 60 localidades bonaerenses gracias a Cablevisi\u00f3n","author":"Grupo Sierra","date":"01\/04\/2014","format":false,"excerpt":"La programaci\u00f3n de \"Digo TV\" est\u00e1 dise\u00f1ada desde el Instituto Cultural por Jorge Telerman, uno de los hombres fuertes del sciolismo, y trep\u00f3 r\u00e1pido hasta las grillas dominantes para formar parte del monopolio. \"Nuestro objetivo es en los pr\u00f3ximos meses alcanzar la totalidad de abonados al servicio b\u00e1sico de los\u2026","rel":"","context":"En \u00abMedios\u00bb","block_context":{"text":"Medios","link":"https:\/\/www.24baires.com\/?cat=54"},"img":{"alt_text":"digo tv","src":"https:\/\/i0.wp.com\/www.24baires.com\/wp-content\/uploads\/2014\/04\/digo-tv.jpg?resize=350%2C200","width":350,"height":200,"srcset":"https:\/\/i0.wp.com\/www.24baires.com\/wp-content\/uploads\/2014\/04\/digo-tv.jpg?resize=350%2C200 1x, https:\/\/i0.wp.com\/www.24baires.com\/wp-content\/uploads\/2014\/04\/digo-tv.jpg?resize=525%2C300 1.5x"},"classes":[]},{"id":20490,"url":"https:\/\/www.24baires.com\/?p=20490","url_meta":{"origin":4275,"position":2},"title":"Courel: \u201cEs mentira que el juez Arias haya dado una lista alternativa (de v\u00edctimas)\u201d","author":"AF","date":"08\/04\/2013","format":false,"excerpt":"El secretario de Comunicaci\u00f3n P\u00fablica provincial, Juan Courel, afirm\u00f3 hoy que \"es mentira que el juez (Luis) Arias haya dado una lista alternativa\" de v\u00edctimas del temporal en La Plata y reafirm\u00f3 la postura del gobierno provincial sobre que \"si hubiere m\u00e1s v\u00edctimas comprobadas se dar\u00e1n a conocer\". \"Es terrible\u2026","rel":"","context":"En \u00abPol\u00edtica\u00bb","block_context":{"text":"Pol\u00edtica","link":"https:\/\/www.24baires.com\/?cat=51"},"img":{"alt_text":"","src":"","width":0,"height":0},"classes":[]},{"id":11463,"url":"https:\/\/www.24baires.com\/?p=11463","url_meta":{"origin":4275,"position":3},"title":"El Gobernador se reuni\u00f3 con su gabinete","author":"Grupo Sierra","date":"07\/01\/2013","format":false,"excerpt":"Analizaron la marcha del Operativo Sol y la optimizaci\u00f3n del gasto en distintas \u00e1reas del gobierno bonaerense. Daniel Scioli y su gabinete se reunieron para analizar la marcha del Operativo Sol, los controles de nocturnidad y la optimizaci\u00f3n del gasto en distintas \u00e1reas del gobierno bonaerense. El secretario de Comunicaci\u00f3n\u2026","rel":"","context":"En \u00abProvincia\u00bb","block_context":{"text":"Provincia","link":"https:\/\/www.24baires.com\/?cat=40"},"img":{"alt_text":"","src":"","width":0,"height":0},"classes":[]},{"id":9284,"url":"https:\/\/www.24baires.com\/?p=9284","url_meta":{"origin":4275,"position":4},"title":"Lanzaron el foro de Comunicadores Municipales","author":"AF","date":"15\/12\/2012","format":false,"excerpt":"A trav\u00e9s de una iniciativa de Radio Provincia, se propone un espacio de debate e intercambio de experiencias para los responsables de prensa de los municipios bonaerenses. Esta semana se desarroll\u00f3 una Jornada de debate y capacitaci\u00f3n sobre Comunicaci\u00f3n de la Gesti\u00f3n P\u00fablica con la presencia de Julio Pereyra, referente\u2026","rel":"","context":"En \u00abMunicipios\u00bb","block_context":{"text":"Municipios","link":"https:\/\/www.24baires.com\/?cat=44"},"img":{"alt_text":"","src":"","width":0,"height":0},"classes":[]},{"id":35064,"url":"https:\/\/www.24baires.com\/?p=35064","url_meta":{"origin":4275,"position":5},"title":"Con la Ley de Medios se crearon m\u00e1s de 100 mil puestos de trabajo","author":"GB","date":"12\/11\/2013","format":false,"excerpt":"As\u00ed lo destac\u00f3 hoy la AFSCA, de acuerdo a un balance difundido que tambi\u00e9n indica que se consigui\u00f3 que todas las empresas excedidas de los l\u00edmites establecidos en la legislaci\u00f3n presentaran sus planes de adecuaci\u00f3n. Por otra parte, se realizaron 1.132 reservas de frecuencias de radios para municipios y 36\u2026","rel":"","context":"En \u00abMedios\u00bb","block_context":{"text":"Medios","link":"https:\/\/www.24baires.com\/?cat=54"},"img":{"alt_text":"AFSCA REUNION DIRECTORIO","src":"https:\/\/i0.wp.com\/www.24baires.com\/wp-content\/uploads\/2013\/04\/AFSCA-REUNION-DIRECTORIO.jpg?resize=350%2C200","width":350,"height":200,"srcset":"https:\/\/i0.wp.com\/www.24baires.com\/wp-content\/uploads\/2013\/04\/AFSCA-REUNION-DIRECTORIO.jpg?resize=350%2C200 1x, https:\/\/i0.wp.com\/www.24baires.com\/wp-content\/uploads\/2013\/04\/AFSCA-REUNION-DIRECTORIO.jpg?resize=525%2C300 1.5x"},"classes":[]}],"jetpack_sharing_enabled":true,"jetpack_likes_enabled":true,"_links":{"self":[{"href":"https:\/\/www.24baires.com\/index.php?rest_route=\/wp\/v2\/posts\/4275","targetHints":{"allow":["GET"]}}],"collection":[{"href":"https:\/\/www.24baires.com\/index.php?rest_route=\/wp\/v2\/posts"}],"about":[{"href":"https:\/\/www.24baires.com\/index.php?rest_route=\/wp\/v2\/types\/post"}],"author":[{"embeddable":true,"href":"https:\/\/www.24baires.com\/index.php?rest_route=\/wp\/v2\/users\/4"}],"replies":[{"embeddable":true,"href":"https:\/\/www.24baires.com\/index.php?rest_route=%2Fwp%2Fv2%2Fcomments&post=4275"}],"version-history":[{"count":3,"href":"https:\/\/www.24baires.com\/index.php?rest_route=\/wp\/v2\/posts\/4275\/revisions"}],"predecessor-version":[{"id":4289,"href":"https:\/\/www.24baires.com\/index.php?rest_route=\/wp\/v2\/posts\/4275\/revisions\/4289"}],"wp:attachment":[{"href":"https:\/\/www.24baires.com\/index.php?rest_route=%2Fwp%2Fv2%2Fmedia&parent=4275"}],"wp:term":[{"taxonomy":"category","embeddable":true,"href":"https:\/\/www.24baires.com\/index.php?rest_route=%2Fwp%2Fv2%2Fcategories&post=4275"},{"taxonomy":"post_tag","embeddable":true,"href":"https:\/\/www.24baires.com\/index.php?rest_route=%2Fwp%2Fv2%2Ftags&post=4275"}],"curies":[{"name":"wp","href":"https:\/\/api.w.org\/{rel}","templated":true}]}}