{"id":4268,"date":"2012-11-03T11:00:11","date_gmt":"2012-11-03T14:00:11","guid":{"rendered":"http:\/\/www.24baires.com\/?p=4268"},"modified":"2012-11-03T11:00:11","modified_gmt":"2012-11-03T14:00:11","slug":"comerciantes-de-la-salada-capacitan-para-lograr-el-emprendimiento-propio","status":"publish","type":"post","link":"https:\/\/www.24baires.com\/?p=4268","title":{"rendered":"Comerciantes de La Salada capacitan para lograr el emprendimiento propio"},"content":{"rendered":"<p><img data-recalc-dims=\"1\" loading=\"lazy\" decoding=\"async\" class=\"alignleft size-medium wp-image-4272\" title=\"taller la salada\" src=\"https:\/\/i0.wp.com\/www.24baires.com\/wp-content\/uploads\/2012\/11\/taller-la-salada.jpg?resize=300%2C179\" alt=\"\" width=\"300\" height=\"179\" srcset=\"https:\/\/i0.wp.com\/www.24baires.com\/wp-content\/uploads\/2012\/11\/taller-la-salada.jpg?resize=300%2C179&amp;ssl=1 300w, https:\/\/i0.wp.com\/www.24baires.com\/wp-content\/uploads\/2012\/11\/taller-la-salada.jpg?w=560&amp;ssl=1 560w\" sizes=\"auto, (max-width: 300px) 100vw, 300px\" \/>Comerciantes y talleristas que operan en la tradicional feria La Salada, en el sur del GBA, pusieron en marcha -a principios de este a\u00f1o- una serie de talleres gratuitos de formaci\u00f3n sobre industria textil.<!--more--><br \/>\nLos talleres est\u00e1n orientados hacia personas con menores competencias laborales, con el objetivo de capacitarlas para mejorar su perfil en el mercado laboral o gestionar su propio microemprendimiento.<br \/>\nLa iniciativa cuenta con el apoyo del Instituto Nacional de Tecnolog\u00eda Industrial (UIA), la Universidad de Buenos Aires (UBA) y la Universidad Tecnol\u00f3gica Nacional (UTN) que aportan sus conocimientos para organizar y llevar adelante este ciclo formador.<br \/>\nDesde comienzos de este a\u00f1o, una cincuentena de personas acuden a la convocatoria lanzada por el administrador de la Feria, Jorge Castillo, para todos aquellos que quieran iniciarse en el oficio de cortadores, costureros, confeccionistas de ropa y realizadores de molder\u00eda.<br \/>\nAs\u00ed se arm\u00f3 la primera camada de \u201cestudiantes\u201d que semanalmente concurre a las clases dadas dentro del complejo conocido como Punta Mogotes a orillas del Riachuelo, en Ingeniero Budge, partido de Lomas de Zamora.<br \/>\nDocentes de la carrera de Dise\u00f1o de Indumentaria de la UBA y de Ingenier\u00eda Textil de la UTN ense\u00f1an a personas que ya se animaron a coser o a cortar, todos los oficios y especialidades vinculadas al rubro textil.<br \/>\nEl INTI tambi\u00e9n aporta t\u00e9cnicos; y el espacio y las m\u00e1quinas son cedidos por la Asociaci\u00f3n Civil de Comerciantes e Industriales Profesionales del Conurbano Sur, entidad conformada por feriantes de La Salada y potenciales empleadores de estos j\u00f3venes en el corto plazo.<br \/>\n\u201cLo que hacemos en este taller es una capacitaci\u00f3n integral de los emprendedores. Partimos de d\u00f3nde se pueden comprar los materiales, ayudamos a reconocer los distintos materiales textiles que hay, c\u00f3mo se realiza un dise\u00f1o, qu\u00e9 cosas se deben tener en cuenta, hasta llegar a la producci\u00f3n\u201d, indic\u00f3 a T\u00e9lam, Omar Torres, ingeniero textil del INTI, de la Gerencia de Proyectos Especiales, Programa Tecnolog\u00edas Sustentables.<br \/>\nDestac\u00f3 que \u201cel objetivo es generar el afloramiento de la creatividad de los emprendedores\u201d, y advirti\u00f3 que \u201ctambi\u00e9n hay una etapa comercial en la cual aprenden a realizar un costeo y la venta de lo producido\u201d.<br \/>\nAdem\u00e1s subray\u00f3 que \u201cse abordan los distintos tipos de formatos asociativos que pueden adoptar, como emprendimientos familiares, juntarse con vecinos o formar una cooperativa de trabajo\u201d.<br \/>\n\u201cLa idea es que puedan tener la mirada puesta en la legitimaci\u00f3n de su trabajo, operar en la legalidad y en un marco de reconocimiento social\u201d afirm\u00f3 Torres, quien remarc\u00f3 que \u201cla mirada de base est\u00e1 puesta en que puedan aprender desde cero algo que no saben, o mejorar conocimientos adquiridos\u201d.<br \/>\nDestac\u00f3 que \u201cel taller es participativo, se comparte el conocimiento\u201d, y a\u00f1adi\u00f3 que \u201cla mirada de fondo que tenemos conjuntamente es lo sustentable en lo econ\u00f3mico, lo ambiental y lo social\u201d.<br \/>\n\u201cEsta poblaci\u00f3n emergente, creciente, est\u00e1 produciendo cambios positivos a pasos agigantados\u201d, puntualiz\u00f3 el ingeniero del INTI.<br \/>\nLos talleres tambi\u00e9n cuentan con un \u00e1rea de aprendizaje de reciclado, para incorporar los desechos al siguiente ciclo productivo.<br \/>\nEn cada pared se puede leer un cartel de \u201cemisi\u00f3n cero\u201d, y es en este aspecto donde la participaci\u00f3n del INTI se vuelve clave.<br \/>\nPronto abrir\u00e1n tambi\u00e9n un taller de calzado y el objetivo final es contar con una Escuela de Artes y Oficios, que ya se est\u00e1 construyendo en el predio y comenzar\u00eda a funcionar el a\u00f1o pr\u00f3ximo.<br \/>\nAll\u00ed se podr\u00e1n desarrollar una serie de capacitaciones -porque los requerimientos poblacionales son muchos- como talleres de electricidad, mec\u00e1nica, estampado, textil, soldadura, seguridad e higiene, carpinter\u00eda o inform\u00e1tica.<br \/>\n\u201cEl \u00e9xito de esta iniciativa -cero deserci\u00f3n, aumento de inscriptos, necesidad de ampliar los talleres- nos llev\u00f3 a ofrecerlo como alternativa para j\u00f3venes que est\u00e9n judicializados o en riesgo\u201d, se\u00f1al\u00f3 Jorge Castillo, el administrador de La Salada, y mentor de la iniciativa.<br \/>\nY remarc\u00f3 que como \u201cla feria es pujante y din\u00e1mica\u201d, quien \u201cse sume a esa l\u00f3gica y aprenda el oficio, r\u00e1pidamente podr\u00e1 vivir con dignidad gracias a su trabajo, a lo producido con sus manos. Nuestro lema es `precio justo, trabajo digno`\u201d.<br \/>\nEn ese sentido, representantes de la Defensor\u00eda del Menor de Lomas de Zamora ya visitaron las instalaciones y conversaron largamente con coordinadores y aprendices, al cabo de lo cual se mostraron muy interesados en llevar a menores internos y procesados a capacitarse.<\/p>\n","protected":false},"excerpt":{"rendered":"<p>Comerciantes y talleristas que operan en la tradicional feria La Salada, en el sur del GBA, pusieron en marcha -a principios de este a\u00f1o- una serie de talleres gratuitos de formaci\u00f3n sobre industria textil.<\/p>\n","protected":false},"author":4,"featured_media":0,"comment_status":"open","ping_status":"open","sticky":false,"template":"","format":"standard","meta":{"_jetpack_newsletter_access":"","_jetpack_dont_email_post_to_subs":false,"_jetpack_newsletter_tier_id":0,"_jetpack_memberships_contains_paywalled_content":false,"_jetpack_memberships_contains_paid_content":false,"footnotes":""},"categories":[1],"tags":[],"class_list":["post-4268","post","type-post","status-publish","format-standard","hentry","category-sociedad"],"jetpack_featured_media_url":"","jetpack_shortlink":"https:\/\/wp.me\/p2JWE0-16Q","jetpack-related-posts":[{"id":57006,"url":"https:\/\/www.24baires.com\/?p=57006","url_meta":{"origin":4268,"position":0},"title":"Comenz\u00f3 la octava feria del libro de Florencio Varela","author":"GB","date":"12\/11\/2014","format":false,"excerpt":"El evento tendr\u00e1 la entrada libre y gratuita y habr\u00e1 diversas actividades, como debates, conferencias, talleres participativos, presentaciones de libros, capacitaciones, caf\u00e9 literario y actividades educativas-recreativas. Adem\u00e1s, se estar\u00e1n presentando Osvaldo Bayer, Dar\u00edo Sztajnszrajber y Rocambole. La octava Feria del Libro de Florencio Varela comenz\u00f3 ayer y se llevar\u00e1 a\u2026","rel":"","context":"En \u00abSociedad\u00bb","block_context":{"text":"Sociedad","link":"https:\/\/www.24baires.com\/?cat=1"},"img":{"alt_text":"feria del libro fv","src":"https:\/\/i0.wp.com\/www.24baires.com\/wp-content\/uploads\/2014\/11\/feria-del-libro-fv.jpg?resize=350%2C200","width":350,"height":200,"srcset":"https:\/\/i0.wp.com\/www.24baires.com\/wp-content\/uploads\/2014\/11\/feria-del-libro-fv.jpg?resize=350%2C200 1x, https:\/\/i0.wp.com\/www.24baires.com\/wp-content\/uploads\/2014\/11\/feria-del-libro-fv.jpg?resize=525%2C300 1.5x"},"classes":[]},{"id":35616,"url":"https:\/\/www.24baires.com\/?p=35616","url_meta":{"origin":4268,"position":1},"title":"Capacitan a mujeres para la construcci\u00f3n y refacci\u00f3n de viviendas","author":"AF","date":"23\/11\/2013","format":false,"excerpt":"A trav\u00e9s de un sistema sencillo, se promueve una salida laboral y la posibilidad de que cada una pueda mejorar su propia vivienda. \u201cEllas Hacen\u201d es un programa nacional creado por la presidente Cristina Fern\u00e1ndez y puesto en marcha por la ministra de Desarrollo Social Alicia Kirchner. La coordinadora del\u2026","rel":"","context":"En \u00abSociedad\u00bb","block_context":{"text":"Sociedad","link":"https:\/\/www.24baires.com\/?cat=1"},"img":{"alt_text":"","src":"","width":0,"height":0},"classes":[]},{"id":44586,"url":"https:\/\/www.24baires.com\/?p=44586","url_meta":{"origin":4268,"position":2},"title":"Arba realiz\u00f3 un operativo sorpresa en La Salada","author":"AF","date":"24\/04\/2014","format":false,"excerpt":"Un sorpresivo operativo de fiscalizaci\u00f3n fue desarrollado esta madrugada por la Agencia de Recaudaci\u00f3n de la provincia de Buenos Aires (ARBA) en la feria \"La Salada\", en el partido bonaerense de Lomas de Zamora. Los inspectores del organismo tributario bonaerense, acompa\u00f1ados por efectivos policiales, arribaron a las 3.40 al centro\u2026","rel":"","context":"En \u00abEconom\u00eda\u00bb","block_context":{"text":"Econom\u00eda","link":"https:\/\/www.24baires.com\/?cat=45"},"img":{"alt_text":"salada","src":"https:\/\/i0.wp.com\/www.24baires.com\/wp-content\/uploads\/2014\/04\/salada.jpg?resize=350%2C200","width":350,"height":200,"srcset":"https:\/\/i0.wp.com\/www.24baires.com\/wp-content\/uploads\/2014\/04\/salada.jpg?resize=350%2C200 1x, https:\/\/i0.wp.com\/www.24baires.com\/wp-content\/uploads\/2014\/04\/salada.jpg?resize=525%2C300 1.5x"},"classes":[]},{"id":46285,"url":"https:\/\/www.24baires.com\/?p=46285","url_meta":{"origin":4268,"position":3},"title":"El pr\u00f3ximo viernes comenzar\u00e1 la 2\u00b0 edici\u00f3n de la Feria del Libro en La Plata","author":"GB","date":"19\/05\/2014","format":false,"excerpt":"Luego del \u00e9xito de la primera Feria del Libro \u201cCiudad de La Plata\u201d, vuelve la segunda edici\u00f3n de lo que ser\u00e1 el evento cultural m\u00e1s importante del a\u00f1o en nuestra ciudad, desde el 23 de mayo hasta el 1 de junio a partir de las 13hs en el Pasaje Dardo\u2026","rel":"","context":"En \u00abSociedad\u00bb","block_context":{"text":"Sociedad","link":"https:\/\/www.24baires.com\/?cat=1"},"img":{"alt_text":"feria del libro","src":"https:\/\/i0.wp.com\/www.24baires.com\/wp-content\/uploads\/2014\/05\/feria-del-libro.jpg?resize=350%2C200","width":350,"height":200,"srcset":"https:\/\/i0.wp.com\/www.24baires.com\/wp-content\/uploads\/2014\/05\/feria-del-libro.jpg?resize=350%2C200 1x, https:\/\/i0.wp.com\/www.24baires.com\/wp-content\/uploads\/2014\/05\/feria-del-libro.jpg?resize=525%2C300 1.5x"},"classes":[]},{"id":35728,"url":"https:\/\/www.24baires.com\/?p=35728","url_meta":{"origin":4268,"position":4},"title":"Malvinas Argentinas: las patotas de Cariglino deber\u00e1n declarar el 28 pr\u00f3ximo","author":"GB","date":"25\/11\/2013","format":false,"excerpt":"La fiscal Silvia Bazzani Gonz\u00e1lez los cit\u00f3 luego de ser identificados por las v\u00edctimas en varias ruedas de reconocimiento. Se los vincula con las golpizas que sufrieron familiares de casos de mala praxis y periodistas durante la manifestaci\u00f3n del 5 de junio de 2012 al hospital local \u201cClaudio Zin\u201d. Los\u2026","rel":"","context":"En \u00abLocales\u00bb","block_context":{"text":"Locales","link":"https:\/\/www.24baires.com\/?cat=38"},"img":{"alt_text":"","src":"","width":0,"height":0},"classes":[]},{"id":26528,"url":"https:\/\/www.24baires.com\/?p=26528","url_meta":{"origin":4268,"position":5},"title":"Llega a La Plata el primer refugio municipal de atenci\u00f3n a v\u00edctimas de violencia de g\u00e9nero","author":"AF","date":"21\/06\/2013","format":false,"excerpt":"El intendente de La Plata, Pablo Bruera, anunci\u00f3 la puesta en marcha del Primer Refugio Municipal de Atenci\u00f3n a V\u00edctimas de Violencia de G\u00e9nero. Este espacio forma parte de un sistema integral que prev\u00e9, adem\u00e1s, la aplicaci\u00f3n de mecanismos de prevenci\u00f3n, contenci\u00f3n, capacitaci\u00f3n e inclusi\u00f3n de la mujer violentada. El\u2026","rel":"","context":"En \u00abLocales\u00bb","block_context":{"text":"Locales","link":"https:\/\/www.24baires.com\/?cat=38"},"img":{"alt_text":"","src":"","width":0,"height":0},"classes":[]}],"jetpack_sharing_enabled":true,"jetpack_likes_enabled":true,"_links":{"self":[{"href":"https:\/\/www.24baires.com\/index.php?rest_route=\/wp\/v2\/posts\/4268","targetHints":{"allow":["GET"]}}],"collection":[{"href":"https:\/\/www.24baires.com\/index.php?rest_route=\/wp\/v2\/posts"}],"about":[{"href":"https:\/\/www.24baires.com\/index.php?rest_route=\/wp\/v2\/types\/post"}],"author":[{"embeddable":true,"href":"https:\/\/www.24baires.com\/index.php?rest_route=\/wp\/v2\/users\/4"}],"replies":[{"embeddable":true,"href":"https:\/\/www.24baires.com\/index.php?rest_route=%2Fwp%2Fv2%2Fcomments&post=4268"}],"version-history":[{"count":1,"href":"https:\/\/www.24baires.com\/index.php?rest_route=\/wp\/v2\/posts\/4268\/revisions"}],"predecessor-version":[{"id":4273,"href":"https:\/\/www.24baires.com\/index.php?rest_route=\/wp\/v2\/posts\/4268\/revisions\/4273"}],"wp:attachment":[{"href":"https:\/\/www.24baires.com\/index.php?rest_route=%2Fwp%2Fv2%2Fmedia&parent=4268"}],"wp:term":[{"taxonomy":"category","embeddable":true,"href":"https:\/\/www.24baires.com\/index.php?rest_route=%2Fwp%2Fv2%2Fcategories&post=4268"},{"taxonomy":"post_tag","embeddable":true,"href":"https:\/\/www.24baires.com\/index.php?rest_route=%2Fwp%2Fv2%2Ftags&post=4268"}],"curies":[{"name":"wp","href":"https:\/\/api.w.org\/{rel}","templated":true}]}}