{"id":42671,"date":"2014-03-24T15:30:22","date_gmt":"2014-03-24T18:30:22","guid":{"rendered":"http:\/\/www.24baires.com\/?p=42671"},"modified":"2014-03-24T14:54:05","modified_gmt":"2014-03-24T17:54:05","slug":"los-juicios-por-los-crimenes-de-la-dictadura-y-la-ensenanza-tradicional-del-derecho","status":"publish","type":"post","link":"https:\/\/www.24baires.com\/?p=42671","title":{"rendered":"Los juicios por los cr\u00edmenes de la dictadura y la ense\u00f1anza tradicional del Derecho"},"content":{"rendered":"<p><img data-recalc-dims=\"1\" loading=\"lazy\" decoding=\"async\" class=\"aligncenter size-full wp-image-5383\" alt=\"juicio lesa humanidad\" src=\"https:\/\/i0.wp.com\/www.24baires.com\/wp-content\/uploads\/2012\/11\/juicio-lesa-humanidad.jpg?resize=560%2C376\" width=\"560\" height=\"376\" srcset=\"https:\/\/i0.wp.com\/www.24baires.com\/wp-content\/uploads\/2012\/11\/juicio-lesa-humanidad.jpg?w=560&amp;ssl=1 560w, https:\/\/i0.wp.com\/www.24baires.com\/wp-content\/uploads\/2012\/11\/juicio-lesa-humanidad.jpg?resize=300%2C201&amp;ssl=1 300w\" sizes=\"auto, (max-width: 560px) 100vw, 560px\" \/><em>(Por Mariano Gaitan)<\/em> Los notables avances del proceso de Memoria, Verdad y Justicia han convertido a nuestro pa\u00eds en un ejemplo a nivel mundial en materia de lucha contra la impunidad. Desde la reapertura de las causas por las violaciones a los derechos humanos cometidas durante la \u00faltima dictadura, m\u00e1s de 500 acusados han sido condenados por cr\u00edmenes contra la humanidad y m\u00e1s de 1000 han sido procesados y ser\u00e1n juzgados pr\u00f3ximamente. Entre los imputados se encuentran altos mandos de las Fuerzas Armadas que planearon los cr\u00edmenes, ejecutores directos de las torturas y desapariciones y, m\u00e1s recientemente, civiles que colaboraron con el terrorismo de Estado \u2015incluyendo miembros de la administraci\u00f3n de justicia y empresarios. <!--more--><\/p>\n<p>Las investigaciones y juicios por los cr\u00edmenes de la dictadura han tenido un gran impacto en el campo jur\u00eddico-penal. Estos procesos impulsaron novedosos desarrollos doctrinarios, jurisprudenciales y normativos, a la vez que originaron nuevas pr\u00e1cticas de litigio y nuevas formas de organizaci\u00f3n de la administraci\u00f3n de justicia. Ejemplos de estas transformaciones son las elaboraciones dogm\u00e1ticas y jurisprudenciales sobre la autor\u00eda, los tipos penales y las causas de justificaci\u00f3n aplicables a los cr\u00edmenes de Estado; la incorporaci\u00f3n de la querella colectiva en el proceso penal; las estrategias implementadas por el Poder Judicial para hacer frente a la investigaci\u00f3n y juzgamiento de delitos complejos, a trav\u00e9s de las Reglas Pr\u00e1cticas dictadas por la C\u00e1mara Federal de Casaci\u00f3n Penal, entre muchas otras cuestiones.<\/p>\n<p>La trascendencia de este fen\u00f3meno, sin embargo, no se ha visto reflejada en el \u00e1mbito acad\u00e9mico, en particular en la Facultad de Derecho de la Universidad de Buenos Aires. Salvo notables excepciones, los juristas y profesores de derecho han permanecido pr\u00e1cticamente indiferentes frente a los juicios por violaciones a los derechos humanos. Muestra de esto son los escasos proyectos de investigaci\u00f3n que hay sobre el tema y la total ausencia de seminarios especializados. Pero lo que resulta m\u00e1s notorio a\u00fan es que los numerosos problemas jur\u00eddicos que surgieron en el marco de los juicios por delitos de lesa humanidad, y las discusiones de la jurisprudencia y la doctrina en torno a estos problemas, no figuran en los contenidos b\u00e1sicos de la carrera de abogac\u00eda.<\/p>\n<p>Basta con leer los programas de estudio de la asignatura \u00abElementos de Derecho Penal y Procesal Penal\u00bb para advertir esta ausencia.<\/p>\n<p>La indiferencia de la comunidad acad\u00e9mica frente a los juicios por violaciones a los derechos humanos es una consecuencia directa de la concepci\u00f3n sobre la ense\u00f1anza del derecho actualmente imperante. Esta concepci\u00f3n, que podr\u00edamos llamar \u00abtradicional\u00bb, concibe al derecho simplemente como un sistema de normas, despoj\u00e1ndolo de su contenido pol\u00edtico y aisl\u00e1ndolo de su contexto hist\u00f3rico. Esta concepci\u00f3n se rige por un criterio de \u00abcientificidad\u00bb que privilegia el estudio abstracto de las normas \u2015la llamada dogm\u00e1tica jur\u00eddica\u2015 sobre la aplicaci\u00f3n pr\u00e1ctica del saber jur\u00eddico. As\u00ed, a mayor alejamiento de la realidad pr\u00e1ctica, mayor rigor cient\u00edfico adquieren las categor\u00edas jur\u00eddicas.<\/p>\n<p>Es por eso que la mayor\u00eda de los profesores de derecho utilizan casos \u00abde laboratorio\u00bb para explicar la aplicaci\u00f3n de conceptos jur\u00eddicos, sin preguntarse si estos casos se corresponden con los problemas reales que los futuros abogados y jueces deber\u00e1n resolver. Seg\u00fan la postura tradicional sobre la ense\u00f1anza del derecho, es m\u00e1s apropiado para el \u00e1mbito acad\u00e9mico que los estudiantes piensen soluciones a complejos e inusuales problemas te\u00f3ricos en lugar de invitarlos a pensar sobre los problemas actuales que presentan los juicios por delitos de lesa humanidad.<\/p>\n<p>El hecho de que estos problemas acaparan la atenci\u00f3n de los tribunales federales del pa\u00eds desde hace a\u00f1os parece ser irrelevante a la hora de planificar la ense\u00f1anza. Para quienes siguen esta concepci\u00f3n tradicional, lo que se discute en los juicios por los cr\u00edmenes de la dictadura no son problemas del derecho penal y procesal penal. En todo caso son cuestiones propias del campo de estudio de la historia, la sociolog\u00eda o la ciencia pol\u00edtica.<\/p>\n<p>En contra de esta concepci\u00f3n tradicional de la ense\u00f1anza del derecho penal, consideramos que los juicios por los cr\u00edmenes de la dictadura deben ser un componente b\u00e1sico en la formaci\u00f3n de los futuros abogados.<\/p>\n<p>La importancia de integrar estos temas a la ense\u00f1anza del derecho se justifica, en primer lugar, por su utilidad pr\u00e1ctica. Como dijimos al comienzo, los juicios por delitos de lesa humanidad han tenido un gran impacto en el derecho. Las nuevas teor\u00edas y pr\u00e1cticas desarrolladas para dar respuestas a problemas jur\u00eddicos espec\u00edficos de estos procesos tendr\u00e1n, seguramente, aplicaci\u00f3n a otros problemas. Por ejemplo, los est\u00e1ndares sobre el delito de tortura en los centros clandestinos de detenci\u00f3n podr\u00edan aplicarse a casos actuales de tortura en establecimientos penitenciaros.<\/p>\n<p>Cualquier abogado penalista que desee ejercer la profesi\u00f3n responsablemente deber\u00eda poseer al menos un conocimiento b\u00e1sico de los desarrollos producidos en los juicios por cr\u00edmenes de lesa humanidad y es responsabilidad de la universidad brindar esos conocimientos.<\/p>\n<p>La incorporaci\u00f3n del proceso de Memoria, Verdad y Justicia en la formaci\u00f3n de los abogados tiene, adem\u00e1s, un valor fundamental para el fortalecimiento de nuestra democracia y la defensa de los derechos humanos. Los juicios por los cr\u00edmenes de la dictadura han arrojado luz sobre una de las etapas m\u00e1s oscuras y dolorosas de nuestra historia. Los miles de testimonios producidos en las audiencias p\u00fablicas han develado los niveles de brutalidad que puede adquirir la violencia estatal organizada.<\/p>\n<p>La ense\u00f1anza del derecho no puede ser indiferente a esta realidad. Estos horrores deber\u00edan recordarnos que el derecho, antes que un sistema de normas \u00abpuras\u00bb, es una herramienta pol\u00edtica que puede servir para contener la violencia estatal o para potenciarla. Esta realidad, en lugar de ser invisibilizada, deber\u00eda ser el punto de partida de la ense\u00f1anza del derecho, para que los futuros abogados est\u00e9n alertas frente a las desviaciones totalitarias del derecho y puedan combatirlas.<\/p>\n<p>&nbsp;<\/p>\n<p>&nbsp;<\/p>\n<p>&nbsp;<\/p>\n<p>&nbsp;<\/p>\n<p>&nbsp;<\/p>\n<p>&nbsp;<\/p>\n<p>&nbsp;<\/p>\n<p>&nbsp;<\/p>\n<p>&nbsp;<\/p>\n<p>&nbsp;<\/p>\n<p>&nbsp;<\/p>\n<p>&nbsp;<\/p>\n<p>&nbsp;<\/p>\n<p>&nbsp;<\/p>\n<p>&nbsp;<\/p>\n<p>&nbsp;<\/p>\n<p>&nbsp;<\/p>\n<p>&nbsp;<\/p>\n","protected":false},"excerpt":{"rendered":"<p>(Por Mariano Gaitan) Los notables avances del proceso de Memoria, Verdad y Justicia han convertido a nuestro pa\u00eds en un ejemplo a nivel mundial en materia de lucha contra la impunidad. Desde la reapertura de las causas por las violaciones a los derechos humanos cometidas durante la \u00faltima dictadura, m\u00e1s de 500 acusados han sido condenados por cr\u00edmenes contra la [&#8230;]<\/p>\n","protected":false},"author":11,"featured_media":0,"comment_status":"open","ping_status":"open","sticky":false,"template":"","format":"standard","meta":{"_jetpack_newsletter_access":"","_jetpack_dont_email_post_to_subs":false,"_jetpack_newsletter_tier_id":0,"_jetpack_memberships_contains_paywalled_content":false,"_jetpack_memberships_contains_paid_content":false,"footnotes":""},"categories":[64],"tags":[],"class_list":["post-42671","post","type-post","status-publish","format-standard","hentry","category-opinion"],"jetpack_featured_media_url":"","jetpack_shortlink":"https:\/\/wp.me\/p2JWE0-b6f","jetpack-related-posts":[{"id":121443,"url":"https:\/\/www.24baires.com\/?p=121443","url_meta":{"origin":42671,"position":0},"title":"Comenz\u00f3 un nuevo juicio por cr\u00edmenes de lesa humanidad cometidos en la ex Comisar\u00eda 5ta de La Plata","author":"GB","date":"25\/06\/2024","format":false,"excerpt":"Cinco represores, dos de ellos ya fallecidos, enfrentar\u00e1n la justicia por cr\u00edmenes cometidos en la ex Comisar\u00eda 5ta de La Plata, donde funcion\u00f3 un Centro Clandestino de Detenci\u00f3n y una Maternidad Clandestina entre 1976 y 1978. Este jueves 27 de junio comenzar\u00e1 en el Tribunal Oral en lo Criminal Federal\u2026","rel":"","context":"En \u00abMemoria\u00bb","block_context":{"text":"Memoria","link":"https:\/\/www.24baires.com\/?cat=50"},"img":{"alt_text":"","src":"https:\/\/i0.wp.com\/www.24baires.com\/wp-content\/uploads\/2024\/06\/comisaria-5ta-lp.webp?resize=350%2C200","width":350,"height":200,"srcset":"https:\/\/i0.wp.com\/www.24baires.com\/wp-content\/uploads\/2024\/06\/comisaria-5ta-lp.webp?resize=350%2C200 1x, https:\/\/i0.wp.com\/www.24baires.com\/wp-content\/uploads\/2024\/06\/comisaria-5ta-lp.webp?resize=525%2C300 1.5x, https:\/\/i0.wp.com\/www.24baires.com\/wp-content\/uploads\/2024\/06\/comisaria-5ta-lp.webp?resize=700%2C400 2x"},"classes":[]},{"id":114235,"url":"https:\/\/www.24baires.com\/?p=114235","url_meta":{"origin":42671,"position":1},"title":"Mar del Plata: piden condena perpetua para 13 represores por delitos de Lesa Humanidad","author":"GB","date":"28\/02\/2020","format":false,"excerpt":"Es en el marco del \u201cJuicio acomulado\u201d por delitos de lesa humanidad cometidos en la Subzona 15 y los centros clandestinos de detenci\u00f3n conocidos como \u201cLa Cueva\u201d y \u201cBase Naval\u201d. Tras dos a\u00f1os de debate oral, el \u201cjuicio acumulado\u201d que se realiza en Mar del Plata, donde se abordan distintos\u2026","rel":"","context":"En \u00abMemoria\u00bb","block_context":{"text":"Memoria","link":"https:\/\/www.24baires.com\/?cat=50"},"img":{"alt_text":"","src":"https:\/\/i0.wp.com\/www.24baires.com\/wp-content\/uploads\/2020\/02\/la-cueva.jpg?resize=350%2C200","width":350,"height":200,"srcset":"https:\/\/i0.wp.com\/www.24baires.com\/wp-content\/uploads\/2020\/02\/la-cueva.jpg?resize=350%2C200 1x, https:\/\/i0.wp.com\/www.24baires.com\/wp-content\/uploads\/2020\/02\/la-cueva.jpg?resize=525%2C300 1.5x"},"classes":[]},{"id":100758,"url":"https:\/\/www.24baires.com\/?p=100758","url_meta":{"origin":42671,"position":2},"title":"Muri\u00f3 el genocida Luciano Benjam\u00edn Men\u00e9ndez","author":"GB","date":"27\/02\/2018","format":false,"excerpt":"El Hospital Militar de C\u00f3rdoba confirm\u00f3 la muerte del represor de 90 a\u00f1os, condenado a 13 cadenas perpetuas por cr\u00edmenes de lesa humanidad. El excomandante del Tercer Cuerpo de Ej\u00e9rcito Lleg\u00f3 a ser condenado en c\u00e1rcel com\u00fan, perpetua y efectiva. Estaba internado desde el 7 de febrero en el hospital\u2026","rel":"","context":"En \u00abMemoria\u00bb","block_context":{"text":"Memoria","link":"https:\/\/www.24baires.com\/?cat=50"},"img":{"alt_text":"","src":"https:\/\/i0.wp.com\/www.24baires.com\/wp-content\/uploads\/2014\/07\/Men%C3%A9ndez-y-Estrella.jpg?resize=350%2C200","width":350,"height":200,"srcset":"https:\/\/i0.wp.com\/www.24baires.com\/wp-content\/uploads\/2014\/07\/Men%C3%A9ndez-y-Estrella.jpg?resize=350%2C200 1x, https:\/\/i0.wp.com\/www.24baires.com\/wp-content\/uploads\/2014\/07\/Men%C3%A9ndez-y-Estrella.jpg?resize=525%2C300 1.5x"},"classes":[]},{"id":119059,"url":"https:\/\/www.24baires.com\/?p=119059","url_meta":{"origin":42671,"position":3},"title":"Se conocer\u00e1 el veredicto en la megacausa de Campo de Mayo","author":"GB","date":"06\/07\/2022","format":false,"excerpt":"Este mi\u00e9rcoles termina el juicio que se inici\u00f3 en 2019 y en el que declararon m\u00e1s de 300 testigos. El Tribunal Oral en lo Criminal Federal N\u00b0 1 de San Mart\u00edn dar\u00e1 a conocer este mi\u00e9rcoles el veredicto en la megacausa de Campo de Mayo, donde declararon m\u00e1s de 300\u2026","rel":"","context":"En \u00abMemoria\u00bb","block_context":{"text":"Memoria","link":"https:\/\/www.24baires.com\/?cat=50"},"img":{"alt_text":"","src":"https:\/\/i0.wp.com\/www.24baires.com\/wp-content\/uploads\/2022\/07\/campo-mayo.jpg?resize=350%2C200","width":350,"height":200,"srcset":"https:\/\/i0.wp.com\/www.24baires.com\/wp-content\/uploads\/2022\/07\/campo-mayo.jpg?resize=350%2C200 1x, https:\/\/i0.wp.com\/www.24baires.com\/wp-content\/uploads\/2022\/07\/campo-mayo.jpg?resize=525%2C300 1.5x, https:\/\/i0.wp.com\/www.24baires.com\/wp-content\/uploads\/2022\/07\/campo-mayo.jpg?resize=700%2C400 2x"},"classes":[]},{"id":113370,"url":"https:\/\/www.24baires.com\/?p=113370","url_meta":{"origin":42671,"position":4},"title":"Detuvieron en Francia al represor Mario Sandoval y confirmaron su extradici\u00f3n","author":"GB","date":"12\/12\/2019","format":false,"excerpt":"La investigaci\u00f3n busca esclarecer el secuestro del joven militante Hern\u00e1n Abriata. Ser\u00eda trasladado la semana pr\u00f3xima. Las autoridades de Francia detuvieron este mi\u00e9rcoles al ex polic\u00eda argentino de la dictadura militar Mario Sandoval, cerca de Par\u00eds. \"El Consejo de Estado consider\u00f3 que la extradici\u00f3n no privar\u00e1 a Sandoval de sus\u2026","rel":"","context":"En \u00abMemoria\u00bb","block_context":{"text":"Memoria","link":"https:\/\/www.24baires.com\/?cat=50"},"img":{"alt_text":"","src":"https:\/\/i0.wp.com\/www.24baires.com\/wp-content\/uploads\/2019\/12\/0037226861.jpg?resize=350%2C200","width":350,"height":200},"classes":[]},{"id":117154,"url":"https:\/\/www.24baires.com\/?p=117154","url_meta":{"origin":42671,"position":5},"title":"Mar del Plata: comienza el juicio a siete imputados por violaciones a los derechos humanos","author":"GB","date":"08\/02\/2021","format":false,"excerpt":"Los exmiembros del Ej\u00e9rcito ser\u00e1n juzgados en el Tribunal Oral en Criminal Federal 1 Siete exmiembros del Ej\u00e9rcito ser\u00e1n juzgados a partir de este lunes por el Tribunal Oral en Criminal Federal 1 (TOF 1) de la ciudad de Mar del Plata, acusados por violaciones a los derechos humanos cometidas\u2026","rel":"","context":"En \u00abMemoria\u00bb","block_context":{"text":"Memoria","link":"https:\/\/www.24baires.com\/?cat=50"},"img":{"alt_text":"","src":"https:\/\/i0.wp.com\/www.24baires.com\/wp-content\/uploads\/2019\/09\/tribunal-penal-mdp.jpg?resize=350%2C200","width":350,"height":200,"srcset":"https:\/\/i0.wp.com\/www.24baires.com\/wp-content\/uploads\/2019\/09\/tribunal-penal-mdp.jpg?resize=350%2C200 1x, https:\/\/i0.wp.com\/www.24baires.com\/wp-content\/uploads\/2019\/09\/tribunal-penal-mdp.jpg?resize=525%2C300 1.5x"},"classes":[]}],"jetpack_sharing_enabled":true,"jetpack_likes_enabled":true,"_links":{"self":[{"href":"https:\/\/www.24baires.com\/index.php?rest_route=\/wp\/v2\/posts\/42671","targetHints":{"allow":["GET"]}}],"collection":[{"href":"https:\/\/www.24baires.com\/index.php?rest_route=\/wp\/v2\/posts"}],"about":[{"href":"https:\/\/www.24baires.com\/index.php?rest_route=\/wp\/v2\/types\/post"}],"author":[{"embeddable":true,"href":"https:\/\/www.24baires.com\/index.php?rest_route=\/wp\/v2\/users\/11"}],"replies":[{"embeddable":true,"href":"https:\/\/www.24baires.com\/index.php?rest_route=%2Fwp%2Fv2%2Fcomments&post=42671"}],"version-history":[{"count":1,"href":"https:\/\/www.24baires.com\/index.php?rest_route=\/wp\/v2\/posts\/42671\/revisions"}],"predecessor-version":[{"id":42672,"href":"https:\/\/www.24baires.com\/index.php?rest_route=\/wp\/v2\/posts\/42671\/revisions\/42672"}],"wp:attachment":[{"href":"https:\/\/www.24baires.com\/index.php?rest_route=%2Fwp%2Fv2%2Fmedia&parent=42671"}],"wp:term":[{"taxonomy":"category","embeddable":true,"href":"https:\/\/www.24baires.com\/index.php?rest_route=%2Fwp%2Fv2%2Fcategories&post=42671"},{"taxonomy":"post_tag","embeddable":true,"href":"https:\/\/www.24baires.com\/index.php?rest_route=%2Fwp%2Fv2%2Ftags&post=42671"}],"curies":[{"name":"wp","href":"https:\/\/api.w.org\/{rel}","templated":true}]}}