{"id":4262,"date":"2012-11-03T10:50:08","date_gmt":"2012-11-03T13:50:08","guid":{"rendered":"http:\/\/www.24baires.com\/?p=4262"},"modified":"2012-11-03T10:56:03","modified_gmt":"2012-11-03T13:56:03","slug":"randazzo-aclaro-que-el-tren-que-tardo-12-horas-a-mar-del-plata-responde-a-un-servicio-prestado-por-el-gobierno-de-la-provincia-de-buenos-aires","status":"publish","type":"post","link":"https:\/\/www.24baires.com\/?p=4262","title":{"rendered":"Randazzo aclar\u00f3 que el tren que tard\u00f3 12 horas a Mar del Plata es un \u00abservicio de la Provincia\u00bb"},"content":{"rendered":"<p><img data-recalc-dims=\"1\" loading=\"lazy\" decoding=\"async\" class=\"alignleft size-medium wp-image-4263\" title=\"randazzo\" src=\"https:\/\/i0.wp.com\/www.24baires.com\/wp-content\/uploads\/2012\/11\/randazzo.jpg?resize=300%2C179\" alt=\"\" width=\"300\" height=\"179\" srcset=\"https:\/\/i0.wp.com\/www.24baires.com\/wp-content\/uploads\/2012\/11\/randazzo.jpg?resize=300%2C179&amp;ssl=1 300w, https:\/\/i0.wp.com\/www.24baires.com\/wp-content\/uploads\/2012\/11\/randazzo.jpg?w=560&amp;ssl=1 560w\" sizes=\"auto, (max-width: 300px) 100vw, 300px\" \/>Florencio Randazzo sali\u00f3 al cruce de versiones period\u00edsticas y aclar\u00f3 que el tren que se dirig\u00eda a Mar del Plata y sufri\u00f3 demoras \u201cnada tiene que ver con un servicio que presta el Gobierno nacional\u201d.<!--more--><br \/>\n\u201cCon su habitual mala intenci\u00f3n, aparece una nota publicada en el diario Clar\u00edn en la que se refieren a un tren que tard\u00f3 doce horas a Mar del Plata y nunca aclaran que se trata de un servicio prestado por el Gobierno de la provincia de Buenos Aires\u201d, se\u00f1al\u00f3 el ministro del Interior y Transporte.<br \/>\n\u00abNosotros estamos haciendo un enorme esfuerzo para mejorar el sistema de transporte p\u00fablico, y lo vamos a hacer con trabajo, transparencia y sin mentiras, mal que le pese a los que en realidad desean una Argentina en la que todo ande mal\u00bb, agreg\u00f3.<br \/>\nEl ministro se\u00f1al\u00f3 que \u201cen su af\u00e1n por transmitir malas noticias y vincular antojadizamente por las mismas al Gobierno nacional, Clar\u00edn miente, tergiversa, y oculta informaci\u00f3n de manera vergonzosa\u201d, agreg\u00f3 a trav\u00e9s de un comunicado de prensa emitido hoy.<br \/>\nEn ese sentido, Randazzo record\u00f3 que \u00e9l mismo firm\u00f3 una resoluci\u00f3n en la que se suspendi\u00f3 el servicio a Mar del Plata que prestaba la Naci\u00f3n y fundament\u00f3 esa decisi\u00f3n en la necesidad de cuidar \u00abel dinero que es de todos los argentinos, ya que se pretend\u00eda cobrar por el mantenimiento del mismo un valor equivalente al que sale una formaci\u00f3n nueva\u201d, concluy\u00f3.<\/p>\n","protected":false},"excerpt":{"rendered":"<p>Florencio Randazzo sali\u00f3 al cruce de versiones period\u00edsticas y aclar\u00f3 que el tren que se dirig\u00eda a Mar del Plata y sufri\u00f3 demoras \u201cnada tiene que ver con un servicio que presta el Gobierno nacional\u201d.<\/p>\n","protected":false},"author":4,"featured_media":0,"comment_status":"open","ping_status":"open","sticky":false,"template":"","format":"standard","meta":{"_jetpack_newsletter_access":"","_jetpack_dont_email_post_to_subs":false,"_jetpack_newsletter_tier_id":0,"_jetpack_memberships_contains_paywalled_content":false,"_jetpack_memberships_contains_paid_content":false,"footnotes":""},"categories":[51],"tags":[],"class_list":["post-4262","post","type-post","status-publish","format-standard","hentry","category-politica"],"jetpack_featured_media_url":"","jetpack_shortlink":"https:\/\/wp.me\/p2JWE0-16K","jetpack-related-posts":[{"id":11932,"url":"https:\/\/www.24baires.com\/?p=11932","url_meta":{"origin":4262,"position":0},"title":"\u00abNo se est\u00e1 en condiciones de prestar ese servicio ferroviario\u00bb, asegur\u00f3 Randazzo","author":"AF","date":"12\/01\/2013","format":false,"excerpt":"El ministro del Interior y Transporte asegur\u00f3 que ese servicio ferroviario que une a la feliz con Constituci\u00f3n \"no\" deber\u00eda prestarse, luego de responsabilizar al gobierno de Buenos Aires por la demora de doce horas que sufri\u00f3 un tren que cubre ese trayecto. \u201cNosotros lo dijimos en varias oportunidades: no\u2026","rel":"","context":"En \u00abPol\u00edtica\u00bb","block_context":{"text":"Pol\u00edtica","link":"https:\/\/www.24baires.com\/?cat=51"},"img":{"alt_text":"tren mdp ba","src":"https:\/\/i0.wp.com\/www.24baires.com\/wp-content\/uploads\/2013\/01\/tren-mdp-ba-300x212.jpg?resize=350%2C200","width":350,"height":200},"classes":[]},{"id":12178,"url":"https:\/\/www.24baires.com\/?p=12178","url_meta":{"origin":4262,"position":1},"title":"Randazzo vs. TN: \u00abS\u00f3lo les importa envenenar a la gente con malas noticias creadas por ellos\u00bb","author":"Grupo Sierra","date":"14\/01\/2013","format":false,"excerpt":"El ministro del Interior y Transporte, Florencio Randazzo, \u00a0afirm\u00f3 que el canal de noticias TN, perteneciente al Grupo Clar\u00edn, \"miente, desinforma e intenta confundir a los televidentes de manera deliberada\". \u00a0Las declaraciones surgen a partir de que el canal de cable adrede endilg\u00f3 a la Naci\u00f3n un problema ferroviario del\u2026","rel":"","context":"En \u00abMedios\u00bb","block_context":{"text":"Medios","link":"https:\/\/www.24baires.com\/?cat=54"},"img":{"alt_text":"","src":"","width":0,"height":0},"classes":[]},{"id":11863,"url":"https:\/\/www.24baires.com\/?p=11863","url_meta":{"origin":4262,"position":2},"title":"Cruce entre Provincia y Naci\u00f3n por la demora de un tren Mar del Plata &#8211; Constituci\u00f3n","author":"AF","date":"11\/01\/2013","format":false,"excerpt":"Tard\u00f3 12 horas en llegar a la Capital desde Mar del Plata, luego de quedar \"varado\" dos veces. El Gobierno nacional culp\u00f3 a Ferrobaires y la empresa bonaerense responsabiliz\u00f3 a la UGOFE, creada por la Naci\u00f3n. La formaci\u00f3n deb\u00eda salir el jueves a las 17 desde la terminal marplatense, aunque\u2026","rel":"","context":"En \u00abPol\u00edtica\u00bb","block_context":{"text":"Pol\u00edtica","link":"https:\/\/www.24baires.com\/?cat=51"},"img":{"alt_text":"tren mdp ba","src":"https:\/\/i0.wp.com\/www.24baires.com\/wp-content\/uploads\/2013\/01\/tren-mdp-ba-300x212.jpg?resize=350%2C200","width":350,"height":200},"classes":[]},{"id":57064,"url":"https:\/\/www.24baires.com\/?p=57064","url_meta":{"origin":4262,"position":3},"title":"Randazzo asegur\u00f3 que el 21 de noviembre correr\u00e1 el primer tren 0 km a Mar del Plata","author":"GB","date":"13\/11\/2014","format":false,"excerpt":"El ministro del Interior y Transporte, Florencio Randazzo, anunci\u00f3 que el 21 de noviembre pr\u00f3ximo comenzar\u00e1n las pruebas del primer tren cero kil\u00f3metro de pasajeros que en el verano unir\u00e1 la Capital Federal con la ciudad balnearia de Mar del Plata. El funcionario destac\u00f3 la renovaci\u00f3n del ramal ya que\u2026","rel":"","context":"En \u00abLocales\u00bb","block_context":{"text":"Locales","link":"https:\/\/www.24baires.com\/?cat=38"},"img":{"alt_text":"randazzo-tres","src":"https:\/\/i0.wp.com\/www.24baires.com\/wp-content\/uploads\/2014\/10\/randazzo-tres.jpg?resize=350%2C200","width":350,"height":200,"srcset":"https:\/\/i0.wp.com\/www.24baires.com\/wp-content\/uploads\/2014\/10\/randazzo-tres.jpg?resize=350%2C200 1x, https:\/\/i0.wp.com\/www.24baires.com\/wp-content\/uploads\/2014\/10\/randazzo-tres.jpg?resize=525%2C300 1.5x"},"classes":[]},{"id":57497,"url":"https:\/\/www.24baires.com\/?p=57497","url_meta":{"origin":4262,"position":4},"title":"\u00abEl 19 de diciembre empieza a prestarse el servicio con trenes 0km a Mar del Plata\u00bb","author":"GB","date":"21\/11\/2014","format":false,"excerpt":"El ministro del Interior y Transporte, Florencio Randazzo, recibi\u00f3 en Mar del Plata el primer tren 0km que realiz\u00f3 un viaje de prueba para reinstalar el servicio, y se\u00f1al\u00f3 que la operatoria \u201cfue exitosa, por lo que confirmamos que el 19 de diciembre empieza a prestarse el servicio\u201d a la\u2026","rel":"","context":"En \u00abSociedad\u00bb","block_context":{"text":"Sociedad","link":"https:\/\/www.24baires.com\/?cat=1"},"img":{"alt_text":"randazzo tren mdp","src":"https:\/\/i0.wp.com\/www.24baires.com\/wp-content\/uploads\/2014\/11\/randazzo-tren-mdp.jpg?resize=350%2C200","width":350,"height":200},"classes":[]},{"id":42144,"url":"https:\/\/www.24baires.com\/?p=42144","url_meta":{"origin":4262,"position":5},"title":"Llegaron los once trenes para Mar del Plata y Rosario","author":"Grupo Sierra","date":"14\/03\/2014","format":false,"excerpt":"Arribaron al puerto de Buenos Aires y estar\u00e1n destinados a renovar los ramales de las dos ciudades. \u201cApuntamos a tener un servicio de calidad, acorde a las necesidades de los pasajeros\u201d, sostuvo el Ministro del Interior y Transporte, Florencio Randazzo. El Ministro del Interior y Transporte, Florencio Randazzo, visit\u00f3 hoy\u2026","rel":"","context":"En \u00abGeneral\u00bb","block_context":{"text":"General","link":"https:\/\/www.24baires.com\/?cat=67"},"img":{"alt_text":"randazzo trenes\u00e7","src":"https:\/\/i0.wp.com\/www.24baires.com\/wp-content\/uploads\/2013\/11\/randazzo-trenes%C3%A7.jpg?resize=350%2C200","width":350,"height":200,"srcset":"https:\/\/i0.wp.com\/www.24baires.com\/wp-content\/uploads\/2013\/11\/randazzo-trenes%C3%A7.jpg?resize=350%2C200 1x, https:\/\/i0.wp.com\/www.24baires.com\/wp-content\/uploads\/2013\/11\/randazzo-trenes%C3%A7.jpg?resize=525%2C300 1.5x"},"classes":[]}],"jetpack_sharing_enabled":true,"jetpack_likes_enabled":true,"_links":{"self":[{"href":"https:\/\/www.24baires.com\/index.php?rest_route=\/wp\/v2\/posts\/4262","targetHints":{"allow":["GET"]}}],"collection":[{"href":"https:\/\/www.24baires.com\/index.php?rest_route=\/wp\/v2\/posts"}],"about":[{"href":"https:\/\/www.24baires.com\/index.php?rest_route=\/wp\/v2\/types\/post"}],"author":[{"embeddable":true,"href":"https:\/\/www.24baires.com\/index.php?rest_route=\/wp\/v2\/users\/4"}],"replies":[{"embeddable":true,"href":"https:\/\/www.24baires.com\/index.php?rest_route=%2Fwp%2Fv2%2Fcomments&post=4262"}],"version-history":[{"count":3,"href":"https:\/\/www.24baires.com\/index.php?rest_route=\/wp\/v2\/posts\/4262\/revisions"}],"predecessor-version":[{"id":4267,"href":"https:\/\/www.24baires.com\/index.php?rest_route=\/wp\/v2\/posts\/4262\/revisions\/4267"}],"wp:attachment":[{"href":"https:\/\/www.24baires.com\/index.php?rest_route=%2Fwp%2Fv2%2Fmedia&parent=4262"}],"wp:term":[{"taxonomy":"category","embeddable":true,"href":"https:\/\/www.24baires.com\/index.php?rest_route=%2Fwp%2Fv2%2Fcategories&post=4262"},{"taxonomy":"post_tag","embeddable":true,"href":"https:\/\/www.24baires.com\/index.php?rest_route=%2Fwp%2Fv2%2Ftags&post=4262"}],"curies":[{"name":"wp","href":"https:\/\/api.w.org\/{rel}","templated":true}]}}