{"id":4257,"date":"2012-11-03T10:22:07","date_gmt":"2012-11-03T13:22:07","guid":{"rendered":"http:\/\/www.24baires.com\/?p=4257"},"modified":"2012-11-03T10:22:07","modified_gmt":"2012-11-03T13:22:07","slug":"batakis-y-garro-analizaron-la-equiparacion-salarial-para-agentes-del-spb","status":"publish","type":"post","link":"https:\/\/www.24baires.com\/?p=4257","title":{"rendered":"Batakis y Garro analizaron la equiparaci\u00f3n salarial para agentes del SPB"},"content":{"rendered":"<p>La ministra de Econom\u00eda bonaerense, Silvina Batakis, recibi\u00f3 a Julio Garro, autor del proyecto de ley en tal sentido, que ya tiene media sanci\u00f3n de la C\u00e1mara de Diputados provincial. El legislador dijo que el encuentro \u00abfue positivo\u00bb y se trabajar\u00e1 \u00abpunto por punto cu\u00e1l es la problem\u00e1tica que hoy tienen los agentes\u00bb del Servicio Penitenciario Bonaerense (SPB). Garro dijo que al momento no se cumple lo que dicta la Constituci\u00f3n Nacional, \u00abya que a igual prestaci\u00f3n, distinta es la remuneraci\u00f3n que perciben\u00bb.<!--more--><\/p>\n<p>La ministra de Econom\u00eda provincia, Silvina Batakis, recibi\u00f3 este viernes en su despacho al diputado provincial del PRO-Peronismo Julio Garro para dialogar sobre el proyecto de equiparaci\u00f3n salarial para agentes del Servicio Penitenciario Bonaerense (SPB), que tiene media sanci\u00f3n y espera su tratamiento en el Senado.<\/p>\n<p>\u201cEl encuentro fue muy positivo para poder trabajar punto por punto cu\u00e1l es la problem\u00e1tica que hoy tienen los agentes del SPB, quienes no logran la igualdad laboral tal como lo requiere nuestra Constituci\u00f3n Nacional, ya que a igual prestaci\u00f3n, distinta es la remuneraci\u00f3n que perciben\u201d, dijo Garro, un permanente impulsor de medidas para los agentes del SPB.<\/p>\n<p>En ese sentido, inform\u00f3 que \u201cla ministra acept\u00f3 el encuentro d\u00edas atr\u00e1s, y realmente se mostr\u00f3 muy interesada en poder responder al planteo de los trabajadores, quienes vienen reclamando esto hace mucho tiempo a la Provincia, y ahora est\u00e1n cerca de lograrlo gracias al visto bueno otorgado por la C\u00e1mara Baja\u201d.<\/p>\n<p>Garro inform\u00f3 que la ministra \u201cse comprometi\u00f3 a estudiar el proyecto y analizarlo junto al equipo t\u00e9cnico de la cartera econ\u00f3mica para ver la viabilidad de financiamiento de esta equiparaci\u00f3n salarial\u201d.<\/p>\n<p>En torno al proyecto, Garro explic\u00f3 que \u201cla tarea penitenciaria se divide en las distintas prestaciones de sus cuadros (Seguridad, Profesional y T\u00e9cnico, Administrativo y Auxiliares) debiendo el personal asumir funciones especificas que no son propias de su especialidad, lo cual conlleva un peso extra de cumplir funciones no naturales a su escalaf\u00f3n\u201d.<\/p>\n<p>\u201cHay muchos casos en donde el escalaf\u00f3n administrativo cumple funciones del escalaf\u00f3n general, con todas las responsabilidades, deberes y obligaciones, pero excluy\u00e9ndolo de los derechos que goza el personal de ese escalaf\u00f3n, como el riesgo de vida, horas extraordinarias de labor y dem\u00e1s\u201d, resumi\u00f3.<\/p>\n","protected":false},"excerpt":{"rendered":"<p>La ministra de Econom\u00eda bonaerense, Silvina Batakis, recibi\u00f3 a Julio Garro, autor del proyecto de ley en tal sentido, que ya tiene media sanci\u00f3n de la C\u00e1mara de Diputados provincial. El legislador dijo que el encuentro \u00abfue positivo\u00bb y se trabajar\u00e1 \u00abpunto por punto cu\u00e1l es la problem\u00e1tica que hoy tienen los agentes\u00bb del Servicio Penitenciario Bonaerense (SPB). Garro dijo [&#8230;]<\/p>\n","protected":false},"author":4,"featured_media":0,"comment_status":"open","ping_status":"open","sticky":false,"template":"","format":"standard","meta":{"_jetpack_newsletter_access":"","_jetpack_dont_email_post_to_subs":false,"_jetpack_newsletter_tier_id":0,"_jetpack_memberships_contains_paywalled_content":false,"_jetpack_memberships_contains_paid_content":false,"footnotes":""},"categories":[51],"tags":[],"class_list":["post-4257","post","type-post","status-publish","format-standard","hentry","category-politica"],"jetpack_featured_media_url":"","jetpack_shortlink":"https:\/\/wp.me\/p2JWE0-16F","jetpack-related-posts":[{"id":26927,"url":"https:\/\/www.24baires.com\/?p=26927","url_meta":{"origin":4257,"position":0},"title":"Presentan proyecto para retribuir \u00abderechos salariales\u00bb a agentes retirados del SPB","author":"AF","date":"26\/06\/2013","format":false,"excerpt":"Un proyecto de ley impulsado por el diputado del PRO Julio Garro, busca retribuir \"derechos salariales\" a los agentes del Servicio Penitenciario Bonaerenses (SPB) que hayan pasado a situaci\u00f3n de retiro o jubilaci\u00f3n por invalidez o enfermedad originada en actividad de sus funciones. La norma, propone que cada cinco a\u00f1os,\u2026","rel":"","context":"En \u00abSociedad\u00bb","block_context":{"text":"Sociedad","link":"https:\/\/www.24baires.com\/?cat=1"},"img":{"alt_text":"spb","src":"https:\/\/i0.wp.com\/www.24baires.com\/wp-content\/uploads\/2013\/06\/spb.png?resize=350%2C200","width":350,"height":200},"classes":[]},{"id":119120,"url":"https:\/\/www.24baires.com\/?p=119120","url_meta":{"origin":4257,"position":1},"title":"Batakis recibi\u00f3 el apoyo de intendentes bonaerenses","author":"AF","date":"20\/07\/2022","format":false,"excerpt":"El encuentro marca una continuidad respecto a la reuni\u00f3n previa que la titular del Palacio de Hacienda mantuvo el lunes con el gobernador Axel Kicillof y otros cuatros mandatarios provinciales, en el contexto de adhesi\u00f3n a las disposiciones anunciadas. La ministra de Econom\u00eda, Silvina Batakis, mantuvo un encuentro este mi\u00e9rcoles\u2026","rel":"","context":"En \u00abProvincia\u00bb","block_context":{"text":"Provincia","link":"https:\/\/www.24baires.com\/?cat=40"},"img":{"alt_text":"","src":"https:\/\/i0.wp.com\/www.24baires.com\/wp-content\/uploads\/2022\/07\/batakis-intendentes.jpg?resize=350%2C200","width":350,"height":200,"srcset":"https:\/\/i0.wp.com\/www.24baires.com\/wp-content\/uploads\/2022\/07\/batakis-intendentes.jpg?resize=350%2C200 1x, https:\/\/i0.wp.com\/www.24baires.com\/wp-content\/uploads\/2022\/07\/batakis-intendentes.jpg?resize=525%2C300 1.5x, https:\/\/i0.wp.com\/www.24baires.com\/wp-content\/uploads\/2022\/07\/batakis-intendentes.jpg?resize=700%2C400 2x"},"classes":[]},{"id":108502,"url":"https:\/\/www.24baires.com\/?p=108502","url_meta":{"origin":4257,"position":2},"title":"Presentan medidas cautelares por violencia y discriminaci\u00f3n hacia el colectivo trans en c\u00e1rceles","author":"GB","date":"31\/05\/2019","format":false,"excerpt":"La Comisi\u00f3n Interamericana de Derechos Humanos recibi\u00f3 la presentaci\u00f3n que revela el estado de vulnerabilidad que presentan las personas con identidades de g\u00e9nero no binarias. La Comisi\u00f3n Provincial por la Memoria (CPM) present\u00f3 ante la Comisi\u00f3n Interamericana de Derechos Humanos (CIDH) una medida cautelar por la desatenci\u00f3n sanitaria que padece\u2026","rel":"","context":"En \u00abProvincia\u00bb","block_context":{"text":"Provincia","link":"https:\/\/www.24baires.com\/?cat=40"},"img":{"alt_text":"","src":"https:\/\/i0.wp.com\/www.24baires.com\/wp-content\/uploads\/2018\/04\/c%C3%A1rcel-virrey-del-pino.jpg?resize=350%2C200","width":350,"height":200,"srcset":"https:\/\/i0.wp.com\/www.24baires.com\/wp-content\/uploads\/2018\/04\/c%C3%A1rcel-virrey-del-pino.jpg?resize=350%2C200 1x, https:\/\/i0.wp.com\/www.24baires.com\/wp-content\/uploads\/2018\/04\/c%C3%A1rcel-virrey-del-pino.jpg?resize=525%2C300 1.5x"},"classes":[]},{"id":119053,"url":"https:\/\/www.24baires.com\/?p=119053","url_meta":{"origin":4257,"position":3},"title":"Los tres ejes que se propone Batakis para su gesti\u00f3n","author":"AF","date":"04\/07\/2022","format":false,"excerpt":"A los pocos minutos de jurar en su cargo, Batakis dijo que \"vamos a seguir el programa econ\u00f3mico del Presidente\". Tambi\u00e9n se\u00f1al\u00f3 que \"queremos una mirada federal, que incluya a todos y todas los argentinos y argentinas\". Los tres puntos principales que estableci\u00f3 para su gesti\u00f3n al frente de Econom\u00eda.\u2026","rel":"","context":"En \u00abEconom\u00eda\u00bb","block_context":{"text":"Econom\u00eda","link":"https:\/\/www.24baires.com\/?cat=45"},"img":{"alt_text":"","src":"https:\/\/i0.wp.com\/www.24baires.com\/wp-content\/uploads\/2022\/07\/Batakis-1.jpg?resize=350%2C200","width":350,"height":200,"srcset":"https:\/\/i0.wp.com\/www.24baires.com\/wp-content\/uploads\/2022\/07\/Batakis-1.jpg?resize=350%2C200 1x, https:\/\/i0.wp.com\/www.24baires.com\/wp-content\/uploads\/2022\/07\/Batakis-1.jpg?resize=525%2C300 1.5x, https:\/\/i0.wp.com\/www.24baires.com\/wp-content\/uploads\/2022\/07\/Batakis-1.jpg?resize=700%2C400 2x"},"classes":[]},{"id":114858,"url":"https:\/\/www.24baires.com\/?p=114858","url_meta":{"origin":4257,"position":4},"title":"Detuvieron a dos agentes penitenciarios por el asesinato de un interno en Florencio Varela","author":"AF","date":"28\/04\/2020","format":false,"excerpt":"Dos agentes penitenciarios fueron detenidos este martes por la muerte de Federico Rey y otra agente se encuentra pr\u00f3fuga. Este martes fueron detenidos Gast\u00f3n \u00c1bila y Gabriel Dar\u00edo Bergonzi, subjefe de la Guardia de Seguridad Armada y subdirector de Administraci\u00f3n, respectivamente, en el Servicio Bonaerense cumpliendo funciones en el penal\u2026","rel":"","context":"En \u00abSociedad\u00bb","block_context":{"text":"Sociedad","link":"https:\/\/www.24baires.com\/?cat=1"},"img":{"alt_text":"","src":"https:\/\/i0.wp.com\/www.24baires.com\/wp-content\/uploads\/2020\/04\/up-23-varela.jpg?resize=350%2C200","width":350,"height":200,"srcset":"https:\/\/i0.wp.com\/www.24baires.com\/wp-content\/uploads\/2020\/04\/up-23-varela.jpg?resize=350%2C200 1x, https:\/\/i0.wp.com\/www.24baires.com\/wp-content\/uploads\/2020\/04\/up-23-varela.jpg?resize=525%2C300 1.5x"},"classes":[]},{"id":119132,"url":"https:\/\/www.24baires.com\/?p=119132","url_meta":{"origin":4257,"position":5},"title":"Batakis y Georgieva se reunir\u00e1n en Washington","author":"AF","date":"22\/07\/2022","format":false,"excerpt":"La ministra de Econom\u00eda tambi\u00e9n se reunir\u00e1 con altos funcionarios del Tesoro de los Estados Unidos y con ejecutivos del Banco Mundial. La ministra de Econom\u00eda, Silvina Batakis, ser\u00e1 recibida el lunes pr\u00f3ximo en Washington por la directora Gerente del Fondo Monetario Internacional (FMI), Kristalina Georgieva, adelantaron fuentes oficiales. El\u2026","rel":"","context":"En \u00abEconom\u00eda\u00bb","block_context":{"text":"Econom\u00eda","link":"https:\/\/www.24baires.com\/?cat=45"},"img":{"alt_text":"","src":"https:\/\/i0.wp.com\/www.24baires.com\/wp-content\/uploads\/2016\/04\/fmi.jpg?resize=350%2C200","width":350,"height":200,"srcset":"https:\/\/i0.wp.com\/www.24baires.com\/wp-content\/uploads\/2016\/04\/fmi.jpg?resize=350%2C200 1x, https:\/\/i0.wp.com\/www.24baires.com\/wp-content\/uploads\/2016\/04\/fmi.jpg?resize=525%2C300 1.5x, https:\/\/i0.wp.com\/www.24baires.com\/wp-content\/uploads\/2016\/04\/fmi.jpg?resize=700%2C400 2x"},"classes":[]}],"jetpack_sharing_enabled":true,"jetpack_likes_enabled":true,"_links":{"self":[{"href":"https:\/\/www.24baires.com\/index.php?rest_route=\/wp\/v2\/posts\/4257","targetHints":{"allow":["GET"]}}],"collection":[{"href":"https:\/\/www.24baires.com\/index.php?rest_route=\/wp\/v2\/posts"}],"about":[{"href":"https:\/\/www.24baires.com\/index.php?rest_route=\/wp\/v2\/types\/post"}],"author":[{"embeddable":true,"href":"https:\/\/www.24baires.com\/index.php?rest_route=\/wp\/v2\/users\/4"}],"replies":[{"embeddable":true,"href":"https:\/\/www.24baires.com\/index.php?rest_route=%2Fwp%2Fv2%2Fcomments&post=4257"}],"version-history":[{"count":2,"href":"https:\/\/www.24baires.com\/index.php?rest_route=\/wp\/v2\/posts\/4257\/revisions"}],"predecessor-version":[{"id":4259,"href":"https:\/\/www.24baires.com\/index.php?rest_route=\/wp\/v2\/posts\/4257\/revisions\/4259"}],"wp:attachment":[{"href":"https:\/\/www.24baires.com\/index.php?rest_route=%2Fwp%2Fv2%2Fmedia&parent=4257"}],"wp:term":[{"taxonomy":"category","embeddable":true,"href":"https:\/\/www.24baires.com\/index.php?rest_route=%2Fwp%2Fv2%2Fcategories&post=4257"},{"taxonomy":"post_tag","embeddable":true,"href":"https:\/\/www.24baires.com\/index.php?rest_route=%2Fwp%2Fv2%2Ftags&post=4257"}],"curies":[{"name":"wp","href":"https:\/\/api.w.org\/{rel}","templated":true}]}}