{"id":4252,"date":"2012-11-03T10:03:44","date_gmt":"2012-11-03T13:03:44","guid":{"rendered":"http:\/\/www.24baires.com\/?p=4252"},"modified":"2012-11-03T11:01:31","modified_gmt":"2012-11-03T14:01:31","slug":"comerciantes-y-vecinos-de-necochea-reclamaran-por-la-demora-en-la-reparacion-del-puente-colgante","status":"publish","type":"post","link":"https:\/\/www.24baires.com\/?p=4252","title":{"rendered":"Necochea: reclamar\u00e1n por la demora en la reparaci\u00f3n del Puente Colgante"},"content":{"rendered":"<p><img data-recalc-dims=\"1\" loading=\"lazy\" decoding=\"async\" class=\"alignleft size-medium wp-image-4253\" title=\"colgante2\" src=\"https:\/\/i0.wp.com\/www.24baires.com\/wp-content\/uploads\/2012\/11\/colgante2.jpg?resize=300%2C186\" alt=\"\" width=\"300\" height=\"186\" srcset=\"https:\/\/i0.wp.com\/www.24baires.com\/wp-content\/uploads\/2012\/11\/colgante2.jpg?resize=300%2C186&amp;ssl=1 300w, https:\/\/i0.wp.com\/www.24baires.com\/wp-content\/uploads\/2012\/11\/colgante2.jpg?w=500&amp;ssl=1 500w\" sizes=\"auto, (max-width: 300px) 100vw, 300px\" \/>El pr\u00f3ximo martes habr\u00e1 una protesta de comerciantes y vecinos, quienes manifestar\u00e1n su disconformidad por la pronunciada demora en la ejecuci\u00f3n de las tareas de reparaci\u00f3n y remodelaci\u00f3n. Temen que la obra no est\u00e9 concluida para la temporada.<!--more--><\/p>\n<p>La protesta se realizar\u00e1 a las 10 en el Puente Dardo Rocha, siendo probable que se interrumpa el tr\u00e1nsito en este estrat\u00e9gico paso que une Necochea con Quequ\u00e9n, y que es utilizado por centenares de automovilistas en forma diaria.<\/p>\n<p>\u201cEstamos afectados de un lado y de otro, porque todos hemos perdido mucho dinero y esperemos que no nos sorprenda una nueva temporada de verano con el puente cerrado\u201d, expres\u00f3 Ariel Backlo, quien posee un lubricentro en Quequ\u00e9n, a escasos metros del Colgante.<\/p>\n<p>El viernes por la ma\u00f1ana, en coincidencia con la visita a Necochea del vicegobernador Gabriel Mariotto, se pudo apreciar que alrededor de una decena de operarios estuvo trabajando en la construcci\u00f3n de los cordones de hormig\u00f3n. Los enormes chapones que se hallaban en los accesos fueron retirados, para luego ser vueltos a colocar.<\/p>\n<p>Los comerciantes vienen insistiendo en que \u201ctodos los d\u00edas hay tres trabajadores que hacen tareas menores\u201d, al tiempo que no existen miras de profundizar las acciones tendientes a completar la colocaci\u00f3n del tablero de hormig\u00f3n para, finalmente, depositar la capa de rodamiento asf\u00e1ltico de seis cent\u00edmetros de espesor.<\/p>\n<p>El puente fue cerrado el 27 de junio de 2010 y el plazo de finalizaci\u00f3n de obra se fij\u00f3 a fines del corriente mes, aunque se conceder\u00eda una pr\u00f3rroga por \u201clas demoras por cuestiones clim\u00e1ticas\u201d.<\/p>\n<p>\u201cEs una pena que esto no se termine cuando falta tan poco\u201d, expres\u00f3 Bracklo, recordando que meses atr\u00e1s firm\u00f3 un petitorio junto a otros comerciantes, para que la Municipalidad gestione ante la Provincia de Buenos Aires por la falta de pago a la empresa adjudicataria Cahem S.A.<\/p>\n<p>Advirti\u00f3 que \u201csi seguimos de esta manera quedaremos como los comercios que estaban en cercan\u00edas del puente Ezcurra, que se cay\u00f3 con las inundaciones del \u00b480 y que nunca m\u00e1s fue construido, permaneciendo muerto todo ese sector, tanto del lado de Necochea como de Quequ\u00e9n\u201d.<\/p>\n<p>El titular del lubricentro se pregunt\u00f3 \u201c\u00bfqui\u00e9n me devuelve la plata que he perdido en todo este tiempo?\u201d y lament\u00f3 que se produzcan situaciones como la que le toc\u00f3 atravesar semanas atr\u00e1s, cuando desde el municipio se lo intim\u00f3 a \u00e9l y a otros comerciantes, por una demora en el pago de la tasa de seguridad e higiene.<\/p>\n<p>Al margen de la carpeta asf\u00e1ltica que resta ejecutar, quedan obras complementarias como la iluminaci\u00f3n, la parquizaci\u00f3n de los accesos y la colocaci\u00f3n de una red para combatir la formaci\u00f3n de nidos de palomas debajo de la estructura.<\/p>\n","protected":false},"excerpt":{"rendered":"<p>El pr\u00f3ximo martes habr\u00e1 una protesta de comerciantes y vecinos, quienes manifestar\u00e1n su disconformidad por la pronunciada demora en la ejecuci\u00f3n de las tareas de reparaci\u00f3n y remodelaci\u00f3n. Temen que la obra no est\u00e9 concluida para la temporada.<\/p>\n","protected":false},"author":4,"featured_media":0,"comment_status":"open","ping_status":"open","sticky":false,"template":"","format":"standard","meta":{"_jetpack_newsletter_access":"","_jetpack_dont_email_post_to_subs":false,"_jetpack_newsletter_tier_id":0,"_jetpack_memberships_contains_paywalled_content":false,"_jetpack_memberships_contains_paid_content":false,"footnotes":""},"categories":[38],"tags":[],"class_list":["post-4252","post","type-post","status-publish","format-standard","hentry","category-locales"],"jetpack_featured_media_url":"","jetpack_shortlink":"https:\/\/wp.me\/p2JWE0-16A","jetpack-related-posts":[{"id":4666,"url":"https:\/\/www.24baires.com\/?p=4666","url_meta":{"origin":4252,"position":0},"title":"Necochea: protesta por demoras en la obra del puente colgante","author":"AF","date":"07\/11\/2012","format":false,"excerpt":"Un reducido grupo de comerciantes y unos pocos vecinos de los lugares afectados de la avenida Benedicto Campos y de la calle 46, se congregaron ayer, en horas de la ma\u00f1ana, en el \u00fanico puente urbano que comunica a Necochea y a Quequ\u00e9n, para pedir por la aceleraci\u00f3n de las\u2026","rel":"","context":"En \u00abSociedad\u00bb","block_context":{"text":"Sociedad","link":"https:\/\/www.24baires.com\/?cat=1"},"img":{"alt_text":"","src":"https:\/\/i0.wp.com\/www.24baires.com\/wp-content\/uploads\/2012\/11\/protesta-puente-colgante-300x172.jpg?resize=350%2C200","width":350,"height":200},"classes":[]},{"id":10743,"url":"https:\/\/www.24baires.com\/?p=10743","url_meta":{"origin":4252,"position":1},"title":"Necochea: volvieron a trabajar sobre el Puente Colgante","author":"AF","date":"29\/12\/2012","format":false,"excerpt":"Luego de varios d\u00edas de inactividad, finalmente este viernes pudo verse a personal de la empresa encargada de su refacci\u00f3n trabajando en el Puente Colgante.\u00a0 Personal de la empresa adjudicataria de las obras de refacci\u00f3n y repavimentaci\u00f3n del Puente Colgante \"Hip\u00f3lito Yrigoyen\" estaba trabajando el \u00faltimo viernes en la preparaci\u00f3n\u2026","rel":"","context":"En \u00abLocales\u00bb","block_context":{"text":"Locales","link":"https:\/\/www.24baires.com\/?cat=38"},"img":{"alt_text":"colgante neco trabajando","src":"https:\/\/i0.wp.com\/www.24baires.com\/wp-content\/uploads\/2012\/12\/colgante-neco-trabajando.jpg?resize=350%2C200","width":350,"height":200},"classes":[]},{"id":113942,"url":"https:\/\/www.24baires.com\/?p=113942","url_meta":{"origin":4252,"position":2},"title":"Ministerio de Trabajo dict\u00f3 conciliaci\u00f3n obligatoria y el paro de guardavidas qued\u00f3 sin efecto","author":"GB","date":"29\/01\/2020","format":false,"excerpt":"NECOCHEA-La Municipalidad de la ciudad balnearia y la Asociaci\u00f3n de Guardavidas de Necochea y Quequ\u00e9n (AGNQ) no llegan a un acuerdo y el reclamo se extiende en el tiempo. El Ministerio de Trabajo bonaerense intervino nuevamente en el conflicto entre la municipalidad de Necochea y los guardavidas. Ante un nuevo\u2026","rel":"","context":"En \u00abMunicipios\u00bb","block_context":{"text":"Municipios","link":"https:\/\/www.24baires.com\/?cat=44"},"img":{"alt_text":"","src":"https:\/\/i0.wp.com\/www.24baires.com\/wp-content\/uploads\/2016\/01\/guardavidas.jpg?resize=350%2C200","width":350,"height":200,"srcset":"https:\/\/i0.wp.com\/www.24baires.com\/wp-content\/uploads\/2016\/01\/guardavidas.jpg?resize=350%2C200 1x, https:\/\/i0.wp.com\/www.24baires.com\/wp-content\/uploads\/2016\/01\/guardavidas.jpg?resize=525%2C300 1.5x"},"classes":[]},{"id":71375,"url":"https:\/\/www.24baires.com\/?p=71375","url_meta":{"origin":4252,"position":3},"title":"Se realizar\u00e1 en Necochea el 2\u00b0 Encuentro Latinoamericano de artistas pl\u00e1sticos","author":"GB","date":"30\/08\/2015","format":false,"excerpt":"Necochea ser\u00e1 nuevamente la sede del Encuentro Latinoamericano de Artistas Pl\u00e1sticos. Participar\u00e1n una gran cantidad de pintores de distintas partes, quienes plasmar\u00e1n en bastidores las numerosas bellezas naturales de nuestro distrito. Esta segunda edici\u00f3n tendr\u00e1 lugar del 18 al 20 de septiembre. La segunda edici\u00f3n del Encuentro Latinoamericano de artistas\u2026","rel":"","context":"En \u00abLocales\u00bb","block_context":{"text":"Locales","link":"https:\/\/www.24baires.com\/?cat=38"},"img":{"alt_text":"","src":"","width":0,"height":0},"classes":[]},{"id":14591,"url":"https:\/\/www.24baires.com\/?p=14591","url_meta":{"origin":4252,"position":4},"title":"Scioli acompa\u00f1ar\u00e1 a Tellechea en la reinauguraci\u00f3n parcial del Puente Colgante","author":"AF","date":"04\/02\/2013","format":false,"excerpt":"NECOCHEA - El gobernador Daniel Scioli estar\u00e1 este lunes en Quequ\u00e9n, para la inauguraci\u00f3n de una parte de la obra del puente colgante de esa localidad, y all\u00ed compartir\u00e1 acto con el intendente Horacio Tellechea, quien a fines de esta semana podr\u00eda ser destituido por el Concejo Deliberante. De esta\u2026","rel":"","context":"En \u00abPol\u00edtica\u00bb","block_context":{"text":"Pol\u00edtica","link":"https:\/\/www.24baires.com\/?cat=51"},"img":{"alt_text":"","src":"","width":0,"height":0},"classes":[]},{"id":34765,"url":"https:\/\/www.24baires.com\/?p=34765","url_meta":{"origin":4252,"position":5},"title":"Necochea: Vidal traslad\u00f3 necesidades al Jefe de gabinete","author":"AF","date":"07\/11\/2013","format":false,"excerpt":"El intendente interino Jos\u00e9 Luis Vidal, se reuni\u00f3 con el jefe de Gabinete de la Provincia de Buenos Aires, Alberto P\u00e9rez, en una agenda abierta, y en la oportunidad le entreg\u00f3 una carpeta con un detalle sobre las necesidades que tiene el municipio de Necochea. Entre otros aspectos, se avanz\u00f3\u2026","rel":"","context":"En \u00abLocales\u00bb","block_context":{"text":"Locales","link":"https:\/\/www.24baires.com\/?cat=38"},"img":{"alt_text":"p\u00e9rez vidal","src":"https:\/\/i0.wp.com\/www.24baires.com\/wp-content\/uploads\/2013\/09\/p%C3%A9rez-vidal.jpg?resize=350%2C200","width":350,"height":200},"classes":[]}],"jetpack_sharing_enabled":true,"jetpack_likes_enabled":true,"_links":{"self":[{"href":"https:\/\/www.24baires.com\/index.php?rest_route=\/wp\/v2\/posts\/4252","targetHints":{"allow":["GET"]}}],"collection":[{"href":"https:\/\/www.24baires.com\/index.php?rest_route=\/wp\/v2\/posts"}],"about":[{"href":"https:\/\/www.24baires.com\/index.php?rest_route=\/wp\/v2\/types\/post"}],"author":[{"embeddable":true,"href":"https:\/\/www.24baires.com\/index.php?rest_route=\/wp\/v2\/users\/4"}],"replies":[{"embeddable":true,"href":"https:\/\/www.24baires.com\/index.php?rest_route=%2Fwp%2Fv2%2Fcomments&post=4252"}],"version-history":[{"count":2,"href":"https:\/\/www.24baires.com\/index.php?rest_route=\/wp\/v2\/posts\/4252\/revisions"}],"predecessor-version":[{"id":4274,"href":"https:\/\/www.24baires.com\/index.php?rest_route=\/wp\/v2\/posts\/4252\/revisions\/4274"}],"wp:attachment":[{"href":"https:\/\/www.24baires.com\/index.php?rest_route=%2Fwp%2Fv2%2Fmedia&parent=4252"}],"wp:term":[{"taxonomy":"category","embeddable":true,"href":"https:\/\/www.24baires.com\/index.php?rest_route=%2Fwp%2Fv2%2Fcategories&post=4252"},{"taxonomy":"post_tag","embeddable":true,"href":"https:\/\/www.24baires.com\/index.php?rest_route=%2Fwp%2Fv2%2Ftags&post=4252"}],"curies":[{"name":"wp","href":"https:\/\/api.w.org\/{rel}","templated":true}]}}