{"id":4249,"date":"2012-11-03T09:50:10","date_gmt":"2012-11-03T12:50:10","guid":{"rendered":"http:\/\/www.24baires.com\/?p=4249"},"modified":"2012-11-03T09:50:10","modified_gmt":"2012-11-03T12:50:10","slug":"realizaran-en-la-plata-jornadas-de-capacitacion-sobre-trabajo-infantil","status":"publish","type":"post","link":"https:\/\/www.24baires.com\/?p=4249","title":{"rendered":"Realizar\u00e1n en La Plata jornadas de capacitaci\u00f3n sobre trabajo infantil"},"content":{"rendered":"<p>Organizada por el Consejo de Ni\u00f1ez y Adolescencia de La Plata las actividades tienen como objetivo realizar un diagn\u00f3stico y trabajar sobre la situaci\u00f3n en la regi\u00f3n.<!--more--><br \/>\nLa secretar\u00eda de Derechos Humanos de la comuna platense, Marta Vedio, indic\u00f3 en relaci\u00f3n al las jornadas de Capacitaci\u00f3n sobre trabajo infantil que estas actividades se realizan a partir de un rastreo en la regi\u00f3n respecto de los organismos del estado y organizaciones de la sociedad civil \u201cy nos encontramos con que es un terreno desierto\u201d, en esta materia. Indic\u00f3 que \u201clo \u00fanico que existe en esta materia son las comisiones interministeriales tanto de naci\u00f3n como de provincia que tratan el tema\u201d.<\/p>\n<p>Explic\u00f3 que \u201cnos conectamos con ellos para iniciar un trabajo con v\u00edas a un diagn\u00f3stico y capacitaci\u00f3n y sensibilizaci\u00f3n sobre la problem\u00e1tica para empezar a tirar l\u00edneas en torno a pol\u00edticas p\u00fablicas sobre el tema\u201d.<\/p>\n<p>Por \u00faltimo, afirm\u00f3 que \u201cestamos iniciando unas jornadas para abordar esta problem\u00e1tica que existe y es un problema en la regi\u00f3n\u201d.<\/p>\n","protected":false},"excerpt":{"rendered":"<p>Organizada por el Consejo de Ni\u00f1ez y Adolescencia de La Plata las actividades tienen como objetivo realizar un diagn\u00f3stico y trabajar sobre la situaci\u00f3n en la regi\u00f3n.<\/p>\n","protected":false},"author":4,"featured_media":0,"comment_status":"open","ping_status":"open","sticky":false,"template":"","format":"standard","meta":{"_jetpack_newsletter_access":"","_jetpack_dont_email_post_to_subs":false,"_jetpack_newsletter_tier_id":0,"_jetpack_memberships_contains_paywalled_content":false,"_jetpack_memberships_contains_paid_content":false,"footnotes":""},"categories":[38],"tags":[],"class_list":["post-4249","post","type-post","status-publish","format-standard","hentry","category-locales"],"jetpack_featured_media_url":"","jetpack_shortlink":"https:\/\/wp.me\/p2JWE0-16x","jetpack-related-posts":[{"id":55825,"url":"https:\/\/www.24baires.com\/?p=55825","url_meta":{"origin":4249,"position":0},"title":"Unicef encabeza una capacitaci\u00f3n sobre \u00abAbuso sexual infantil\u00bb en Casa de Gobierno","author":"GB","date":"22\/10\/2014","format":false,"excerpt":"Trabajadores de distintos programas dependientes de la Secretaria de Ni\u00f1ez y Adolescencia bonaerense forman parte de esta jornada. En el Sal\u00f3n Dorado de la Casa de gobierno bonaerense, se desarrolla una jornada sobre \u201cAbuso sexual infantil\u201d organizada por la Secretaria de Ni\u00f1ez y adolescencia de la Provincia y Unicef, de\u2026","rel":"","context":"En \u00abSociedad\u00bb","block_context":{"text":"Sociedad","link":"https:\/\/www.24baires.com\/?cat=1"},"img":{"alt_text":"unicef","src":"https:\/\/i0.wp.com\/www.24baires.com\/wp-content\/uploads\/2014\/10\/unicef.jpg?resize=350%2C200","width":350,"height":200},"classes":[]},{"id":8231,"url":"https:\/\/www.24baires.com\/?p=8231","url_meta":{"origin":4249,"position":1},"title":"Avanza la creaci\u00f3n de una base de datos espaciales","author":"AF","date":"07\/12\/2012","format":false,"excerpt":"Finaliz\u00f3 la jornada de capacitaci\u00f3n a cargo del Instituto Provincial de la Administraci\u00f3n P\u00fablica (IPAP). El objetivo es compatibilizar herramientas y tecnolog\u00edas con municipios y ministerios. La Provincia concluy\u00f3 la jornada de capacitaci\u00f3n de \u201cInfraestructura de datos espaciales\u201d organizado por el IPAP (Instituto Provincial de la Administraci\u00f3n P\u00fablica). Se desarroll\u00f3\u2026","rel":"","context":"En \u00abProvincia\u00bb","block_context":{"text":"Provincia","link":"https:\/\/www.24baires.com\/?cat=40"},"img":{"alt_text":"","src":"","width":0,"height":0},"classes":[]},{"id":103533,"url":"https:\/\/www.24baires.com\/?p=103533","url_meta":{"origin":4249,"position":2},"title":"Macri visit\u00f3 \u00absorpresivamente\u00bb a Vidal en La Plata","author":"Grupo Sierra","date":"25\/07\/2018","format":false,"excerpt":"El presidente Mauricio Macri sorprendi\u00f3 con una visita a la ciudad de La Plata y revolucion\u00f3 un barrio por el fuerte operativo de seguridad que se mont\u00f3 en torno al club de f\u00fatbol Crisfa, de 72 entre 14 y 15, donde aterriz\u00f3 con el helic\u00f3ptero. Macri recorri\u00f3 junto a la\u2026","rel":"","context":"En \u00abPol\u00edtica\u00bb","block_context":{"text":"Pol\u00edtica","link":"https:\/\/www.24baires.com\/?cat=51"},"img":{"alt_text":"","src":"https:\/\/i0.wp.com\/www.dib.com.ar\/gestion\/images\/blogmanagement\/noticias\/thumb\/5b589607622f91532532231.jpg?resize=350%2C200","width":350,"height":200,"srcset":"https:\/\/i0.wp.com\/www.dib.com.ar\/gestion\/images\/blogmanagement\/noticias\/thumb\/5b589607622f91532532231.jpg?resize=350%2C200 1x, https:\/\/i0.wp.com\/www.dib.com.ar\/gestion\/images\/blogmanagement\/noticias\/thumb\/5b589607622f91532532231.jpg?resize=525%2C300 1.5x"},"classes":[]},{"id":106820,"url":"https:\/\/www.24baires.com\/?p=106820","url_meta":{"origin":4249,"position":3},"title":"Masiva marcha al Ministerio de Desarrollo contra las \u00abpol\u00edticas de hambre\u00bb de Cambiemos","author":"AF","date":"13\/02\/2019","format":false,"excerpt":"Organizaciones sociales encabezan una multitudinaria movilizaci\u00f3n en el marco de una jornada de lucha por \u201ctierra, techo y trabajo, contra el hambre y los tarifazos\u201d. \"Es el peor a\u00f1o desde la crisis de 2001\u201d, aseguran. Ayer la ministra Stanley se adelant\u00f3 a admitir que el \u00edndice de pobreza del segundo\u2026","rel":"","context":"En \u00abSociedad\u00bb","block_context":{"text":"Sociedad","link":"https:\/\/www.24baires.com\/?cat=1"},"img":{"alt_text":"","src":"https:\/\/i0.wp.com\/www.24baires.com\/wp-content\/uploads\/2019\/02\/marcha.jpeg?resize=350%2C200","width":350,"height":200,"srcset":"https:\/\/i0.wp.com\/www.24baires.com\/wp-content\/uploads\/2019\/02\/marcha.jpeg?resize=350%2C200 1x, https:\/\/i0.wp.com\/www.24baires.com\/wp-content\/uploads\/2019\/02\/marcha.jpeg?resize=525%2C300 1.5x"},"classes":[]},{"id":37251,"url":"https:\/\/www.24baires.com\/?p=37251","url_meta":{"origin":4249,"position":4},"title":"El AFSCA y M\u00fasicos Independientes Organizados se unen en Mar del Plata","author":"Grupo Sierra","date":"21\/12\/2013","format":false,"excerpt":"El anuncio del acuerdo se hizo mediante una conferencia de prensa en la que participaron dirigentes de ambas instituciones. Fernando Araujo, coordinador de la Regi\u00f3n Mar del Plata del AFSCA y Fabio Tagliaferri, presidente de la organizaci\u00f3n M\u00fasicos Independientes Organizados, anunciaron las nuevas estrategias en conjunto para avanzar sobre la\u2026","rel":"","context":"En \u00abLocales\u00bb","block_context":{"text":"Locales","link":"https:\/\/www.24baires.com\/?cat=38"},"img":{"alt_text":"","src":"","width":0,"height":0},"classes":[]},{"id":111191,"url":"https:\/\/www.24baires.com\/?p=111191","url_meta":{"origin":4249,"position":5},"title":"El Ministerio de Seguridad cre\u00f3 el \u00abServicio C\u00edvico Voluntario en Valores\u00bb para j\u00f3venes de 16 a 20 a\u00f1os","author":"GB","date":"16\/07\/2019","format":false,"excerpt":"Depender\u00e1 de Gendarmer\u00eda Nacional y su objetivo es brindar \"capacitaci\u00f3n en valores democr\u00e1ticos y republicanos\" a j\u00f3venes de 16 a 20 a\u00f1os. A trav\u00e9s de la Resoluci\u00f3n 598\/2019, publicada este martes en el Bolet\u00edn Oficial, el Ministerio de Seguridad estableci\u00f3 la creaci\u00f3n del \"Servicio C\u00edvico Voluntario en Valores (SCV) dirigido\u2026","rel":"","context":"En \u00abPol\u00edtica\u00bb","block_context":{"text":"Pol\u00edtica","link":"https:\/\/www.24baires.com\/?cat=51"},"img":{"alt_text":"","src":"https:\/\/i0.wp.com\/www.24baires.com\/wp-content\/uploads\/2019\/01\/bullrich.jpg?resize=350%2C200","width":350,"height":200,"srcset":"https:\/\/i0.wp.com\/www.24baires.com\/wp-content\/uploads\/2019\/01\/bullrich.jpg?resize=350%2C200 1x, https:\/\/i0.wp.com\/www.24baires.com\/wp-content\/uploads\/2019\/01\/bullrich.jpg?resize=525%2C300 1.5x"},"classes":[]}],"jetpack_sharing_enabled":true,"jetpack_likes_enabled":true,"_links":{"self":[{"href":"https:\/\/www.24baires.com\/index.php?rest_route=\/wp\/v2\/posts\/4249","targetHints":{"allow":["GET"]}}],"collection":[{"href":"https:\/\/www.24baires.com\/index.php?rest_route=\/wp\/v2\/posts"}],"about":[{"href":"https:\/\/www.24baires.com\/index.php?rest_route=\/wp\/v2\/types\/post"}],"author":[{"embeddable":true,"href":"https:\/\/www.24baires.com\/index.php?rest_route=\/wp\/v2\/users\/4"}],"replies":[{"embeddable":true,"href":"https:\/\/www.24baires.com\/index.php?rest_route=%2Fwp%2Fv2%2Fcomments&post=4249"}],"version-history":[{"count":2,"href":"https:\/\/www.24baires.com\/index.php?rest_route=\/wp\/v2\/posts\/4249\/revisions"}],"predecessor-version":[{"id":4251,"href":"https:\/\/www.24baires.com\/index.php?rest_route=\/wp\/v2\/posts\/4249\/revisions\/4251"}],"wp:attachment":[{"href":"https:\/\/www.24baires.com\/index.php?rest_route=%2Fwp%2Fv2%2Fmedia&parent=4249"}],"wp:term":[{"taxonomy":"category","embeddable":true,"href":"https:\/\/www.24baires.com\/index.php?rest_route=%2Fwp%2Fv2%2Fcategories&post=4249"},{"taxonomy":"post_tag","embeddable":true,"href":"https:\/\/www.24baires.com\/index.php?rest_route=%2Fwp%2Fv2%2Ftags&post=4249"}],"curies":[{"name":"wp","href":"https:\/\/api.w.org\/{rel}","templated":true}]}}