{"id":42464,"date":"2014-03-20T09:45:55","date_gmt":"2014-03-20T12:45:55","guid":{"rendered":"http:\/\/www.24baires.com\/?p=42464"},"modified":"2014-03-20T15:31:07","modified_gmt":"2014-03-20T18:31:07","slug":"algunas-consideraciones-sobre-el-conflicto-gremial-docente","status":"publish","type":"post","link":"https:\/\/www.24baires.com\/?p=42464","title":{"rendered":"Algunas consideraciones sobre el conflicto gremial docente"},"content":{"rendered":"<p><img data-recalc-dims=\"1\" loading=\"lazy\" decoding=\"async\" class=\"aligncenter size-full wp-image-8724\" alt=\"docentes casa provincia\" src=\"https:\/\/i0.wp.com\/www.24baires.com\/wp-content\/uploads\/2012\/12\/docentes-casa-provincia.jpg?resize=560%2C372\" width=\"560\" height=\"372\" srcset=\"https:\/\/i0.wp.com\/www.24baires.com\/wp-content\/uploads\/2012\/12\/docentes-casa-provincia.jpg?w=560&amp;ssl=1 560w, https:\/\/i0.wp.com\/www.24baires.com\/wp-content\/uploads\/2012\/12\/docentes-casa-provincia.jpg?resize=300%2C199&amp;ssl=1 300w\" sizes=\"auto, (max-width: 560px) 100vw, 560px\" \/>Cuando se opina y se hace p\u00fablica esa opini\u00f3n se puede estar seguro de algunas cosas, como que habr\u00e1 gente que se disguste con nuestros dichos y otras personas que se sientan representadas por ellos. Si escribimos lo que pensamos s\u00f3lo cuando vaya a haber m\u00e1s gente a favor de nuestra palabra que en contra, no mereceremos ni siquiera ser le\u00eddos, m\u00e1s all\u00e1 del contenido de lo que quer\u00edamos expresar. <!--more--><\/p>\n<p>Y cuando hacemos costumbre esto de expresar por medios como \u00e9ste nuestros pensamientos sobre determinados temas en los que creemos que podemos versar algunas l\u00edneas que aporten algo nuevo, sabemos qu\u00e9 t\u00f3picos despertaran m\u00e1s rispideces y ataques que otros, pero no por ello caeremos en el facilismo imperdonable de no abordarlos.<\/p>\n<p>Tal es el caso del conflicto docente que aqueja a la Provincia de Buenos Aires. No digo que \u201caqueja desde hace casi dos semanas a la Provincia de Buenos Aires\u201d, porque es una falacia, este problema tiene sus picos candentes a principio del ciclo escolar, pero est\u00e1 vigente todo el a\u00f1o. En esta oportunidad, este jueves se cumplen 12 d\u00edas de paro y no se atisban en el horizonte prontas soluciones. Y esto es porque quienes estaban encargados de las negociaciones por parte del sciolismo han demostrado poca cintura pol\u00edtica y porque desde los gremios docentes no est\u00e1n negociando, porque no piensan ceder en nada. Entonces, 4 millones de chicos pierden. As\u00ed de corta.<\/p>\n<p>Ahora, vamos por partes, como el decimon\u00f3nico londinense del cuchillo. Cuando Nora de Luc\u00eda, Directora General de Cultura y Educaci\u00f3n de la Provincia de Buenos Aires, afirm\u00f3 que un docente que \u201cacumula dos o m\u00e1s cargos, tantos que con la proyecci\u00f3n de esta oferta llegar\u00edan a cobrar $44.255 mensuales de bolsillo\u201d, exponiendo un disparatado n\u00famero que, incluso, est\u00e1 fuera del escalaf\u00f3n docente, no ayuda a solucionar nada. Decir eso cuando los docentes, as\u00ed como la mayor\u00eda de los empleados estatales, tienen muy bajos b\u00e1sicos y cobran el resto como adicionales (es decir, montos que pueden ser no remunerativos y no servir para calcular sus jubilaciones) es empezar por el error.<\/p>\n<p>El 36% de los docentes s\u00f3lo ocupa un cargo y gana (sin aumento) $3,400 m\u00e1s un incentivo de $200 en un b\u00e1sico de $1,800 (un docente sin antig\u00fcedad). Y otro 41% ocupa, seg\u00fan la informaci\u00f3n circulada por la Directora, \u201cde uno a dos cargos\u201d. S\u00f3lo el 16% posee \u201cde 2 a 3\u201d y el 7% \u201cm\u00e1s de 3 cargos\u201d. Lo que significa que poner como ejemplo de salario al 7% de los docentes en un conflicto desmadrado como este no es s\u00f3lo una simulaci\u00f3n de la realidad, sino un grave yerro pol\u00edtico.<\/p>\n<p>Los docentes deben ganar bien. No se puede exigir a un docente -por ejemplo a un maestro o una maestra de grado-, cubrir tres turnos, ma\u00f1ana, tarde y noche y pretender que se desempe\u00f1e con excelencia.<\/p>\n<p>Es decir, podemos pedirles eso y horrorizarnos si no lo hace, total, la hipocres\u00eda es gratis. Para ense\u00f1ar, para comprometerse, para consustanciarse con el alumnado, tienen que planificar, corregir, proyectar actividades, etc\u00e9tera. Y saliendo a las 7 de la ma\u00f1ana y volviendo a las 11 de la noche eso no puede lograrse. Y todos queremos que a nuestros hijos los instruyan en las escuelas personas aptas, entonces pensemos unos minutos esta realidad.<\/p>\n<p>Por otro lado, es llamativo que los mismos docentes no quieran cobrar presentismo: todos los asalariados del mundo deben presentarse a su trabajo, el presentismo es un premio a esa asistencia, deber\u00edan tomarlo como una conquista gremial y no como una imposici\u00f3n del gobierno. Porque un docente apto es, tambi\u00e9n, el que se presenta a dar clase. Los docentes deben ganar bien y deben ir a trabajar.<\/p>\n<p>Y aqu\u00ed llegamos a un punto conyuntural, los gremios docentes. Es imposible continuar analizando este conflicto sin poner en claro algo que ya casi todos sabemos: si el titular de SUTEBA, Roberto Baradel, est\u00e1 a los besos y los abrazos con uno de los l\u00edderes opositores del momento, como es Sergio Massa, no pretender\u00e1 que seamos tan incautos de pensar que sus exigencias inamovibles no tienen otras connotaciones que exceden al conflicto salarial en s\u00ed y que son meramente pol\u00edticas, pero de la pol\u00edtica vieja, esa en la que abunda el massimo, la que no queremos. Este dato debe ir al an\u00e1lisis, necesariamente, puesto que Baradel es una de las caras m\u00e1s visibles de esta problem\u00e1tica y tiene una de las posturas infranqueables que a veces dificultan creer que realmente quiera que el conflicto se resuelva: no pod\u00e9s sentarte a una negociaci\u00f3n si no est\u00e1s dispuesto a negociar, en ning\u00fan lado.<\/p>\n<p>Y seguimos con 4 millones de chicos sin clases, mientras much\u00edsimos otros ya los aventajan en casi dos semanas yendo al colegio, as\u00ed se ampl\u00eda la brecha entre educaci\u00f3n p\u00fablica y privada, siendo los ni\u00f1os lo m\u00e1s perjudicados, siempre. Las dificultades entre cualquier gremio y el gobierno tienden a resolverse, de una forma u otra, pero los docentes no acatan la conciliaci\u00f3n obligatoria dictada por el Ministerio de Trabajo, y siguen demandando desde una posici\u00f3n de fuerza en la que terminan poniendo, junto al Estado, a los pibes de rehenes.<\/p>\n<p>Y todav\u00eda no hablamos de infraestructura en las escuelas, y todav\u00eda no hablamos de calidad educativa, de perfeccionamiento docente para utilizar las nuevas herramientas que otorga el Estado en sus pol\u00edticas educativas, como Conectar Igualdad. Estamos s\u00f3lo hablando del sueldo de un sector de empleados del ampl\u00edsimo espectro de trabajadores estatales.<\/p>\n<p>Estas son algunas impresiones, opiniones propias que se desprenden desde la ideolog\u00eda, de la experiencia personal y las ideas que se tienen para la sociedad en la que se quisiera vivir, una sociedad solidaria, donde cuando un grupo exige mejoras que creemos leg\u00edtimas, como los docentes, y reclaman la solidaridad de la poblaci\u00f3n en general, sea ese mismo grupo el que se levanta en auxilio de otro, como puede ser por ejemplo el de la salud p\u00fablica que est\u00e1 mucho peor que el docente, y todos tengamos la madurez de acompa\u00f1ar lo que creamos justo, aunque no sea nuestro propio bolsillo el afectado, por eso as\u00ed como se construye una sociedad m\u00e1s igualitaria, con lazos fraternales s\u00f3lidos, donde podemos crecer parejo, sin mezquindades, codo a codo.<\/p>\n","protected":false},"excerpt":{"rendered":"<p>Cuando se opina y se hace p\u00fablica esa opini\u00f3n se puede estar seguro de algunas cosas, como que habr\u00e1 gente que se disguste con nuestros dichos y otras personas que se sientan representadas por ellos. Si escribimos lo que pensamos s\u00f3lo cuando vaya a haber m\u00e1s gente a favor de nuestra palabra que en contra, no mereceremos ni siquiera ser [&#8230;]<\/p>\n","protected":false},"author":11,"featured_media":0,"comment_status":"open","ping_status":"open","sticky":false,"template":"","format":"standard","meta":{"_jetpack_newsletter_access":"","_jetpack_dont_email_post_to_subs":false,"_jetpack_newsletter_tier_id":0,"_jetpack_memberships_contains_paywalled_content":false,"_jetpack_memberships_contains_paid_content":false,"footnotes":""},"categories":[64],"tags":[],"class_list":["post-42464","post","type-post","status-publish","format-standard","hentry","category-opinion"],"jetpack_featured_media_url":"","jetpack_shortlink":"https:\/\/wp.me\/p2JWE0-b2U","jetpack-related-posts":[{"id":100134,"url":"https:\/\/www.24baires.com\/?p=100134","url_meta":{"origin":42464,"position":0},"title":"La Provincia prev\u00e9 una dura negociaci\u00f3n con los gremios docentes","author":"GB","date":"24\/01\/2018","format":false,"excerpt":"En el gobierno bonaerense afirman que \"no hay ni piso ni techo\" para la paritaria; avanzan en la \"depuraci\u00f3n\" de las afiliaciones de los sindicatos que agrupan a maestros y profesores Volvi\u00f3 descansada y feliz de Villa La Angostura. Ya de regreso en su despacho, Mar\u00eda Eugenia Vidal se pondr\u00e1\u2026","rel":"","context":"En \u00abProvincia\u00bb","block_context":{"text":"Provincia","link":"https:\/\/www.24baires.com\/?cat=40"},"img":{"alt_text":"","src":"https:\/\/i0.wp.com\/www.24baires.com\/wp-content\/uploads\/2017\/11\/docentes.jpg?resize=350%2C200","width":350,"height":200,"srcset":"https:\/\/i0.wp.com\/www.24baires.com\/wp-content\/uploads\/2017\/11\/docentes.jpg?resize=350%2C200 1x, https:\/\/i0.wp.com\/www.24baires.com\/wp-content\/uploads\/2017\/11\/docentes.jpg?resize=525%2C300 1.5x"},"classes":[]},{"id":7866,"url":"https:\/\/www.24baires.com\/?p=7866","url_meta":{"origin":42464,"position":1},"title":"Para la denarva\u00edsta M\u00f3nica L\u00f3pez \u201cDe Luc\u00eda tiene absoluta raz\u00f3n\u201d sobre el conflicto docente","author":"Grupo Sierra","date":"04\/12\/2012","format":false,"excerpt":"La Diputada provincial por Uni\u00f3n Celeste y Blanco, M\u00f3nica L\u00f3pez, en dialogo radial expres\u00f3 su posici\u00f3n sobre los temas relevantes del momento, como el conflicto docente, la Ley de Medios y la problem\u00e1tica de los residuos entre la Provincia y la Capital. \u00a0 En relaci\u00f3n a la situaci\u00f3n que se\u2026","rel":"","context":"En \u00abPol\u00edtica\u00bb","block_context":{"text":"Pol\u00edtica","link":"https:\/\/www.24baires.com\/?cat=51"},"img":{"alt_text":"","src":"https:\/\/i0.wp.com\/www.24baires.com\/wp-content\/uploads\/2012\/10\/monicalopez-300x224.jpg?resize=350%2C200","width":350,"height":200},"classes":[]},{"id":103562,"url":"https:\/\/www.24baires.com\/?p=103562","url_meta":{"origin":42464,"position":2},"title":"Vidal solicita la conciliaci\u00f3n obligatoria para evitar el paro docente","author":"AF","date":"27\/07\/2018","format":false,"excerpt":"La estrategia de la gobernadora, luego de la oferta irrisoria a los gremios, es tratar de desactivar el paro y acusar a los maestros de \"hacer pol\u00edtica\". Lejos de intentar solucionar el conflicto salarial con los docentes bonaerenses a trav\u00e9s de una propuesta razonable, Mar\u00eda Eugenia Vidal apuesta a eternizar\u2026","rel":"","context":"En \u00abSociedad\u00bb","block_context":{"text":"Sociedad","link":"https:\/\/www.24baires.com\/?cat=1"},"img":{"alt_text":"","src":"https:\/\/i0.wp.com\/www.24baires.com\/wp-content\/uploads\/2017\/04\/salarios-docentes.jpg?resize=350%2C200","width":350,"height":200,"srcset":"https:\/\/i0.wp.com\/www.24baires.com\/wp-content\/uploads\/2017\/04\/salarios-docentes.jpg?resize=350%2C200 1x, https:\/\/i0.wp.com\/www.24baires.com\/wp-content\/uploads\/2017\/04\/salarios-docentes.jpg?resize=525%2C300 1.5x"},"classes":[]},{"id":87464,"url":"https:\/\/www.24baires.com\/?p=87464","url_meta":{"origin":42464,"position":3},"title":"Municipales bonaerenses en alerta por el conflicto en Mar del Plata","author":"GB","date":"12\/09\/2016","format":false,"excerpt":"Desde la Federaci\u00f3n de Trabajadores Municipales de la Provincia se solidarizaron con los trabajadores locales y reivindicaron el paro. Por la situaci\u00f3n que vive el municipio de General Pueyrredon, la Federaci\u00f3n de Trabajadores Municipales de la Provincia de Buenos Aires se declar\u00f3 en \u201cestado de alerta y movilizaci\u00f3n\u201d. Adem\u00e1s se\u2026","rel":"","context":"En \u00abProvincia\u00bb","block_context":{"text":"Provincia","link":"https:\/\/www.24baires.com\/?cat=40"},"img":{"alt_text":"","src":"","width":0,"height":0},"classes":[]},{"id":102461,"url":"https:\/\/www.24baires.com\/?p=102461","url_meta":{"origin":42464,"position":4},"title":"Paritaria con condiciones: piden a los docentes no hacer m\u00e1s paros","author":"GB","date":"31\/05\/2018","format":false,"excerpt":"El director general de Cultura y Educaci\u00f3n de la Provincia de Buenos Aires, Gabriel S\u00e1nchez Zinny, dijo que la intenci\u00f3n es mantener un di\u00e1logo con los docentes pero \u201ccon los estudiantes en las aulas\u201d. El conflicto docente todav\u00eda no encuentra un rumbo claro y la paritaria se encuentra estancada. Desde\u2026","rel":"","context":"En \u00abProvincia\u00bb","block_context":{"text":"Provincia","link":"https:\/\/www.24baires.com\/?cat=40"},"img":{"alt_text":"","src":"https:\/\/i0.wp.com\/www.24baires.com\/wp-content\/uploads\/2018\/05\/sancez-ziny.jpg?resize=350%2C200","width":350,"height":200,"srcset":"https:\/\/i0.wp.com\/www.24baires.com\/wp-content\/uploads\/2018\/05\/sancez-ziny.jpg?resize=350%2C200 1x, https:\/\/i0.wp.com\/www.24baires.com\/wp-content\/uploads\/2018\/05\/sancez-ziny.jpg?resize=525%2C300 1.5x"},"classes":[]},{"id":3325,"url":"https:\/\/www.24baires.com\/?p=3325","url_meta":{"origin":42464,"position":5},"title":"\u201cNo se entiende por qu\u00e9 Scioli no sale a hablar sobre el conflicto docente\u201d","author":"Grupo Sierra","date":"26\/10\/2012","format":false,"excerpt":"El titular de Udocba, Miguel D\u00edaz, sostuvo que \u201cmientras el nivel de adhesi\u00f3n en la segunda jornada de paro es masiva, desde el gobierno s\u00f3lo balbucean que van a descontarle los d\u00edas a los docentes\". Tambi\u00e9n asegur\u00f3 que \u201chay un presupuesto que se subejecuta\" y que \"es mentira que no\u2026","rel":"","context":"En \u00abProvincia\u00bb","block_context":{"text":"Provincia","link":"https:\/\/www.24baires.com\/?cat=40"},"img":{"alt_text":"","src":"https:\/\/i0.wp.com\/www.24baires.com\/wp-content\/uploads\/2012\/10\/Udocba-Diaz-Miguel-300x168.jpg?resize=350%2C200","width":350,"height":200},"classes":[]}],"jetpack_sharing_enabled":true,"jetpack_likes_enabled":true,"_links":{"self":[{"href":"https:\/\/www.24baires.com\/index.php?rest_route=\/wp\/v2\/posts\/42464","targetHints":{"allow":["GET"]}}],"collection":[{"href":"https:\/\/www.24baires.com\/index.php?rest_route=\/wp\/v2\/posts"}],"about":[{"href":"https:\/\/www.24baires.com\/index.php?rest_route=\/wp\/v2\/types\/post"}],"author":[{"embeddable":true,"href":"https:\/\/www.24baires.com\/index.php?rest_route=\/wp\/v2\/users\/11"}],"replies":[{"embeddable":true,"href":"https:\/\/www.24baires.com\/index.php?rest_route=%2Fwp%2Fv2%2Fcomments&post=42464"}],"version-history":[{"count":3,"href":"https:\/\/www.24baires.com\/index.php?rest_route=\/wp\/v2\/posts\/42464\/revisions"}],"predecessor-version":[{"id":42492,"href":"https:\/\/www.24baires.com\/index.php?rest_route=\/wp\/v2\/posts\/42464\/revisions\/42492"}],"wp:attachment":[{"href":"https:\/\/www.24baires.com\/index.php?rest_route=%2Fwp%2Fv2%2Fmedia&parent=42464"}],"wp:term":[{"taxonomy":"category","embeddable":true,"href":"https:\/\/www.24baires.com\/index.php?rest_route=%2Fwp%2Fv2%2Fcategories&post=42464"},{"taxonomy":"post_tag","embeddable":true,"href":"https:\/\/www.24baires.com\/index.php?rest_route=%2Fwp%2Fv2%2Ftags&post=42464"}],"curies":[{"name":"wp","href":"https:\/\/api.w.org\/{rel}","templated":true}]}}