{"id":4246,"date":"2012-11-03T09:41:58","date_gmt":"2012-11-03T12:41:58","guid":{"rendered":"http:\/\/www.24baires.com\/?p=4246"},"modified":"2012-11-03T09:41:58","modified_gmt":"2012-11-03T12:41:58","slug":"llegaron-a-bahia-blanca-los-primeros-camiones-recolectores-de-residuos","status":"publish","type":"post","link":"https:\/\/www.24baires.com\/?p=4246","title":{"rendered":"Llegaron a Bah\u00eda Blanca los primeros camiones recolectores de residuos"},"content":{"rendered":"<p><img data-recalc-dims=\"1\" loading=\"lazy\" decoding=\"async\" class=\"alignleft size-medium wp-image-4247\" title=\"recolectores bb\" src=\"https:\/\/i0.wp.com\/www.24baires.com\/wp-content\/uploads\/2012\/11\/recolectores-bb.jpg?resize=300%2C219\" alt=\"\" width=\"300\" height=\"219\" srcset=\"https:\/\/i0.wp.com\/www.24baires.com\/wp-content\/uploads\/2012\/11\/recolectores-bb.jpg?resize=300%2C219&amp;ssl=1 300w, https:\/\/i0.wp.com\/www.24baires.com\/wp-content\/uploads\/2012\/11\/recolectores-bb.jpg?w=560&amp;ssl=1 560w\" sizes=\"auto, (max-width: 300px) 100vw, 300px\" \/>Son diez utilitarios que complementar\u00e1n el trabajo de los camiones que mantenga en servicio la firma Covelia, desvinculada parcialmente de la tarea de recolecci\u00f3n de residuos por el municipio bahiense.<!--more--><\/p>\n<p>En horas de la tarde del viernes, llegaron a Bah\u00eda Blanca los diez camiones alquilados por la comuna para ser destinados a la recolecci\u00f3n de residuos s\u00f3lidos urbanos en el distrito, complementando el trabajo de las unidades que mantenga en servicio la firma Covelia.<\/p>\n<p>Los veh\u00edculos arribaron al predio de los talleres municipales, ubicado en calle Brickman 1600. Fueron fabricados por la empresa Econovo, emplazada en la ciudad de Oncativo, provincia de C\u00f3rdoba.<\/p>\n<p>Seg\u00fan se inform\u00f3, en los pr\u00f3ximos d\u00edas llegar\u00e1n otros camiones que ser\u00e1n adquiridos por una Sociedad An\u00f3nima de Participaci\u00f3n Estatal Mayoritaria (Sapem), cuyo objetivo ser\u00e1 el de manejar los residuos urbanos, desde su separaci\u00f3n en origen, reciclado y deposici\u00f3n.<\/p>\n<p>Para ello, se solicitar\u00e1 una l\u00ednea especial de cr\u00e9ditos del Banco de la Naci\u00f3n Argentina, destinados a adquirir maquinaria de limpieza.<\/p>\n<p>La conformaci\u00f3n legal de esa Sapem Ambiental demandar\u00e1 unos 60 d\u00edas y para ello deber\u00e1 nombrarse a diversos integrantes que se encargar\u00e1n de llevar adelante su administraci\u00f3n.<\/p>\n","protected":false},"excerpt":{"rendered":"<p>Son diez utilitarios que complementar\u00e1n el trabajo de los camiones que mantenga en servicio la firma Covelia, desvinculada parcialmente de la tarea de recolecci\u00f3n de residuos por el municipio bahiense.<\/p>\n","protected":false},"author":4,"featured_media":0,"comment_status":"open","ping_status":"open","sticky":false,"template":"","format":"standard","meta":{"_jetpack_newsletter_access":"","_jetpack_dont_email_post_to_subs":false,"_jetpack_newsletter_tier_id":0,"_jetpack_memberships_contains_paywalled_content":false,"_jetpack_memberships_contains_paid_content":false,"footnotes":""},"categories":[38],"tags":[],"class_list":["post-4246","post","type-post","status-publish","format-standard","hentry","category-locales"],"jetpack_featured_media_url":"","jetpack_shortlink":"https:\/\/wp.me\/p2JWE0-16u","jetpack-related-posts":[{"id":4077,"url":"https:\/\/www.24baires.com\/?p=4077","url_meta":{"origin":4246,"position":0},"title":"Bah\u00eda Blanca pudo al fin despegarse de Covelia","author":"AF","date":"01\/11\/2012","format":false,"excerpt":"En conferencia de prensa, el intendente de Bah\u00eda Blanca, Gustavo Bevilacqua, explic\u00f3 los motivos de la salida de Covelia, la empresa recolectora de residuos, y la llegada de nuevos camiones que ser\u00e1n adquiridos por la comuna. \"Se ha tomado la decisi\u00f3n de romper el contrato. No es posible afrontar los\u2026","rel":"","context":"En \u00abLocales\u00bb","block_context":{"text":"Locales","link":"https:\/\/www.24baires.com\/?cat=38"},"img":{"alt_text":"","src":"","width":0,"height":0},"classes":[]},{"id":45178,"url":"https:\/\/www.24baires.com\/?p=45178","url_meta":{"origin":4246,"position":1},"title":"En Quilmes el Intendente gana la pulseada y se municipaliza la recolecci\u00f3n de residuos","author":"AF","date":"03\/05\/2014","format":false,"excerpt":"El Municipio inform\u00f3 que el lunes se firmar\u00e1 el acuerdo a partir del cual se municipaliza el servicio de recolecci\u00f3n de residuos en el distrito, tras cinco d\u00edas de paro y bloqueo por parte de los trabajadores del Covelia. Se acord\u00f3 la municipalizaci\u00f3n del servicio, los trabajadores de la empresa\u2026","rel":"","context":"En \u00abLocales\u00bb","block_context":{"text":"Locales","link":"https:\/\/www.24baires.com\/?cat=38"},"img":{"alt_text":"COVELIA","src":"https:\/\/i0.wp.com\/www.24baires.com\/wp-content\/uploads\/2014\/05\/COVELIA.jpg?resize=350%2C200","width":350,"height":200,"srcset":"https:\/\/i0.wp.com\/www.24baires.com\/wp-content\/uploads\/2014\/05\/COVELIA.jpg?resize=350%2C200 1x, https:\/\/i0.wp.com\/www.24baires.com\/wp-content\/uploads\/2014\/05\/COVELIA.jpg?resize=525%2C300 1.5x"},"classes":[]},{"id":45146,"url":"https:\/\/www.24baires.com\/?p=45146","url_meta":{"origin":4246,"position":2},"title":"Guti\u00e9rrez acus\u00f3 a Moyano de \u00abforzar a dar marcha atr\u00e1s\u00bb en la municipalizaci\u00f3n de la recolecci\u00f3n","author":"Grupo Sierra","date":"02\/05\/2014","format":false,"excerpt":"El intendente de Quilmes Francisco Guti\u00e9rrez acus\u00f3 a la empresa Covelia y al sindicato de Camioneros, que por quinto d\u00eda mantiene suspendida la recolecci\u00f3n de residuos. \"Es una medida de presi\u00f3n de la empresa que, junto al sindicato de Camioneros, bloquea el ingreso de los camiones del municipio a la\u2026","rel":"","context":"En \u00abLocales\u00bb","block_context":{"text":"Locales","link":"https:\/\/www.24baires.com\/?cat=38"},"img":{"alt_text":"basura","src":"https:\/\/i0.wp.com\/www.24baires.com\/wp-content\/uploads\/2014\/03\/basura-300x178.jpg?resize=350%2C200","width":350,"height":200},"classes":[]},{"id":45315,"url":"https:\/\/www.24baires.com\/?p=45315","url_meta":{"origin":4246,"position":3},"title":"\u00abDesde hoy, Quilmes se hace cargo de la recolecci\u00f3n de residuos\u00bb","author":"AF","date":"05\/05\/2014","format":false,"excerpt":"El intendente del partido bonaerense de Quilmes, Francisco \"Barba\" Guti\u00e9rrez, confirm\u00f3 esta ma\u00f1ana el acuerdo alcanzado con el gremio de Camioneros, en el marco del conflicto que manten\u00edan por la rescisi\u00f3n del contrato con la empresa Covelia. Adem\u00e1s, reafirm\u00f3 que \"el municipio abri\u00f3 la posibilidad de la continuidad laboral\" a\u2026","rel":"","context":"En \u00abLocales\u00bb","block_context":{"text":"Locales","link":"https:\/\/www.24baires.com\/?cat=38"},"img":{"alt_text":"francisco guti\u00e9rrez quilmes","src":"https:\/\/i0.wp.com\/www.24baires.com\/wp-content\/uploads\/2014\/05\/francisco-guti%C3%A9rrez-quilmes.jpg?resize=350%2C200","width":350,"height":200,"srcset":"https:\/\/i0.wp.com\/www.24baires.com\/wp-content\/uploads\/2014\/05\/francisco-guti%C3%A9rrez-quilmes.jpg?resize=350%2C200 1x, https:\/\/i0.wp.com\/www.24baires.com\/wp-content\/uploads\/2014\/05\/francisco-guti%C3%A9rrez-quilmes.jpg?resize=525%2C300 1.5x"},"classes":[]},{"id":45016,"url":"https:\/\/www.24baires.com\/?p=45016","url_meta":{"origin":4246,"position":4},"title":"Pablo Moyano se opone a la recolecci\u00f3n municipalizada: \u00abSi quieren, va a haber muertos\u00bb","author":"Grupo Sierra","date":"29\/04\/2014","format":false,"excerpt":"QUILMES- Contin\u00faa el conflicto por la basura en el municipio, por lo que el secretario Gremial de Camioneros tuvo desafortunados comentarios hacia el intendente Francisco Guti\u00e9rrez. Por su parte, la Municipalidad de Quilmes denunci\u00f3 hoy que la empresa Covelia suspendi\u00f3 \"anticipadamente\" la prestaci\u00f3n del servicio de recolecci\u00f3n de residuos en\u2026","rel":"","context":"En \u00abPol\u00edtica\u00bb","block_context":{"text":"Pol\u00edtica","link":"https:\/\/www.24baires.com\/?cat=51"},"img":{"alt_text":"moyano pablo","src":"https:\/\/i0.wp.com\/www.24baires.com\/wp-content\/uploads\/2013\/07\/moyano-pablo.jpg?resize=350%2C200","width":350,"height":200,"srcset":"https:\/\/i0.wp.com\/www.24baires.com\/wp-content\/uploads\/2013\/07\/moyano-pablo.jpg?resize=350%2C200 1x, https:\/\/i0.wp.com\/www.24baires.com\/wp-content\/uploads\/2013\/07\/moyano-pablo.jpg?resize=525%2C300 1.5x"},"classes":[]},{"id":45414,"url":"https:\/\/www.24baires.com\/?p=45414","url_meta":{"origin":4246,"position":5},"title":"Efecto domin\u00f3: Ferraresi no descarta una posible municipalizaci\u00f3n de Covelia","author":"GB","date":"06\/05\/2014","format":false,"excerpt":"AVELLANEDA-Tras el pase a manos del Estado del servicio de la recolecci\u00f3n de residuos en Quilmes, el intendente de Avellaneda plante\u00f3 que se ha hecho \u201cun cambio estrat\u00e9gico\u201d y desliz\u00f3 que en su distrito, el contrato con Covelia vence el a\u00f1o pr\u00f3ximo y \u201cla municipalizaci\u00f3n es una de las posibilidades\u201d.\u2026","rel":"","context":"En \u00abMunicipios\u00bb","block_context":{"text":"Municipios","link":"https:\/\/www.24baires.com\/?cat=44"},"img":{"alt_text":"Ferraresi","src":"https:\/\/i0.wp.com\/www.24baires.com\/wp-content\/uploads\/2013\/09\/Ferraresi.jpg?resize=350%2C200","width":350,"height":200},"classes":[]}],"jetpack_sharing_enabled":true,"jetpack_likes_enabled":true,"_links":{"self":[{"href":"https:\/\/www.24baires.com\/index.php?rest_route=\/wp\/v2\/posts\/4246","targetHints":{"allow":["GET"]}}],"collection":[{"href":"https:\/\/www.24baires.com\/index.php?rest_route=\/wp\/v2\/posts"}],"about":[{"href":"https:\/\/www.24baires.com\/index.php?rest_route=\/wp\/v2\/types\/post"}],"author":[{"embeddable":true,"href":"https:\/\/www.24baires.com\/index.php?rest_route=\/wp\/v2\/users\/4"}],"replies":[{"embeddable":true,"href":"https:\/\/www.24baires.com\/index.php?rest_route=%2Fwp%2Fv2%2Fcomments&post=4246"}],"version-history":[{"count":1,"href":"https:\/\/www.24baires.com\/index.php?rest_route=\/wp\/v2\/posts\/4246\/revisions"}],"predecessor-version":[{"id":4248,"href":"https:\/\/www.24baires.com\/index.php?rest_route=\/wp\/v2\/posts\/4246\/revisions\/4248"}],"wp:attachment":[{"href":"https:\/\/www.24baires.com\/index.php?rest_route=%2Fwp%2Fv2%2Fmedia&parent=4246"}],"wp:term":[{"taxonomy":"category","embeddable":true,"href":"https:\/\/www.24baires.com\/index.php?rest_route=%2Fwp%2Fv2%2Fcategories&post=4246"},{"taxonomy":"post_tag","embeddable":true,"href":"https:\/\/www.24baires.com\/index.php?rest_route=%2Fwp%2Fv2%2Ftags&post=4246"}],"curies":[{"name":"wp","href":"https:\/\/api.w.org\/{rel}","templated":true}]}}