{"id":4243,"date":"2012-11-03T09:35:39","date_gmt":"2012-11-03T12:35:39","guid":{"rendered":"http:\/\/www.24baires.com\/?p=4243"},"modified":"2012-11-03T09:35:39","modified_gmt":"2012-11-03T12:35:39","slug":"partido-de-la-costa-afiliados-al-pami-se-quedaron-sin-servicio","status":"publish","type":"post","link":"https:\/\/www.24baires.com\/?p=4243","title":{"rendered":"Partido de La Costa: afiliados al PAMI se quedaron sin servicio"},"content":{"rendered":"<p>M\u00e1s de 10 mil adultos de la tercera edad quedaron totalmente desamparados en el Partido de La Costa, tras la decisi\u00f3n de autoridades de Pami de cortar la prestaci\u00f3n de servicios sociales y sanitarios. Si bien hay un compromiso de las autoridades municipales de suplir esa falta insertando a los abuelos en el sistema p\u00fablico, las deficiencias son tan grandes que ponen en riesgo la seguridad de los afiliados.<!--more--><\/p>\n<p>Seg\u00fan trascendi\u00f3 a partir del 31 de octubre pasado ninguna cl\u00ednica del Partido de La Costa atender\u00e1 a los afiliados al Pami, lo que dejar\u00eda a 11 mil abuelos en total estado de emergencia sanitaria. Desde principio de a\u00f1o los afiliados reclamaban por las deficiencias en la prestaci\u00f3n, pero nunca imaginaron que la soluci\u00f3n iba a ser cortar con el servicio.<\/p>\n<p>Tras la decisi\u00f3n, el intendente Juan Pablo de Jes\u00fas se reuni\u00f3 con miembros de centros de jubilados y luego de hacer un an\u00e1lisis de la situaci\u00f3n, garantiz\u00f3 su colaboraci\u00f3n con el organismo y con los afiliados.<\/p>\n<p>\u00abEl gobierno municipal, desde el comienzo de la gesti\u00f3n, ha planteado su voluntad de colaborar con el organismo\u00bb. \u00abDe las 90 camas que tiene el sistema p\u00fablico, 30 est\u00e1n ocupados por afiliados de la obra social de Pami y se hacen miles de prestaciones por mes a sus afiliados que siempre se garantiz\u00f3 desde el sistema p\u00fablico\u00bb.<\/p>\n<p>Con estas afirmaciones, el gobierno municipal invit\u00f3 a que los ancianos sean incluidos en el deficiente sistema de hospitales municipales. Los afiliados no s\u00f3lo reclaman ante la decisi\u00f3n de las autoridades de Pami, sino por las soluciones desplegadas del municipio, quienes en vez de exigir a la prestataria que cumpla con sus funciones, pretende sumar pacientes a las saturadas salitas y hospitales.<\/p>\n<p>Seg\u00fan los vecinos de La Costa, el servicio de hospital municipal es deficitario y no llega a cubrir las necesidades sanitarias de toda la comunidad que no cuenta con una obra social. De m\u00e1s est\u00e1 decir que sumar a esta poblaci\u00f3n habitual 11 mil pacientes m\u00e1s, no colaborar\u00e1 para mejorar el servicio.<\/p>\n<p>Ante este estado de situaci\u00f3n los afiliados de Pami deber\u00e1n resolver sus urgencias y necesidades viajando hasta Mar del Plata, mientras que se espera que Juan Pablo De Jes\u00fas, intendente municipal, disponga de un sistema de emergencia sanitario y al mismo tiempo, junto a todos los actores sociales y pol\u00edticos se solicite ante la autoridad correspondiente la rehabilitaci\u00f3n del sistema de Pami.<\/p>\n","protected":false},"excerpt":{"rendered":"<p>M\u00e1s de 10 mil adultos de la tercera edad quedaron totalmente desamparados en el Partido de La Costa, tras la decisi\u00f3n de autoridades de Pami de cortar la prestaci\u00f3n de servicios sociales y sanitarios. Si bien hay un compromiso de las autoridades municipales de suplir esa falta insertando a los abuelos en el sistema p\u00fablico, las deficiencias son tan grandes [&#8230;]<\/p>\n","protected":false},"author":4,"featured_media":0,"comment_status":"open","ping_status":"open","sticky":false,"template":"","format":"standard","meta":{"_jetpack_newsletter_access":"","_jetpack_dont_email_post_to_subs":false,"_jetpack_newsletter_tier_id":0,"_jetpack_memberships_contains_paywalled_content":false,"_jetpack_memberships_contains_paid_content":false,"footnotes":""},"categories":[38],"tags":[],"class_list":["post-4243","post","type-post","status-publish","format-standard","hentry","category-locales"],"jetpack_featured_media_url":"","jetpack_shortlink":"https:\/\/wp.me\/p2JWE0-16r","jetpack-related-posts":[{"id":4904,"url":"https:\/\/www.24baires.com\/?p=4904","url_meta":{"origin":4243,"position":0},"title":"Partido de La Costa: denuncian que PAMI cort\u00f3 sus servicios por pedido del Intendente","author":"AF","date":"10\/11\/2012","format":false,"excerpt":"Hace una semana trascendi\u00f3 que los afiliados a Pami del Partido de la Costa, no podr\u00edan acceder a los servicios de esa prestaci\u00f3n m\u00e9dica porque estos hab\u00edan sido cortados por decisi\u00f3n de las autoridades. Por estas horas se conocieron los motivos. El intendente le habr\u00eda solicitado a la prestataria que\u2026","rel":"","context":"En \u00abLocales\u00bb","block_context":{"text":"Locales","link":"https:\/\/www.24baires.com\/?cat=38"},"img":{"alt_text":"","src":"https:\/\/i0.wp.com\/www.24baires.com\/wp-content\/uploads\/2012\/11\/de-jes%C3%BAs-pami-300x198.jpg?resize=350%2C200","width":350,"height":200},"classes":[]},{"id":90940,"url":"https:\/\/www.24baires.com\/?p=90940","url_meta":{"origin":4243,"position":1},"title":"Farmacias de todo el pa\u00eds suspendieron el servicio a Pami","author":"AF","date":"21\/12\/2016","format":false,"excerpt":"Las farmacias de todo el pa\u00eds dejaron de otorgar cr\u00e9dito a los afiliados del PAMI a partir de la hora cero del mi\u00e9rcoles 21 de diciembre. A trav\u00e9s del siguiente documento firmado por el Colegio de Farmac\u00e9uticos de General Pueyrredon, se anunci\u00f3 la suspensi\u00f3n del servicio para beneficiarios de Pami:\u2026","rel":"","context":"En \u00abSociedad\u00bb","block_context":{"text":"Sociedad","link":"https:\/\/www.24baires.com\/?cat=1"},"img":{"alt_text":"","src":"https:\/\/i0.wp.com\/www.24baires.com\/wp-content\/uploads\/2014\/06\/pami-farmacia.jpg?resize=350%2C200","width":350,"height":200,"srcset":"https:\/\/i0.wp.com\/www.24baires.com\/wp-content\/uploads\/2014\/06\/pami-farmacia.jpg?resize=350%2C200 1x, https:\/\/i0.wp.com\/www.24baires.com\/wp-content\/uploads\/2014\/06\/pami-farmacia.jpg?resize=525%2C300 1.5x"},"classes":[]},{"id":1672,"url":"https:\/\/www.24baires.com\/?p=1672","url_meta":{"origin":4243,"position":2},"title":"PAMI podr\u00eda rescindir contratos con cl\u00ednicas de La Costa","author":"AF","date":"11\/10\/2012","format":false,"excerpt":"Afiliados de PAMI pertenecientes al Partido de La Costa reclaman desde hace dos a\u00f1os que las autoridades pol\u00edticas y representantes de la cartera sanitaria tuvieran en cuenta que una enorme franja social de adultos mayores, se encontraban sin internaci\u00f3n en la zona centro de la regi\u00f3n. \u201cPedimos la aceptaci\u00f3n por\u2026","rel":"","context":"En \u00abSociedad\u00bb","block_context":{"text":"Sociedad","link":"https:\/\/www.24baires.com\/?cat=1"},"img":{"alt_text":"","src":"https:\/\/i0.wp.com\/www.24baires.com\/wp-content\/uploads\/2012\/10\/pami-300x198.jpg?resize=350%2C200","width":350,"height":200},"classes":[]},{"id":53314,"url":"https:\/\/www.24baires.com\/?p=53314","url_meta":{"origin":4243,"position":3},"title":"El pr\u00f3ximo viernes las farmacias no atender\u00e1n a afiliados de PAMI","author":"AF","date":"09\/09\/2014","format":false,"excerpt":"Es por la deuda que mantiene esa obra social. \u201cLa situaci\u00f3n es muy complicada\u201d, dijo la titular del Colegio de Farmac\u00e9uticos bonaerense. La presidenta del Colegio de Farmac\u00e9uticos de la provincia de Buenos Aires, Mar\u00eda Isabel Reinoso, confirm\u00f3 que el viernes no atender\u00e1n a los afiliados del PAMI. Explic\u00f3 que\u2026","rel":"","context":"En \u00abSociedad\u00bb","block_context":{"text":"Sociedad","link":"https:\/\/www.24baires.com\/?cat=1"},"img":{"alt_text":"pami farmacia","src":"https:\/\/i0.wp.com\/www.24baires.com\/wp-content\/uploads\/2014\/06\/pami-farmacia.jpg?resize=350%2C200","width":350,"height":200,"srcset":"https:\/\/i0.wp.com\/www.24baires.com\/wp-content\/uploads\/2014\/06\/pami-farmacia.jpg?resize=350%2C200 1x, https:\/\/i0.wp.com\/www.24baires.com\/wp-content\/uploads\/2014\/06\/pami-farmacia.jpg?resize=525%2C300 1.5x"},"classes":[]},{"id":56352,"url":"https:\/\/www.24baires.com\/?p=56352","url_meta":{"origin":4243,"position":4},"title":"PAMI niega tener deudas con cl\u00ednicas y sanatorios privados","author":"AF","date":"31\/10\/2014","format":false,"excerpt":"El PAMI inform\u00f3 hoy que \u201cno existen retrasos en pagos o deudas con prestadores\u201d y que los centros asistenciales \u201cdeber\u00edan funcionar normalmente\u201d y atender a sus afiliados, en respuesta al conflicto que existe con la Asociaci\u00f3n de Cl\u00ednicas y Sanatorios Privados de la Rep\u00fablica Argentina (Adrecra) y la Confederaci\u00f3n Argentina\u2026","rel":"","context":"En \u00abSociedad\u00bb","block_context":{"text":"Sociedad","link":"https:\/\/www.24baires.com\/?cat=1"},"img":{"alt_text":"pami","src":"https:\/\/i0.wp.com\/www.24baires.com\/wp-content\/uploads\/2012\/10\/pami-300x198.jpg?resize=350%2C200","width":350,"height":200},"classes":[]},{"id":53579,"url":"https:\/\/www.24baires.com\/?p=53579","url_meta":{"origin":4243,"position":5},"title":"El titular de PAMI asegur\u00f3 que el organismo no tiene deudas con las farmacias","author":"GB","date":"13\/09\/2014","format":false,"excerpt":"El titular del PAMI, Luciano di Cesare, asegur\u00f3 que el organismo no tiene deudas con las farmacias, que cortaron la atenci\u00f3n a sus afiliados bajo ese argumento, y advirti\u00f3 que los jubilados \"son los rehenes\" de \"una puja de poder\" entre una confederaci\u00f3n farmac\u00e9utica y los laboratorios productores e importadores\u2026","rel":"","context":"En \u00abSociedad\u00bb","block_context":{"text":"Sociedad","link":"https:\/\/www.24baires.com\/?cat=1"},"img":{"alt_text":"pami farmacia","src":"https:\/\/i0.wp.com\/www.24baires.com\/wp-content\/uploads\/2014\/06\/pami-farmacia.jpg?resize=350%2C200","width":350,"height":200,"srcset":"https:\/\/i0.wp.com\/www.24baires.com\/wp-content\/uploads\/2014\/06\/pami-farmacia.jpg?resize=350%2C200 1x, https:\/\/i0.wp.com\/www.24baires.com\/wp-content\/uploads\/2014\/06\/pami-farmacia.jpg?resize=525%2C300 1.5x"},"classes":[]}],"jetpack_sharing_enabled":true,"jetpack_likes_enabled":true,"_links":{"self":[{"href":"https:\/\/www.24baires.com\/index.php?rest_route=\/wp\/v2\/posts\/4243","targetHints":{"allow":["GET"]}}],"collection":[{"href":"https:\/\/www.24baires.com\/index.php?rest_route=\/wp\/v2\/posts"}],"about":[{"href":"https:\/\/www.24baires.com\/index.php?rest_route=\/wp\/v2\/types\/post"}],"author":[{"embeddable":true,"href":"https:\/\/www.24baires.com\/index.php?rest_route=\/wp\/v2\/users\/4"}],"replies":[{"embeddable":true,"href":"https:\/\/www.24baires.com\/index.php?rest_route=%2Fwp%2Fv2%2Fcomments&post=4243"}],"version-history":[{"count":2,"href":"https:\/\/www.24baires.com\/index.php?rest_route=\/wp\/v2\/posts\/4243\/revisions"}],"predecessor-version":[{"id":4245,"href":"https:\/\/www.24baires.com\/index.php?rest_route=\/wp\/v2\/posts\/4243\/revisions\/4245"}],"wp:attachment":[{"href":"https:\/\/www.24baires.com\/index.php?rest_route=%2Fwp%2Fv2%2Fmedia&parent=4243"}],"wp:term":[{"taxonomy":"category","embeddable":true,"href":"https:\/\/www.24baires.com\/index.php?rest_route=%2Fwp%2Fv2%2Fcategories&post=4243"},{"taxonomy":"post_tag","embeddable":true,"href":"https:\/\/www.24baires.com\/index.php?rest_route=%2Fwp%2Fv2%2Ftags&post=4243"}],"curies":[{"name":"wp","href":"https:\/\/api.w.org\/{rel}","templated":true}]}}