{"id":4239,"date":"2012-11-02T20:43:46","date_gmt":"2012-11-02T23:43:46","guid":{"rendered":"http:\/\/www.24baires.com\/?p=4239"},"modified":"2012-11-02T20:43:46","modified_gmt":"2012-11-02T23:43:46","slug":"olimpo-de-bahia-blanca-ya-esta-en-cordoba","status":"publish","type":"post","link":"https:\/\/www.24baires.com\/?p=4239","title":{"rendered":"Olimpo de Bah\u00eda Blanca ya est\u00e1 en C\u00f3rdoba"},"content":{"rendered":"<p><img data-recalc-dims=\"1\" loading=\"lazy\" decoding=\"async\" class=\"aligncenter size-full wp-image-4240\" title=\"olimpo-instituto\" src=\"https:\/\/i0.wp.com\/www.24baires.com\/wp-content\/uploads\/2012\/11\/olimpo-instituto.jpg?resize=560%2C332\" alt=\"\" width=\"560\" height=\"332\" srcset=\"https:\/\/i0.wp.com\/www.24baires.com\/wp-content\/uploads\/2012\/11\/olimpo-instituto.jpg?w=560&amp;ssl=1 560w, https:\/\/i0.wp.com\/www.24baires.com\/wp-content\/uploads\/2012\/11\/olimpo-instituto.jpg?resize=300%2C177&amp;ssl=1 300w\" sizes=\"auto, (max-width: 560px) 100vw, 560px\" \/><\/p>\n<p>La delegaci\u00f3n bahiense ya est\u00e1 preparada para enfrentar a los cordobeses de Instituto, el s\u00e1bado desde las 19:30 por la decimotercera fecha del torneo de ascenso, donde buscar\u00e1 su sexta victoria consecutiva. El Aurinegro no le quiere perder pisada a Gimnasia y Esgrima La Plata, el l\u00edder del campeonato.<!--more--><\/p>\n<p>Luego de varias dudas que se generaron durante la semana sobre quienes ser\u00edan los convocados, los dirigidos por Walter Perazzo entrenaron hoy en la provincia de C\u00f3rdoba donde ma\u00f1ana har\u00e1n de visitante ante Instituto.<\/p>\n<p>Una de las inc\u00f3gnitas ya develadas era la situaci\u00f3n de Marcelo Vega. En principio, el volante ten\u00eda licencia del cuerpo t\u00e9cnico por los problemas de salud de su padre y no viajar\u00eda a C\u00f3rdoba. Luego el mismo decidi\u00f3 quedarse en Bah\u00eda Blanca y entrenar por pedido expreso de su padre. Pero una contractura en el isquiotibial izquierdo hab\u00eda generado dudas. Finalmente el mediocampista se recuper\u00f3 y es uno de los jugadores que est\u00e1 listo para enfrentar al rojiblanco.<\/p>\n<p>El delantero Nahuel Ben\u00edtez fue otro de los que estuvo en duda durante los \u00faltimos d\u00edas por una molestia en la planta del pie izquierdo, luego de un golpe sufrido durante la pr\u00e1ctica. Pero lo m\u00e1s probable es que Ben\u00edtez sea infiltrado y est\u00e9 entre los titulares. De no poder jugar, su lugar ser\u00eda ocupado por Juan Ignacio S\u00e1nchez Sotelo.<\/p>\n<p>De este modo, los once titulares aurinegros ser\u00edan los mismos que enfrentaron y vencieron 2-1 a Nueva Chicago: Nereo Champagne en el arco; Adri\u00e1n Mart\u00ednez, Iv\u00e1n Furios, N\u00e9stor Moiraghi y Cristian Villanueva en defensa; Marcelo Vega, Dami\u00e1n Musto, Leonardo Gil y Fernando Guti\u00e9rrez en el mediocampo; y Gustavo Bou junto a Nahuel Ben\u00edtez la dupla de atacantes.<\/p>\n<p>El resto de la delegaci\u00f3n est\u00e1 compuesta por el arquero Dar\u00edo Capogrosso, los defensores Ezequiel Parnisari y Gonzalo Garc\u00eda, y el delantero Juan Ignacio S\u00e1nchez Sotelo. De esta manera, el \u00fanico cambio en relaci\u00f3n al partido del domingo pasado estar\u00e1 en el banco de suplentes, con el ingreso de Parnisari en lugar de Mat\u00edas Villavicencio.<\/p>\n","protected":false},"excerpt":{"rendered":"<p>La delegaci\u00f3n bahiense ya est\u00e1 preparada para enfrentar a los cordobeses de Instituto, el s\u00e1bado desde las 19:30 por la decimotercera fecha del torneo de ascenso, donde buscar\u00e1 su sexta victoria consecutiva. El Aurinegro no le quiere perder pisada a Gimnasia y Esgrima La Plata, el l\u00edder del campeonato.<\/p>\n","protected":false},"author":11,"featured_media":0,"comment_status":"open","ping_status":"open","sticky":false,"template":"","format":"standard","meta":{"_jetpack_newsletter_access":"","_jetpack_dont_email_post_to_subs":false,"_jetpack_newsletter_tier_id":0,"_jetpack_memberships_contains_paywalled_content":false,"_jetpack_memberships_contains_paid_content":false,"footnotes":""},"categories":[12],"tags":[],"class_list":["post-4239","post","type-post","status-publish","format-standard","hentry","category-deportes"],"jetpack_featured_media_url":"","jetpack_shortlink":"https:\/\/wp.me\/p2JWE0-16n","jetpack-related-posts":[{"id":106781,"url":"https:\/\/www.24baires.com\/?p=106781","url_meta":{"origin":4239,"position":0},"title":"En enero, Aerol\u00edneas Argentinas transport\u00f3 un 9% m\u00e1s de pasajeros a Mar del Plata","author":"GB","date":"11\/02\/2019","format":false,"excerpt":"En total, volaron 50.605 personas desde y hacia Buenos Aires, C\u00f3rdoba, Tucum\u00e1n, Mendoza, Rosario y Bah\u00eda Blanca. Aerol\u00edneas Argentinas transport\u00f3 en enero de 2019 un 9% m\u00e1s de pasajeros que el enero anterior. En total, volaron 50.605 personas desde y hacia Buenos Aires, C\u00f3rdoba, Tucum\u00e1n, Mendoza, Rosario y Bah\u00eda Blanca.\u2026","rel":"","context":"En \u00abTurismo\u00bb","block_context":{"text":"Turismo","link":"https:\/\/www.24baires.com\/?cat=69"},"img":{"alt_text":"","src":"https:\/\/i0.wp.com\/www.24baires.com\/wp-content\/uploads\/2017\/04\/aerolineas-argentinas.jpg?resize=350%2C200","width":350,"height":200,"srcset":"https:\/\/i0.wp.com\/www.24baires.com\/wp-content\/uploads\/2017\/04\/aerolineas-argentinas.jpg?resize=350%2C200 1x, https:\/\/i0.wp.com\/www.24baires.com\/wp-content\/uploads\/2017\/04\/aerolineas-argentinas.jpg?resize=525%2C300 1.5x"},"classes":[]},{"id":53881,"url":"https:\/\/www.24baires.com\/?p=53881","url_meta":{"origin":4239,"position":1},"title":"Bah\u00eda Blanca es la ciudad con mayor desempleo en la Provincia","author":"GB","date":"18\/09\/2014","format":false,"excerpt":"De acuerdo a una Encuesta Permanente de Hogares del Instituto Nacional de Estad\u00edstica y Censos, la ciudad liderada por el Intendente Bevilacqua es el distrito con mayor desocupaci\u00f3n. El \u00edndice estableci\u00f3 que el 9,7% de la poblaci\u00f3n se encuentra sin empleo, registrando un alza de 0,9% con relaci\u00f3n al primer\u2026","rel":"","context":"En \u00abEconom\u00eda\u00bb","block_context":{"text":"Econom\u00eda","link":"https:\/\/www.24baires.com\/?cat=45"},"img":{"alt_text":"bahia blanca1","src":"https:\/\/i0.wp.com\/www.24baires.com\/wp-content\/uploads\/2014\/09\/bahia-blanca1.jpg?resize=350%2C200","width":350,"height":200},"classes":[]},{"id":58924,"url":"https:\/\/www.24baires.com\/?p=58924","url_meta":{"origin":4239,"position":2},"title":"Labruna festej\u00f3 el ascenso de Chicago: \u00abEl plantel sab\u00eda lo que quer\u00eda\u00bb","author":"Grupo Sierra","date":"20\/12\/2014","format":false,"excerpt":"El director t\u00e9cnico de Nueva Chicago se refiri\u00f3 as\u00ed al ascenso que consigui\u00f3 su equipo a Primera Divisi\u00f3n tras vencer el viernes a Gimnasia de Jujuy por 1-0, en el \u00faltimo partido del triangular desempate. Omar Labruna, director t\u00e9cnico de Nueva Chicago, reconoci\u00f3 que el ascenso que consigui\u00f3 su equipo\u2026","rel":"","context":"En \u00abDeportes\u00bb","block_context":{"text":"Deportes","link":"https:\/\/www.24baires.com\/?cat=12"},"img":{"alt_text":"chicago","src":"https:\/\/i0.wp.com\/www.24baires.com\/wp-content\/uploads\/2014\/12\/chicago.jpg?resize=350%2C200","width":350,"height":200,"srcset":"https:\/\/i0.wp.com\/www.24baires.com\/wp-content\/uploads\/2014\/12\/chicago.jpg?resize=350%2C200 1x, https:\/\/i0.wp.com\/www.24baires.com\/wp-content\/uploads\/2014\/12\/chicago.jpg?resize=525%2C300 1.5x"},"classes":[]},{"id":12064,"url":"https:\/\/www.24baires.com\/?p=12064","url_meta":{"origin":4239,"position":3},"title":"Inculparon al diario La Nueva Provincia como colaboracionista de la dictadura c\u00edvico-militar","author":"Grupo Sierra","date":"13\/01\/2013","format":false,"excerpt":"El fiscal Abel C\u00f3rdoba asegur\u00f3 que el diario La Nueva Provincia de Bah\u00eda Blanca \"cumpli\u00f3 un rol dentro del plan criminal\u201d de la \u00faltima dictadura. \u201cEl procedimiento delictivo abarcaba el secuestro, mantener en cautiverio a las v\u00edctimas, fusilarlas y luego presentarlos (los cad\u00e1veres) como un producto de un combate militar:\u2026","rel":"","context":"En \u00abMemoria\u00bb","block_context":{"text":"Memoria","link":"https:\/\/www.24baires.com\/?cat=50"},"img":{"alt_text":"","src":"","width":0,"height":0},"classes":[]},{"id":103412,"url":"https:\/\/www.24baires.com\/?p=103412","url_meta":{"origin":4239,"position":4},"title":"Tras la reapertura del aeropuerto de El Palomar, FlyBondi normaliza sus vuelos","author":"AF","date":"18\/07\/2018","format":false,"excerpt":"La terminal a\u00e9rea se cerr\u00f3 por las malas condiciones clim\u00e1ticas y los servicios de la low cost sufrieron demoras y cancelaciones. Los pasajeros varados protestaron a los gritos e insultaron a la aerol\u00ednea. Momentos de tensi\u00f3n se vivieron este mi\u00e9rcoles en el aeropuerto de El Palomar, luego de que todos\u2026","rel":"","context":"En \u00abLocales\u00bb","block_context":{"text":"Locales","link":"https:\/\/www.24baires.com\/?cat=38"},"img":{"alt_text":"","src":"https:\/\/i0.wp.com\/www.24baires.com\/wp-content\/uploads\/2018\/03\/aeropuerto-palomar-flybondi.jpeg?resize=350%2C200","width":350,"height":200,"srcset":"https:\/\/i0.wp.com\/www.24baires.com\/wp-content\/uploads\/2018\/03\/aeropuerto-palomar-flybondi.jpeg?resize=350%2C200 1x, https:\/\/i0.wp.com\/www.24baires.com\/wp-content\/uploads\/2018\/03\/aeropuerto-palomar-flybondi.jpeg?resize=525%2C300 1.5x"},"classes":[]},{"id":65401,"url":"https:\/\/www.24baires.com\/?p=65401","url_meta":{"origin":4239,"position":5},"title":"AFIP detect\u00f3 trabajo en negro en un recital que Violetta dio en Bah\u00eda Blanca","author":"GB","date":"06\/05\/2015","format":false,"excerpt":"La Administraci\u00f3n Federal de Ingresos P\u00fablicos (AFIP) detect\u00f3 que Show Time, la productora local en Bah\u00eda Blanca del Violetta Live 2015 Internacional Tour, es inexistente y el verdadero realizador del espect\u00e1culo es un Monotributista inscripto en la categor\u00eda B (hasta 48.000 pesos anuales). Adem\u00e1s durante la semana del evento, AFIP\u2026","rel":"","context":"En \u00abSociedad\u00bb","block_context":{"text":"Sociedad","link":"https:\/\/www.24baires.com\/?cat=1"},"img":{"alt_text":"recital violetta","src":"https:\/\/i0.wp.com\/www.24baires.com\/wp-content\/uploads\/2015\/05\/recital-violetta.jpg?resize=350%2C200","width":350,"height":200,"srcset":"https:\/\/i0.wp.com\/www.24baires.com\/wp-content\/uploads\/2015\/05\/recital-violetta.jpg?resize=350%2C200 1x, https:\/\/i0.wp.com\/www.24baires.com\/wp-content\/uploads\/2015\/05\/recital-violetta.jpg?resize=525%2C300 1.5x"},"classes":[]}],"jetpack_sharing_enabled":true,"jetpack_likes_enabled":true,"_links":{"self":[{"href":"https:\/\/www.24baires.com\/index.php?rest_route=\/wp\/v2\/posts\/4239","targetHints":{"allow":["GET"]}}],"collection":[{"href":"https:\/\/www.24baires.com\/index.php?rest_route=\/wp\/v2\/posts"}],"about":[{"href":"https:\/\/www.24baires.com\/index.php?rest_route=\/wp\/v2\/types\/post"}],"author":[{"embeddable":true,"href":"https:\/\/www.24baires.com\/index.php?rest_route=\/wp\/v2\/users\/11"}],"replies":[{"embeddable":true,"href":"https:\/\/www.24baires.com\/index.php?rest_route=%2Fwp%2Fv2%2Fcomments&post=4239"}],"version-history":[{"count":2,"href":"https:\/\/www.24baires.com\/index.php?rest_route=\/wp\/v2\/posts\/4239\/revisions"}],"predecessor-version":[{"id":4242,"href":"https:\/\/www.24baires.com\/index.php?rest_route=\/wp\/v2\/posts\/4239\/revisions\/4242"}],"wp:attachment":[{"href":"https:\/\/www.24baires.com\/index.php?rest_route=%2Fwp%2Fv2%2Fmedia&parent=4239"}],"wp:term":[{"taxonomy":"category","embeddable":true,"href":"https:\/\/www.24baires.com\/index.php?rest_route=%2Fwp%2Fv2%2Fcategories&post=4239"},{"taxonomy":"post_tag","embeddable":true,"href":"https:\/\/www.24baires.com\/index.php?rest_route=%2Fwp%2Fv2%2Ftags&post=4239"}],"curies":[{"name":"wp","href":"https:\/\/api.w.org\/{rel}","templated":true}]}}