{"id":4232,"date":"2012-11-02T18:29:01","date_gmt":"2012-11-02T21:29:01","guid":{"rendered":"http:\/\/www.24baires.com\/?p=4232"},"modified":"2012-11-02T20:34:13","modified_gmt":"2012-11-02T23:34:13","slug":"sabbatella-recibio-a-trabajadores-de-tn-y-canal-13","status":"publish","type":"post","link":"https:\/\/www.24baires.com\/?p=4232","title":{"rendered":"Sabbatella recibi\u00f3 a trabajadores de la Junta Interna de TN y Canal 13"},"content":{"rendered":"<p><img data-recalc-dims=\"1\" loading=\"lazy\" decoding=\"async\" class=\"aligncenter size-full wp-image-4235\" title=\"sabbatella trabajadores TN\" src=\"https:\/\/i0.wp.com\/www.24baires.com\/wp-content\/uploads\/2012\/11\/sabbatella-trabajadores-TN.jpg?resize=560%2C289\" alt=\"\" width=\"560\" height=\"289\" srcset=\"https:\/\/i0.wp.com\/www.24baires.com\/wp-content\/uploads\/2012\/11\/sabbatella-trabajadores-TN.jpg?w=560&amp;ssl=1 560w, https:\/\/i0.wp.com\/www.24baires.com\/wp-content\/uploads\/2012\/11\/sabbatella-trabajadores-TN.jpg?resize=300%2C154&amp;ssl=1 300w\" sizes=\"auto, (max-width: 560px) 100vw, 560px\" \/><br \/>\n\u201cEl encuentro con los trabajadores y trabajadoras de prensa de Canal 13 y TN ha sido sumamente positivo. Compartimos un profundo compromiso con esta ley que busca garantizar la libertad de expresi\u00f3n y el derecho a la comunicaci\u00f3n y nos comprometimos a trabajar juntos en su aplicaci\u00f3n integral y en la defensa de todos los puestos de trabajo, en el marco de las convenciones colectivas\u201d, expres\u00f3 el presidente de la Autoridad Federal de Servicios de Comunicaci\u00f3n Audiovisual luego de una reuni\u00f3n que mantuvo con integrantes de la Junta Interna del Grupo Clar\u00edn, esta tarde en la sede del organismo que preside.<!--more--><\/p>\n<p>\u201cLa ley busca que no haya concentraci\u00f3n medi\u00e1tica, que haya actores comunicacionales peque\u00f1os, medianos y grandes, pero no gigantes que con posiciones dominantes y mecanismos de competencia desleal impidan al resto seguir existiendo\u201d, manifest\u00f3 Sabbatella tras el encuentro con los representantes de los trabajadores del mayor conglomerado de medios del pa\u00eds.<\/p>\n<p>\u201cLa ley no busca que alguien deje de existir sino que est\u00e9n todos, pero con un tama\u00f1o razonable que evite tendencias monop\u00f3licas. El gigante tiene que dividirse y quedar del tama\u00f1o que permite la ley\u201d, explic\u00f3 el titular del Afsca y subray\u00f3 que \u201cesta norma busca asegurar el derecho a la informaci\u00f3n de todas y todos los argentinos, generando nuevas unidades productivas comunicacionales, nuevas productoras, nuevos medios y, por lo tanto, m\u00e1s trabajo\u201d.<\/p>\n<p>\u201cLa reuni\u00f3n fue muy positiva, gener\u00f3 mucha expectativa en el conjunto de los trabajadores. Encontramos una predisposici\u00f3n muy favorable para tratar el tema por el que venimos que es la conservaci\u00f3n de los puestos de trabajo. Tenemos una posici\u00f3n que apoya el cumplimiento de la Ley de Medios que es una ley de la democracia y estamos reclamando el cumplimiento del Estatuto del Periodista y del convenio colectivo de trabajo que no se cumple dentro de los noticieros de Canal 13 y TN, salvo en un sector muy reducido\u201d, detall\u00f3 el delegado de la Comisi\u00f3n Interna de trabajadores de prensa de Canal 13 y TN, Daniel Raichijk tras el encuentro.<\/p>\n<p>Durante las primeras semanas de trabajo al frente del Afsca, Sabbatella recibi\u00f3 a una gran cantidad de gremios, cooperativas y trabajadores del sector audiovisual de todo el pa\u00eds, quienes manifestaron su respaldo a la gesti\u00f3n que lleva adelante y expresaron su compromiso con la inmediata aplicaci\u00f3n integral de la ley.<br \/>\nPor \u00faltimo, el presidente de la Autoridad Federal de Servicios de Comunicaci\u00f3n reiter\u00f3 que \u201cla aplicaci\u00f3n integral de la Ley de Medios es m\u00e1s democracia, m\u00e1s diversidad y m\u00e1s trabajo\u201d.<\/p>\n","protected":false},"excerpt":{"rendered":"<p>\u201cEl encuentro con los trabajadores y trabajadoras de prensa de Canal 13 y TN ha sido sumamente positivo. Compartimos un profundo compromiso con esta ley que busca garantizar la libertad de expresi\u00f3n y el derecho a la comunicaci\u00f3n y nos comprometimos a trabajar juntos en su aplicaci\u00f3n integral y en la defensa de todos los puestos de trabajo, en el [&#8230;]<\/p>\n","protected":false},"author":11,"featured_media":0,"comment_status":"open","ping_status":"open","sticky":false,"template":"","format":"standard","meta":{"_jetpack_newsletter_access":"","_jetpack_dont_email_post_to_subs":false,"_jetpack_newsletter_tier_id":0,"_jetpack_memberships_contains_paywalled_content":false,"_jetpack_memberships_contains_paid_content":false,"footnotes":""},"categories":[54],"tags":[],"class_list":["post-4232","post","type-post","status-publish","format-standard","hentry","category-medios"],"jetpack_featured_media_url":"","jetpack_shortlink":"https:\/\/wp.me\/p2JWE0-16g","jetpack-related-posts":[{"id":34480,"url":"https:\/\/www.24baires.com\/?p=34480","url_meta":{"origin":4232,"position":0},"title":"Trabajadores de Canal 13 y TN se mostraron a favor de la Ley de Medios","author":"GB","date":"01\/11\/2013","format":false,"excerpt":"La comisi\u00f3n interna manifest\u00f3 su \u201cpleno apoyo a la legalidad de la Ley de Servicios de Comunicaci\u00f3n Audiovisual y su aplicaci\u00f3n sin omisiones ni privilegios\u201d. Y anunciaron que participar\u00e1n activamente de discusiones y medidas para mantener los puestos de trabajo. La comisi\u00f3n interna de trabajadores de canal 13, TN y\u2026","rel":"","context":"En \u00abMedios\u00bb","block_context":{"text":"Medios","link":"https:\/\/www.24baires.com\/?cat=54"},"img":{"alt_text":"afca","src":"https:\/\/i0.wp.com\/www.24baires.com\/wp-content\/uploads\/2013\/11\/afca.jpg?resize=350%2C200","width":350,"height":200,"srcset":"https:\/\/i0.wp.com\/www.24baires.com\/wp-content\/uploads\/2013\/11\/afca.jpg?resize=350%2C200 1x, https:\/\/i0.wp.com\/www.24baires.com\/wp-content\/uploads\/2013\/11\/afca.jpg?resize=525%2C300 1.5x"},"classes":[]},{"id":34536,"url":"https:\/\/www.24baires.com\/?p=34536","url_meta":{"origin":4232,"position":1},"title":"Sabbatella y Tomada llevaron \u00abtranquilidad\u00bb a los delegados de Canal 13","author":"Grupo Sierra","date":"02\/11\/2013","format":false,"excerpt":"El titular de la AFSCA y el ministro de Trabajo debatieron con delegados de prensa del Canal 13, TN, y autoridades del SAT, la continuidad de los puestos de trabajo del sector audiovisual. En tanto, aseguraron haber \"transmitido tranquilidad a los trabajadores del Grupo Clar\u00edn\". El titular de la Autoridad\u2026","rel":"","context":"En \u00abMedios\u00bb","block_context":{"text":"Medios","link":"https:\/\/www.24baires.com\/?cat=54"},"img":{"alt_text":"","src":"","width":0,"height":0},"classes":[]},{"id":46138,"url":"https:\/\/www.24baires.com\/?p=46138","url_meta":{"origin":4232,"position":2},"title":"Y lleg\u00f3 el d\u00eda: Magnetto y Herrera de Noble abandonan TN y Canal 13","author":"Grupo Sierra","date":"16\/05\/2014","format":false,"excerpt":"La medida ser\u00e1 adoptada a ra\u00edz de una propuesta presentada por el Grupo Clar\u00edn para la adecuaci\u00f3n a la Ley de Medios. Ambos quedar\u00edan con el control de Cablevisi\u00f3n, Fibertel, Canal Metro, entre otros y el resto de los medios pasar\u00edan a Jos\u00e9 Aranda y Lucio Pagliaro. Fuentes de la\u2026","rel":"","context":"En \u00abMedios\u00bb","block_context":{"text":"Medios","link":"https:\/\/www.24baires.com\/?cat=54"},"img":{"alt_text":"magnetto ernestina","src":"https:\/\/i0.wp.com\/www.24baires.com\/wp-content\/uploads\/2014\/05\/magnetto-ernestina.jpg?resize=350%2C200","width":350,"height":200,"srcset":"https:\/\/i0.wp.com\/www.24baires.com\/wp-content\/uploads\/2014\/05\/magnetto-ernestina.jpg?resize=350%2C200 1x, https:\/\/i0.wp.com\/www.24baires.com\/wp-content\/uploads\/2014\/05\/magnetto-ernestina.jpg?resize=525%2C300 1.5x"},"classes":[]},{"id":38051,"url":"https:\/\/www.24baires.com\/?p=38051","url_meta":{"origin":4232,"position":3},"title":"Maip\u00fa: una antena de comunicaci\u00f3n para Santo Domingo","author":"Grupo Sierra","date":"07\/01\/2014","format":false,"excerpt":"De acuerdo al convenio suscripto entre el Municipio de Maip\u00fa y la empresa Telecom Personal, ya qued\u00f3 levantada la antena de 35 metros de altura, que permite una sustancial mejora en la calidad de las comunicaciones de usuarios de telefon\u00eda celular, Internet y otras redes. Actualmente, la prestadora de comunicaciones\u2026","rel":"","context":"En \u00abLocales\u00bb","block_context":{"text":"Locales","link":"https:\/\/www.24baires.com\/?cat=38"},"img":{"alt_text":"","src":"","width":0,"height":0},"classes":[]},{"id":39480,"url":"https:\/\/www.24baires.com\/?p=39480","url_meta":{"origin":4232,"position":4},"title":"Afsca reiter\u00f3 los criterios de la adecuaci\u00f3n de las grillas de televisi\u00f3n","author":"GB","date":"29\/01\/2014","format":false,"excerpt":"La Autoridad Federal de Servicios de Comunicaci\u00f3n Audiovisual reiter\u00f3 que todos los operadores de televisi\u00f3n por cable de Argentina deben realizar la totalidad de los cambios necesarios para adecuar sus grillas de canales. En consecuencia, las operadoras deben incluir de forma obligatoria en sus programaciones -tanto en el sistema anal\u00f3gico\u2026","rel":"","context":"En \u00abMedios\u00bb","block_context":{"text":"Medios","link":"https:\/\/www.24baires.com\/?cat=54"},"img":{"alt_text":"","src":"","width":0,"height":0},"classes":[]},{"id":78360,"url":"https:\/\/www.24baires.com\/?p=78360","url_meta":{"origin":4232,"position":5},"title":"Un incendio afect\u00f3 el dep\u00f3sito de TN","author":"AF","date":"31\/01\/2016","format":false,"excerpt":"Las llamas se desataron poco despu\u00e9s de la una de la tarde en un dep\u00f3sito de escenograf\u00eda y obligaron al canal a interrumpir todas sus se\u00f1ales durante m\u00e1s de media hora. Cuatro dotaciones de Bomberos trabajan en el lugar. El dep\u00f3sito en cuesti\u00f3n est\u00e1 ubicado en la intersecci\u00f3n de las\u2026","rel":"","context":"En \u00abGeneral\u00bb","block_context":{"text":"General","link":"https:\/\/www.24baires.com\/?cat=67"},"img":{"alt_text":"incendio tb","src":"https:\/\/i0.wp.com\/www.24baires.com\/wp-content\/uploads\/2016\/01\/incendio-tb.jpg?resize=350%2C200","width":350,"height":200},"classes":[]}],"jetpack_sharing_enabled":true,"jetpack_likes_enabled":true,"_links":{"self":[{"href":"https:\/\/www.24baires.com\/index.php?rest_route=\/wp\/v2\/posts\/4232","targetHints":{"allow":["GET"]}}],"collection":[{"href":"https:\/\/www.24baires.com\/index.php?rest_route=\/wp\/v2\/posts"}],"about":[{"href":"https:\/\/www.24baires.com\/index.php?rest_route=\/wp\/v2\/types\/post"}],"author":[{"embeddable":true,"href":"https:\/\/www.24baires.com\/index.php?rest_route=\/wp\/v2\/users\/11"}],"replies":[{"embeddable":true,"href":"https:\/\/www.24baires.com\/index.php?rest_route=%2Fwp%2Fv2%2Fcomments&post=4232"}],"version-history":[{"count":3,"href":"https:\/\/www.24baires.com\/index.php?rest_route=\/wp\/v2\/posts\/4232\/revisions"}],"predecessor-version":[{"id":4234,"href":"https:\/\/www.24baires.com\/index.php?rest_route=\/wp\/v2\/posts\/4232\/revisions\/4234"}],"wp:attachment":[{"href":"https:\/\/www.24baires.com\/index.php?rest_route=%2Fwp%2Fv2%2Fmedia&parent=4232"}],"wp:term":[{"taxonomy":"category","embeddable":true,"href":"https:\/\/www.24baires.com\/index.php?rest_route=%2Fwp%2Fv2%2Fcategories&post=4232"},{"taxonomy":"post_tag","embeddable":true,"href":"https:\/\/www.24baires.com\/index.php?rest_route=%2Fwp%2Fv2%2Ftags&post=4232"}],"curies":[{"name":"wp","href":"https:\/\/api.w.org\/{rel}","templated":true}]}}