{"id":4224,"date":"2012-11-02T15:00:37","date_gmt":"2012-11-02T18:00:37","guid":{"rendered":"http:\/\/www.24baires.com\/?p=4224"},"modified":"2012-11-02T19:39:39","modified_gmt":"2012-11-02T22:39:39","slug":"el-debate-de-la-reforma-de-los-codigos-paso-por-mar-de-ajo","status":"publish","type":"post","link":"https:\/\/www.24baires.com\/?p=4224","title":{"rendered":"El debate de la reforma de los c\u00f3digos pas\u00f3 por Mar de Aj\u00f3"},"content":{"rendered":"<p><img data-recalc-dims=\"1\" loading=\"lazy\" decoding=\"async\" class=\"alignleft size-full wp-image-4225\" title=\"landau_dominguez_camano\" src=\"https:\/\/i0.wp.com\/www.24baires.com\/wp-content\/uploads\/2012\/11\/landau_dominguez_camano.jpg?resize=298%2C200\" alt=\"\" width=\"298\" height=\"200\" \/>Se celebr\u00f3 en esa localidad de la costa atl\u00e1ntica una nueva audiencia p\u00fablica, con la presencia entre otros del titular de la C\u00e1mara de Diputados, Juli\u00e1n Dom\u00ednguez, quien sostuvo que \u201ccomo dirigentes de la generaci\u00f3n del bicentenario somos los \u00fanicos responsables de la construcci\u00f3n de los nuevos derechos\u201d.<!--more--><\/p>\n<p>El presidente de la C\u00e1mara de Diputados de la Naci\u00f3n, Juli\u00e1n Dom\u00ednguez, asegur\u00f3 en declaraciones a la prensa local que \u201ccomo dirigentes de la generaci\u00f3n del bicentenario somos los \u00fanicos responsables de la construcci\u00f3n de los nuevos derechos\u201d, al inaugurar una nueva jornada de audiencias p\u00fablicas en el interior del pa\u00eds de la Comisi\u00f3n Bicameral para la Reforma, Actualizaci\u00f3n y Unificaci\u00f3n de los C\u00f3digos Civil y Comercial en la localidad atl\u00e1ntica de Mar de Aj\u00f3.<\/p>\n<p>Dom\u00ednguez remarc\u00f3 que la reforma apunta a \u201cconstitucionalizar principios preambulares, que vienen inspirando todo el ordenamiento jur\u00eddico. El primero de ellos es garantizar la libertad, y tambi\u00e9n es necesario garantizar la igualdad para que no haya una justicia para ricos y otra pobres, sino que haya una justicia que nos garantice que podamos demoler las dificultades de acceso\u201d.<\/p>\n<p>Asimismo, el titular de la C\u00e1mara baja destac\u00f3 el esp\u00edritu solidario y plural de la norma: \u201cEs un c\u00f3digo solidario con la constituci\u00f3n familiar, porque simplifica el r\u00e9gimen jur\u00eddico de la adopci\u00f3n y reduce los plazos, valorando el inter\u00e9s del ni\u00f1o por sobre el de los adultos\u201d. Y destac\u00f3 el car\u00e1cter plural del debate que se est\u00e1 realizando en torno al proyecto: \u201cEs muy importante para nosotros el aporte y la mirada de gente que vive en cada rinc\u00f3n del pa\u00eds, de cada instituci\u00f3n y de cada organizaci\u00f3n que pueda contribuir a que este sea el C\u00f3digo de la pluralidad y la diversidad\u201d.<\/p>\n<p>Estuvieron presentes los intendentes de la quinta secci\u00f3n electoral Juan Pablo de Jes\u00fas (Partido de la Costa), Francisco Echevarren (Castelli), Hern\u00e1n Muriale (Pinamar), Cristian Popovich (General Madariaga) y Alberto Gelen\u00e9 (Las Flores); los legisladores nacionales Graciela Cama\u00f1o, Graciela Gianettasio y Jorge Landau; el presidente del bloque de Diputados del Frente para la Victoria de la Provincia de Buenos Aires, Juan de Jes\u00fas.<\/p>\n<p>Tambi\u00e9n participaron de la jornada la vicerrectora de la Universidad Nacional del Atl\u00e1ntico (UNA), Alicia Gil, y el decano de esa casa de altos estudios, Diego Zapiola, as\u00ed como representantes del Instituto de Derecho Comercial y Concursal Mar Del Plata; Foro de Defensa del Consumidor de la Provincia de Buenos Aires; Universidad FASTA; Universidad Nacional de C\u00f3rdoba; Confederaci\u00f3n Evang\u00e9lica Bautista Argentina; Asociaci\u00f3n de Leasing de Argentina; Frente Joven Mar del Plata; Asociaci\u00f3n de Hoteles, Restaurantes, Bares y Afines del Partido de La Costa; y miembros del Poder Judicial local y federal.<\/p>\n<p>Entre los temas que presentaron mayor nivel de debate se encuentran las modificaciones planteadas en materia de divorcio, fertilizaci\u00f3n asistida, filiaci\u00f3n, contratos prenupciales y propiedad comunitaria ind\u00edgena.<\/p>\n<p>La amplia convocatoria de las diez audiencias p\u00fablicas realizadas en el interior hasta la fecha, y la cantidad de pedidos recibidos desde diversos puntos del pa\u00eds, motivaron la decisi\u00f3n de programar nuevas reuniones, por lo que las audiencias p\u00fablicas continuar\u00e1n el viernes 9 de noviembre en la provincia de Salta y el 16 en Ushuaia.<\/p>\n<p>La Bicameral ya llev\u00f3 a cabo audiencias p\u00fablicas en Tucum\u00e1n, Ciudad Aut\u00f3noma de Buenos Aires, Rosario, La Plata, Neuqu\u00e9n, Corrientes, C\u00f3rdoba, Bah\u00eda Blanca, La Rioja, San Luis y La Matanza.<\/p>\n<p>\u201cLos derechos del ni\u00f1o son el faro que ilumina la reforma de los C\u00f3digos\u201d<\/p>\n<p>Por la ma\u00f1ana, Juli\u00e1n Dom\u00ednguez inaugur\u00f3 en el Sal\u00f3n de Pasos Perdidos del Congreso Nacional la conferencia p\u00fablica \u201cLos derechos de los ni\u00f1os, ni\u00f1as y adolescentes: hacia los 30 a\u00f1os de recuperaci\u00f3n de la democracia\u201d, a cargo de Jean Zermatten, presidente del Comit\u00e9 de Derechos del Ni\u00f1o de la Organizaci\u00f3n de las Naciones Unidas.<\/p>\n<p>\u201cQuiero resaltar el hecho de que esta conferencia se realice en el \u00e1mbito del Congreso de la Naci\u00f3n, ya que en la discusi\u00f3n de la reforma del C\u00f3digo Civil y Comercial que estamos llevando adelante en todo el pa\u00eds, la convenci\u00f3n de los derechos del ni\u00f1o es el faro que ilumina toda la legislaci\u00f3n de familia\u201d, afirm\u00f3 el titular de la C\u00e1mara baja nacional.<\/p>\n<p>\u201cEn esta misma casa se debatieron y aprobaron las nuevas legislaciones sostenidas en los principios y disposiciones de la Convenci\u00f3n de los Derechos del Ni\u00f1o, especialmente en los a\u00f1os 2005 y 2006 con la ley de protecci\u00f3n integral de los derechos de los ni\u00f1os, ni\u00f1as y adolescentes; la ley nacional de educaci\u00f3n, que extendi\u00f3 a 13 a\u00f1os el periodo educativo; y la ley de financiamiento educativo, que signific\u00f3 alcanzar una inversi\u00f3n para el sector por sobre el 6 % del PBI\u201d, record\u00f3 Juli\u00e1n Dom\u00ednguez.<\/p>\n","protected":false},"excerpt":{"rendered":"<p>Se celebr\u00f3 en esa localidad de la costa atl\u00e1ntica una nueva audiencia p\u00fablica, con la presencia entre otros del titular de la C\u00e1mara de Diputados, Juli\u00e1n Dom\u00ednguez, quien sostuvo que \u201ccomo dirigentes de la generaci\u00f3n del bicentenario somos los \u00fanicos responsables de la construcci\u00f3n de los nuevos derechos\u201d.<\/p>\n","protected":false},"author":11,"featured_media":0,"comment_status":"open","ping_status":"open","sticky":false,"template":"","format":"standard","meta":{"_jetpack_newsletter_access":"","_jetpack_dont_email_post_to_subs":false,"_jetpack_newsletter_tier_id":0,"_jetpack_memberships_contains_paywalled_content":false,"_jetpack_memberships_contains_paid_content":false,"footnotes":""},"categories":[51],"tags":[],"class_list":["post-4224","post","type-post","status-publish","format-standard","hentry","category-politica"],"jetpack_featured_media_url":"","jetpack_shortlink":"https:\/\/wp.me\/p2JWE0-168","jetpack-related-posts":[{"id":5748,"url":"https:\/\/www.24baires.com\/?p=5748","url_meta":{"origin":4224,"position":0},"title":"Juli\u00e1n Dom\u00ednguez: \u00abSimplificar la adopci\u00f3n debe ser una causa nacional\u00bb","author":"Grupo Sierra","date":"16\/11\/2012","format":false,"excerpt":"El presidente de la C\u00e1mara de Diputados de la Naci\u00f3n, Juli\u00e1n Dom\u00ednguez, asegur\u00f3 esta tarde que \"la adopci\u00f3n tiene que ser una gran causa nacional, hay que generar la mayor simplificaci\u00f3n posible en esta materia\", al inaugurar la audiencia p\u00fablica por la reforma de los C\u00f3digos Civil y Comercial realizada\u2026","rel":"","context":"En \u00abSociedad\u00bb","block_context":{"text":"Sociedad","link":"https:\/\/www.24baires.com\/?cat=1"},"img":{"alt_text":"","src":"https:\/\/i0.wp.com\/www.24baires.com\/wp-content\/uploads\/2012\/11\/dominguez-adopcion1-300x202.jpg?resize=350%2C200","width":350,"height":200},"classes":[]},{"id":2375,"url":"https:\/\/www.24baires.com\/?p=2375","url_meta":{"origin":4224,"position":1},"title":"Cierran en La Matanza las audiencias p\u00fablicas por la reforma del C\u00f3digo Civil y del Comercial","author":"AF","date":"16\/10\/2012","format":false,"excerpt":"El Intendente Municipal, Fernando Espinoza, junto al Presidente de la Honorable C\u00e1mara de Diputados, Juli\u00e1n Dom\u00ednguez, invitan al cierre de las audiencias p\u00fablicas por la Reforma de los C\u00f3digos Civil y Comercial, que se realizar\u00e1 el mi\u00e9rcoles 17 de octubre, a las 10.30 hs, en la Universidad Nacional de La\u2026","rel":"","context":"En \u00abSociedad\u00bb","block_context":{"text":"Sociedad","link":"https:\/\/www.24baires.com\/?cat=1"},"img":{"alt_text":"","src":"","width":0,"height":0},"classes":[]},{"id":728,"url":"https:\/\/www.24baires.com\/?p=728","url_meta":{"origin":4224,"position":2},"title":"\u201cLa decisi\u00f3n y la voluntad de su pueblo har\u00e1n realidad la autonom\u00eda de Huanguel\u00e9n\u201d","author":"Grupo Sierra","date":"30\/09\/2012","format":false,"excerpt":"El presidente de la C\u00e1mara de Diputados de la Naci\u00f3n, Juli\u00e1n Dom\u00ednguez, particip\u00f3 esta tarde del acto central por el \u201creclamo de autonom\u00eda\u201d de la comunidad de Huanguel\u00e9n, que tuvo lugar en el marco de los festejos por el centenario de la localidad bonaerense. \u201cLa decisi\u00f3n y la voluntad de\u2026","rel":"","context":"En \u00abLocales\u00bb","block_context":{"text":"Locales","link":"https:\/\/www.24baires.com\/?cat=38"},"img":{"alt_text":"","src":"https:\/\/i0.wp.com\/www.24baires.com\/wp-content\/uploads\/2012\/09\/Dom%C3%ADnguez-Huanguel%C3%A9n.jpg?resize=350%2C200","width":350,"height":200,"srcset":"https:\/\/i0.wp.com\/www.24baires.com\/wp-content\/uploads\/2012\/09\/Dom%C3%ADnguez-Huanguel%C3%A9n.jpg?resize=350%2C200 1x, https:\/\/i0.wp.com\/www.24baires.com\/wp-content\/uploads\/2012\/09\/Dom%C3%ADnguez-Huanguel%C3%A9n.jpg?resize=525%2C300 1.5x"},"classes":[]},{"id":2461,"url":"https:\/\/www.24baires.com\/?p=2461","url_meta":{"origin":4224,"position":3},"title":"Se celebr\u00f3 en La Matanza la \u00faltima audiencia p\u00fablica para la unificaci\u00f3n de los C\u00f3digos","author":"AF","date":"17\/10\/2012","format":false,"excerpt":"El Presidente de la C\u00e1mara de Diputados de la Naci\u00f3n, Dr. Juli\u00e1n Dom\u00ednguez, y la Comisi\u00f3n Bicameral del Congreso Nacional que lleva a cabo las Audiencias P\u00fablicas en todo el pa\u00eds para reformar, actualizar y unificar el c\u00f3digo Civil y Comercial, se hicieron presentes en la Universidad Nacional de La\u2026","rel":"","context":"En \u00abSociedad\u00bb","block_context":{"text":"Sociedad","link":"https:\/\/www.24baires.com\/?cat=1"},"img":{"alt_text":"","src":"","width":0,"height":0},"classes":[]},{"id":6400,"url":"https:\/\/www.24baires.com\/?p=6400","url_meta":{"origin":4224,"position":4},"title":"\u00abMalvinas est\u00e1 enmarcada en nuestro concepto de Patria\u00bb se\u00f1al\u00f3 Juli\u00e1n Dom\u00ednguez","author":"Grupo Sierra","date":"22\/11\/2012","format":false,"excerpt":"El presidente de la C\u00e1mara de Diputados de la Naci\u00f3n, Juli\u00e1n Dom\u00ednguez, afirm\u00f3 hoy que \u201cpara nuestra generaci\u00f3n, para quienes somos la generaci\u00f3n Malvinas y quienes somos la generaci\u00f3n del Bicentenario, Malvinas no s\u00f3lo es un limite geogr\u00e1fico, no es s\u00f3lo un concepto de Naci\u00f3n donde podemos mirar las corrientes\u2026","rel":"","context":"En \u00abPol\u00edtica\u00bb","block_context":{"text":"Pol\u00edtica","link":"https:\/\/www.24baires.com\/?cat=51"},"img":{"alt_text":"","src":"https:\/\/i0.wp.com\/www.24baires.com\/wp-content\/uploads\/2012\/11\/dominguez-malvinas.jpg?resize=350%2C200","width":350,"height":200,"srcset":"https:\/\/i0.wp.com\/www.24baires.com\/wp-content\/uploads\/2012\/11\/dominguez-malvinas.jpg?resize=350%2C200 1x, https:\/\/i0.wp.com\/www.24baires.com\/wp-content\/uploads\/2012\/11\/dominguez-malvinas.jpg?resize=525%2C300 1.5x"},"classes":[]},{"id":21691,"url":"https:\/\/www.24baires.com\/?p=21691","url_meta":{"origin":4224,"position":5},"title":"Reforma Judicial: \u00abBuscamos garantizar una Justicia que le sirva al conjunto de la sociedad\u00bb","author":"AF","date":"23\/04\/2013","format":false,"excerpt":"El presidente de la C\u00e1mara de Diputados, Juli\u00e1n Dom\u00ednguez, asegur\u00f3 hoy que \"estamos escuchando y tomando los mejores conceptos para garantizar el prop\u00f3sito de una justicia que le sirva al conjunto de la sociedad\" al referirse al debate de los proyectos de ley para democratizar la justicia. En ese marco,\u2026","rel":"","context":"En \u00abPol\u00edtica\u00bb","block_context":{"text":"Pol\u00edtica","link":"https:\/\/www.24baires.com\/?cat=51"},"img":{"alt_text":"","src":"","width":0,"height":0},"classes":[]}],"jetpack_sharing_enabled":true,"jetpack_likes_enabled":true,"_links":{"self":[{"href":"https:\/\/www.24baires.com\/index.php?rest_route=\/wp\/v2\/posts\/4224","targetHints":{"allow":["GET"]}}],"collection":[{"href":"https:\/\/www.24baires.com\/index.php?rest_route=\/wp\/v2\/posts"}],"about":[{"href":"https:\/\/www.24baires.com\/index.php?rest_route=\/wp\/v2\/types\/post"}],"author":[{"embeddable":true,"href":"https:\/\/www.24baires.com\/index.php?rest_route=\/wp\/v2\/users\/11"}],"replies":[{"embeddable":true,"href":"https:\/\/www.24baires.com\/index.php?rest_route=%2Fwp%2Fv2%2Fcomments&post=4224"}],"version-history":[{"count":3,"href":"https:\/\/www.24baires.com\/index.php?rest_route=\/wp\/v2\/posts\/4224\/revisions"}],"predecessor-version":[{"id":4228,"href":"https:\/\/www.24baires.com\/index.php?rest_route=\/wp\/v2\/posts\/4224\/revisions\/4228"}],"wp:attachment":[{"href":"https:\/\/www.24baires.com\/index.php?rest_route=%2Fwp%2Fv2%2Fmedia&parent=4224"}],"wp:term":[{"taxonomy":"category","embeddable":true,"href":"https:\/\/www.24baires.com\/index.php?rest_route=%2Fwp%2Fv2%2Fcategories&post=4224"},{"taxonomy":"post_tag","embeddable":true,"href":"https:\/\/www.24baires.com\/index.php?rest_route=%2Fwp%2Fv2%2Ftags&post=4224"}],"curies":[{"name":"wp","href":"https:\/\/api.w.org\/{rel}","templated":true}]}}