{"id":4221,"date":"2012-11-02T18:30:21","date_gmt":"2012-11-02T21:30:21","guid":{"rendered":"http:\/\/www.24baires.com\/?p=4221"},"modified":"2012-11-03T14:32:36","modified_gmt":"2012-11-03T17:32:36","slug":"no-me-imagine-nunca-que-era-hijo-de-desaparecidos","status":"publish","type":"post","link":"https:\/\/www.24baires.com\/?p=4221","title":{"rendered":"\u201cNo me imagin\u00e9 nunca que era hijo de desaparecidos\u201d"},"content":{"rendered":"<p><img data-recalc-dims=\"1\" loading=\"lazy\" decoding=\"async\" class=\"aligncenter size-full wp-image-4222\" title=\"casado tasca nieto\" src=\"https:\/\/i0.wp.com\/www.24baires.com\/wp-content\/uploads\/2012\/11\/casado-tasca-nieto.jpg?resize=560%2C335\" alt=\"\" width=\"560\" height=\"335\" srcset=\"https:\/\/i0.wp.com\/www.24baires.com\/wp-content\/uploads\/2012\/11\/casado-tasca-nieto.jpg?w=560&amp;ssl=1 560w, https:\/\/i0.wp.com\/www.24baires.com\/wp-content\/uploads\/2012\/11\/casado-tasca-nieto.jpg?resize=300%2C179&amp;ssl=1 300w\" sizes=\"auto, (max-width: 560px) 100vw, 560px\" \/><\/p>\n<p>Sebasti\u00e1n Casado Tasca, apropiado durante la \u00faltima dictadura militar, expres\u00f3 en el juicio que se le sigue en La Plata \u00a0a Silvia Beatriz Molina-acusada por la adopci\u00f3n ilegal- que sus padres biol\u00f3gicos, a\u00fan desaparecidos, \u201cno me regalaron, me hab\u00edan robado de mi vieja\u201d.<!--more--><br \/>\nAs\u00ed lo record\u00f3 Casado Tasca al declarar ante el Tribunal Oral Federal 1 de La Plata, que comenz\u00f3 a juzgar a su apropiadora, Silvia Molina, quien hab\u00eda anotado a Casado Tasca como hijo biol\u00f3gico y a Nora Manacorda, la m\u00e9dica policial que falsific\u00f3 la partida de nacimiento del ni\u00f1o.<br \/>\nDurante m\u00e1s de una hora, Casado Tasca, relat\u00f3 c\u00f3mo se enter\u00f3 que era hijo adoptivo y c\u00f3mo investig\u00f3 la posibilidad de que fuera hijo de desaparecidos.<br \/>\n\u201cNo me imagin\u00e9 nunca que era hijo de desaparecidos\u201d, reflexion\u00f3 y record\u00f3 que fue su hermana de crianza Mar\u00eda Jos\u00e9, tambi\u00e9n adoptada ilegalmente por Molina, fue quien descubri\u00f3 que no eran hijos biol\u00f3gicos de Silvia Molina y Angel Capitolino, ya fallecido.<br \/>\n\u201cCuando le pregunt\u00e9 a Silvia (Molina, sobre si era hijo adoptivo) me cont\u00f3 que Angel (Capitolino) le dijo un d\u00eda que iban a ir a La Plata, que ella esper\u00f3 en una plaza y que \u00e9l se apareci\u00f3 conmigo, que yo proven\u00eda de un lugar para madres solteras y que con Mar\u00eda Jos\u00e9 fue algo parecido\u201d, record\u00f3 Casado Tasca.<br \/>\nSostuvo que su hermana de crianza enseguida quiso averiguar sobre sus padres de origen pero \u00e9l pensaba que si su madre lo hab\u00eda regalado, no hab\u00eda nada que averiguar.<br \/>\n\u201cNo es lo mismo que me regalen o que me hayan regalado. A mi me han robado de mi vieja. No me regalaron\u201d, dijo conmovido y agreg\u00f3 que cree que Silvia Molina \u201cno conoc\u00eda que me robaron de mi vieja\u201d.<br \/>\nCasado Tasca, en su declaraci\u00f3n, reconoci\u00f3 que con Molina lo une \u201cun v\u00ednculo afectivo\u201d y que si bien le reprocha que no le haya dicho de ni\u00f1o que no era hijo biol\u00f3gico afirm\u00f3 que \u201cno creo que supiera mi origen\u201d de hijo de desaparecidos.<br \/>\nSebasti\u00e1n Casado Tasca, quien recuper\u00f3 su identidad en febrero de 2006, naci\u00f3 en marzo de 1978 cuando su madre Adriana Leonor Tasca, estudiante de derecho secuestrada en La Plata a fines de 1977 cuando ten\u00eda 5 meses de embarazo, estaba cautiva en el centro clandestino de detenci\u00f3n conocido como \u201cLa Cacha\u201d.<br \/>\nTasca permanece desaparecida, al igual que el padre de Sebasti\u00e1n, Gaspar Casado, tambi\u00e9n estudiante de derecho secuestrado junto a su esposa, quien, seg\u00fan testigos, estuvo detenido en la ESMA.<br \/>\nTras dar a luz, el ni\u00f1o fue entregado por un oficial de las Fuerzas Armadas a un matrimonio allegado, integrado por Angel Capitolino y Silvia Beatriz Molina, quienes lo inscribieron como hijo propio, con el nombre de Sebasti\u00e1n Capitolino, con una partida de nacimiento falsa firmada por Manacorda, m\u00e9dica de la polic\u00eda bonaerense que se desempe\u00f1aba en la Divisi\u00f3n Sanidad de la fuerza.<br \/>\nAngel Capitolino, hoy fallecido, hab\u00eda sido denunciado en 1984, pero en esa oportunidad no se pudo acreditar la verdadera afiliaci\u00f3n de Sebasti\u00e1n Casado Tasca, por lo que se declar\u00f3 extinguida la acci\u00f3n penal, hasta que en octubre de 2009 se declar\u00f3 que la apropiaci\u00f3n de Casado Tasca es un delito de lesa humanidad por lo que se declar\u00f3 nula la resoluci\u00f3n que extingui\u00f3 esa acci\u00f3n penal.<br \/>\nCasado Tasca expres\u00f3 su angustia por esa causa tramitada en 1984, ya que de haberse investigado m\u00e1s \u00e9l hubiera encontrado a su familia biol\u00f3gica en su ni\u00f1ez.<br \/>\nSu hermana de crianza se acerc\u00f3 primero al CONADI a investigar la posibilidad de ser hija de desaparecidos, pero en su caso los resultados dieron negativo, aunque en esa oportunidad se enter\u00f3 de la existencia de una causa contra Capitolino, ya prescripta, donde se hab\u00eda cuestionado el origen de Sebasti\u00e1n.<br \/>\nFinalmente Casado Tasca se acerc\u00f3 al CONADI, y tras acceder al expediente contra Angel Capitalino \u201ctuve la prueba de que quiz\u00e1s fui robado\u201d y meses m\u00e1s tarde, en septiembre de 2005 accedi\u00f3 a la prueba de ADN cuyos resultados estuvieron en febrero de 2006, dando positivo su v\u00ednculo sangu\u00edneo con las familias Casado y Tasca.<br \/>\n\u201cRecuperar mi historia fue incre\u00edble. Mi familia biol\u00f3gica es lo m\u00e1s maravilloso que me pas\u00f3 en la vida\u201d, afirm\u00f3 y m\u00e1s adelante reflexion\u00f3 que, ahora que es padre de una ni\u00f1a de 3 a\u00f1os, \u201cuno de los valores fundamentales es transmitirle a Vicky su identidad tal cual es. Transmitirle la verdad a Vicky es un m\u00e9rito que me gan\u00e9\u201d.<br \/>\nCasado Tasca record\u00f3 la personalidad violenta y \u201cperversa\u201d de Angel Capitolino, los golpes e insultos que sufr\u00eda Silvia Molina y que llevaron a su hermana de crianza y a \u00e9l, a los 14 a\u00f1os, a echarlo de la casa por esos malos tratos.<br \/>\n\u201cMe hubiera gustado que Angel (Capitolino) estuviera ac\u00e1 (enjuiciado), ser querellante contra Angel y que me explicara todo\u201d, sostuvo que \u201ccreo que hay que diferenciar entre Angel y Silvia y entre Silvia y Manacorda (Nora, la otra imputada)\u201d.<br \/>\nEl nieto recuperado insisti\u00f3 que Molina no formaba parte del plan sistem\u00e1tico de exterminio que llev\u00f3 adelante la dictadura aunque en el caso de Manacorda, por su profesi\u00f3n de m\u00e9dica de la polic\u00eda deb\u00eda saber lo sucedido.<\/p>\n","protected":false},"excerpt":{"rendered":"<p>Sebasti\u00e1n Casado Tasca, apropiado durante la \u00faltima dictadura militar, expres\u00f3 en el juicio que se le sigue en La Plata \u00a0a Silvia Beatriz Molina-acusada por la adopci\u00f3n ilegal- que sus padres biol\u00f3gicos, a\u00fan desaparecidos, \u201cno me regalaron, me hab\u00edan robado de mi vieja\u201d.<\/p>\n","protected":false},"author":11,"featured_media":0,"comment_status":"open","ping_status":"open","sticky":false,"template":"","format":"standard","meta":{"_jetpack_newsletter_access":"","_jetpack_dont_email_post_to_subs":false,"_jetpack_newsletter_tier_id":0,"_jetpack_memberships_contains_paywalled_content":false,"_jetpack_memberships_contains_paid_content":false,"footnotes":""},"categories":[50],"tags":[],"class_list":["post-4221","post","type-post","status-publish","format-standard","hentry","category-memoria"],"jetpack_featured_media_url":"","jetpack_shortlink":"https:\/\/wp.me\/p2JWE0-165","jetpack-related-posts":[{"id":9888,"url":"https:\/\/www.24baires.com\/?p=9888","url_meta":{"origin":4221,"position":0},"title":"Prisi\u00f3n para las apropiadoras de Sebasti\u00e1n Casado Tasca","author":"AF","date":"20\/12\/2012","format":false,"excerpt":"LA PLATA - La mujer que lo retuvo, Silvia Molina, recibi\u00f3 una pena de 5 a\u00f1os y medio de prisi\u00f3n, mientras que la m\u00e9dica que falsific\u00f3 la partida de nacimiento del joven fue sentenciada a 10 a\u00f1os. Las penas resultaron menores a las que hab\u00edan solicitado la fiscal\u00eda y la\u2026","rel":"","context":"En \u00abMemoria\u00bb","block_context":{"text":"Memoria","link":"https:\/\/www.24baires.com\/?cat=50"},"img":{"alt_text":"molina manacorda","src":"https:\/\/i0.wp.com\/www.24baires.com\/wp-content\/uploads\/2012\/12\/molina-manacorda-300x189.jpg?resize=350%2C200","width":350,"height":200},"classes":[]},{"id":46473,"url":"https:\/\/www.24baires.com\/?p=46473","url_meta":{"origin":4221,"position":1},"title":"Abuelas rechaz\u00f3 la visi\u00f3n \u201ccontemplativa\u201d sobre el rol de las apropiadoras","author":"AF","date":"21\/05\/2014","format":false,"excerpt":"El organismo se quej\u00f3 del fallo de la Sala III de Casaci\u00f3n, que aplic\u00f3 la pena m\u00ednima para ese delito a Silvia Beatriz Molina, condenada por la apropiaci\u00f3n de Sebasti\u00e1n Casado Tasca. En algunos tribunales persiste \u201cuna creencia machista que ve a la mujer apropiadora como un accesorio de un\u2026","rel":"","context":"En \u00abMemoria\u00bb","block_context":{"text":"Memoria","link":"https:\/\/www.24baires.com\/?cat=50"},"img":{"alt_text":"silvia molina","src":"https:\/\/i0.wp.com\/www.24baires.com\/wp-content\/uploads\/2014\/05\/silvia-molina-300x199.jpg?resize=350%2C200","width":350,"height":200},"classes":[]},{"id":73671,"url":"https:\/\/www.24baires.com\/?p=73671","url_meta":{"origin":4221,"position":2},"title":"La nieta 117 se reuni\u00f3 con sus abuelas biol\u00f3gicas","author":"AF","date":"16\/10\/2015","format":false,"excerpt":"Claudia Dom\u00ednguez Castro, la nieta recuperada en agosto, se reencontr\u00f3 p\u00fablicamente hoy con sus abuelas biol\u00f3gicas y confes\u00f3 que aunque sab\u00eda que era adoptada, la posibilidad de haber sido hija de desaparecidos y apropiada \u201cera lejana, pero no imposible\u201d. Claudia Dom\u00ednguez Castro, la nieta recuperada n\u00famero 117, quien se enter\u00f3\u2026","rel":"","context":"En \u00abSociedad\u00bb","block_context":{"text":"Sociedad","link":"https:\/\/www.24baires.com\/?cat=1"},"img":{"alt_text":"117","src":"https:\/\/i0.wp.com\/www.24baires.com\/wp-content\/uploads\/2015\/10\/117.jpg?resize=350%2C200","width":350,"height":200,"srcset":"https:\/\/i0.wp.com\/www.24baires.com\/wp-content\/uploads\/2015\/10\/117.jpg?resize=350%2C200 1x, https:\/\/i0.wp.com\/www.24baires.com\/wp-content\/uploads\/2015\/10\/117.jpg?resize=525%2C300 1.5x"},"classes":[]},{"id":5919,"url":"https:\/\/www.24baires.com\/?p=5919","url_meta":{"origin":4221,"position":3},"title":"\u201cA muchos, N\u00e9stor les devolvi\u00f3 la dignidad, pero a m\u00ed me devolvi\u00f3 la identidad\u00bb","author":"Grupo Sierra","date":"18\/11\/2012","format":false,"excerpt":"Pablo Javier Gaona Miranda, el nieto 106 en recuperar su identidad, expres\u00f3 que \u201cN\u00e9stor (Kirchner) demostr\u00f3 un inter\u00e9s por buscar a los hijos de sus compa\u00f1eros, porque eso era lo que hab\u00eda pasado, se hab\u00edan robado a los hijos de sus compa\u00f1eros\u201d. \u201cEso es lo que siento. Tuvo un inter\u00e9s\u2026","rel":"","context":"En \u00abMemoria\u00bb","block_context":{"text":"Memoria","link":"https:\/\/www.24baires.com\/?cat=50"},"img":{"alt_text":"","src":"","width":0,"height":0},"classes":[]},{"id":48996,"url":"https:\/\/www.24baires.com\/?p=48996","url_meta":{"origin":4221,"position":4},"title":"Detuvieron al represor de la Cacha, Ricardo Luis Von Kyaw","author":"GB","date":"30\/06\/2014","format":false,"excerpt":"El pr\u00f3fugo Ricardo Luis Von Kyaw, quien actuaba como represor en el Centro Clandestino de Detenci\u00f3n (CCD) La Cacha, fue detenido en Panam\u00e1 y desde esta madrugada se encuentra alojado en la c\u00e1rcel de Marcos Paz. El reo ten\u00eda pedido de captura internacional desde hac\u00eda cuatro a\u00f1os por estar implicado\u2026","rel":"","context":"En \u00abMemoria\u00bb","block_context":{"text":"Memoria","link":"https:\/\/www.24baires.com\/?cat=50"},"img":{"alt_text":"","src":"","width":0,"height":0},"classes":[]},{"id":5300,"url":"https:\/\/www.24baires.com\/?p=5300","url_meta":{"origin":4221,"position":5},"title":"Circuito Camps: dieron detalles sobre el caso de Clara Anah\u00ed Mariani y otras 6 apropiaciones","author":"Grupo Sierra","date":"13\/11\/2012","format":false,"excerpt":"Fue durante la tercera jornada de alegatos en el juicio a 23 represores de la \u00faltima dictadura militar que actuaron en los centros clandestinos de detenci\u00f3n al mando del genocida Ram\u00f3n Camps. Se estima que el pr\u00f3ximo martes la fiscal\u00eda realizar\u00e1 el pedido de pena para los acusados. Siete beb\u00e9s\u2026","rel":"","context":"En \u00abMemoria\u00bb","block_context":{"text":"Memoria","link":"https:\/\/www.24baires.com\/?cat=50"},"img":{"alt_text":"","src":"https:\/\/i0.wp.com\/www.24baires.com\/wp-content\/uploads\/2012\/11\/madres-abuelas-circuito-camps.jpg?resize=350%2C200","width":350,"height":200,"srcset":"https:\/\/i0.wp.com\/www.24baires.com\/wp-content\/uploads\/2012\/11\/madres-abuelas-circuito-camps.jpg?resize=350%2C200 1x, https:\/\/i0.wp.com\/www.24baires.com\/wp-content\/uploads\/2012\/11\/madres-abuelas-circuito-camps.jpg?resize=525%2C300 1.5x"},"classes":[]}],"jetpack_sharing_enabled":true,"jetpack_likes_enabled":true,"_links":{"self":[{"href":"https:\/\/www.24baires.com\/index.php?rest_route=\/wp\/v2\/posts\/4221","targetHints":{"allow":["GET"]}}],"collection":[{"href":"https:\/\/www.24baires.com\/index.php?rest_route=\/wp\/v2\/posts"}],"about":[{"href":"https:\/\/www.24baires.com\/index.php?rest_route=\/wp\/v2\/types\/post"}],"author":[{"embeddable":true,"href":"https:\/\/www.24baires.com\/index.php?rest_route=\/wp\/v2\/users\/11"}],"replies":[{"embeddable":true,"href":"https:\/\/www.24baires.com\/index.php?rest_route=%2Fwp%2Fv2%2Fcomments&post=4221"}],"version-history":[{"count":3,"href":"https:\/\/www.24baires.com\/index.php?rest_route=\/wp\/v2\/posts\/4221\/revisions"}],"predecessor-version":[{"id":4256,"href":"https:\/\/www.24baires.com\/index.php?rest_route=\/wp\/v2\/posts\/4221\/revisions\/4256"}],"wp:attachment":[{"href":"https:\/\/www.24baires.com\/index.php?rest_route=%2Fwp%2Fv2%2Fmedia&parent=4221"}],"wp:term":[{"taxonomy":"category","embeddable":true,"href":"https:\/\/www.24baires.com\/index.php?rest_route=%2Fwp%2Fv2%2Fcategories&post=4221"},{"taxonomy":"post_tag","embeddable":true,"href":"https:\/\/www.24baires.com\/index.php?rest_route=%2Fwp%2Fv2%2Ftags&post=4221"}],"curies":[{"name":"wp","href":"https:\/\/api.w.org\/{rel}","templated":true}]}}