{"id":42193,"date":"2014-03-15T16:30:01","date_gmt":"2014-03-15T19:30:01","guid":{"rendered":"http:\/\/www.24baires.com\/?p=42193"},"modified":"2014-03-15T16:06:12","modified_gmt":"2014-03-15T19:06:12","slug":"muertes-que-venden-mas-que-otras","status":"publish","type":"post","link":"https:\/\/www.24baires.com\/?p=42193","title":{"rendered":"Muertes que venden m\u00e1s que otras"},"content":{"rendered":"<p><img data-recalc-dims=\"1\" loading=\"lazy\" decoding=\"async\" class=\"aligncenter size-full wp-image-42195\" alt=\"iba\u00f1ez 2\" src=\"https:\/\/i0.wp.com\/www.24baires.com\/wp-content\/uploads\/2014\/03\/iba%C3%B1ez-2.jpg?resize=560%2C419\" width=\"560\" height=\"419\" srcset=\"https:\/\/i0.wp.com\/www.24baires.com\/wp-content\/uploads\/2014\/03\/iba%C3%B1ez-2.jpg?w=560&amp;ssl=1 560w, https:\/\/i0.wp.com\/www.24baires.com\/wp-content\/uploads\/2014\/03\/iba%C3%B1ez-2.jpg?resize=300%2C224&amp;ssl=1 300w\" sizes=\"auto, (max-width: 560px) 100vw, 560px\" \/>Leonardo Paz vivi\u00f3 la mitad de a\u00f1os que Jorge Ib\u00e1\u00f1ez, pero su muerte no lleg\u00f3 a ser ni la mitad de conocida que la del dise\u00f1ador. Y eso no s\u00f3lo pasa porque hay que explicar qui\u00e9n era el primero y, posiblemente, no hay que revelar la identidad del segundo. Es, adem\u00e1s, porque hay muertes prioritarias, muertes que son m\u00e1s \u2018importantes\u2019 que otras, muertes que venden m\u00e1s, muertes que rinden mucho m\u00e1s que otras.<!--more--><\/p>\n<p>Y aunque el asesinado de un joven colectivero hubiera sido pasto sabroso para muchos canales de televisi\u00f3n y programas que se alimentan en las praderas del morbo y la sangre ajena, dio la casualidad que Leonardo Paz, chofer de la l\u00ednea 56 en Capital Federal, falleci\u00f3 el mismo d\u00eda que el dise\u00f1ador de alta costura, Jorge Ib\u00e1\u00f1ez.<\/p>\n<p>La experiencia nos dice eso, que hay decesos que resultan m\u00e1s vendibles que otros. El asesinato de Kevin Molina, de 9 a\u00f1os, en la Villa 21, pr\u00e1cticamente no tuvo difusi\u00f3n, pero del de \u00c1ngeles Rawson seguimos aun hoy hablando. El asesinato por encargo del joven campesino del MOCASE, Cristian Ferreyra, por defender su tierra de empresarios sin escr\u00fapulos pero con balas y dinero, no pudo perforar la noticia del macabro hallazgo del cuerpo de Tom\u00e1s, un nene que se buscaba desde hac\u00eda unos d\u00edas y que hab\u00eda sido ultimado por su padrastro y arrojado a un descampado, all\u00e1 a finales del 2011, quiz\u00e1 lo recuerden.<\/p>\n<p>Leonardo, de 22 a\u00f1os, en su cuarto d\u00eda de trabajo, junto a un colega de experiencia que lo estaba instruyendo, mientras de seguro intentaba aprenderse los recorridos del 56 -que imagino tortuosos-, encontr\u00f3 la muerte de manera violenta en un asalto que se produjo alrededor de las 4.30 de la madrugada, en la localidad de Villa Madero, partido de La Matanza, cuando dos muchachos subieron al colectivo \u201cy empezaron a asaltar a los pasajeros despoj\u00e1ndolos de sus elementos personales\u201d, seg\u00fan inform\u00f3 el jefe de la Superintendencia Zona Oeste de la Polic\u00eda Bonaerense, comisario mayor Sergio Bianchi. Seg\u00fan relat\u00f3 el comisario a la Agencia T\u00e9lam, \u201cEn esas circunstancias, un agente de la Polic\u00eda Federal, uniformado, desde el fondo dio la voz de alto y los delincuentes dejaron en el piso los elementos que estaban robando y huyeron\u201d. No sin antes, desde abajo del veh\u00edculo, disparar sus armas contra el colectivo: \u201cUno de los proyectiles impact\u00f3 en el chofer y otro en la ventanilla\u201d. Su compa\u00f1ero manej\u00f3 hasta un hospital, donde Leonardo falleci\u00f3 mientras era atendido. Este homicidio desencaden\u00f3 un paro de colectivos que puso en jaque el tr\u00e1nsito porte\u00f1o y complic\u00f3 a todos a la hora de volver a casa.<\/p>\n<p>\u00bfCu\u00e1nta gente busc\u00f3 informaci\u00f3n de este homicidio dejando de ver las horas y horas de homenajes y recuerdos que, todav\u00eda, le dedican al dise\u00f1ador que vistiera a Mirtha Legrand? No lo s\u00e9, los intereses de cada son eso, justamente, de cada uno: privados, subjetivos. Pero en la televisi\u00f3n argentina nada dura tantos minutos si no se est\u00e1 viendo a mansalva.<\/p>\n<p>Aunque entendamos el mecanismo de los medios y el porqu\u00e9 de sus programaciones, no est\u00e1 mal, creo, detenernos a meditar un poco en estas instancias, no s\u00f3lo con el lamentable caso de Leonardo, sino con todas aquellas muertes que son opacadas por otras. El medidor de importancia tendr\u00e1 indicadores que podemos o no compartir, pero si un paro de colectivos no hubiera perjudicado a la sociedad porte\u00f1a, el esc\u00e1ndalo no hubiera sido tal, y Jorge Ib\u00e1\u00f1ez habr\u00eda acaparado aun m\u00e1s las pantallas y las tapas de los diarios con su partida, tambi\u00e9n temprana.<\/p>\n","protected":false},"excerpt":{"rendered":"<p>Leonardo Paz vivi\u00f3 la mitad de a\u00f1os que Jorge Ib\u00e1\u00f1ez, pero su muerte no lleg\u00f3 a ser ni la mitad de conocida que la del dise\u00f1ador. Y eso no s\u00f3lo pasa porque hay que explicar qui\u00e9n era el primero y, posiblemente, no hay que revelar la identidad del segundo. Es, adem\u00e1s, porque hay muertes prioritarias, muertes que son m\u00e1s \u2018importantes\u2019 [&#8230;]<\/p>\n","protected":false},"author":11,"featured_media":0,"comment_status":"open","ping_status":"open","sticky":false,"template":"","format":"standard","meta":{"_jetpack_newsletter_access":"","_jetpack_dont_email_post_to_subs":false,"_jetpack_newsletter_tier_id":0,"_jetpack_memberships_contains_paywalled_content":false,"_jetpack_memberships_contains_paid_content":false,"footnotes":""},"categories":[64],"tags":[],"class_list":["post-42193","post","type-post","status-publish","format-standard","hentry","category-opinion"],"jetpack_featured_media_url":"","jetpack_shortlink":"https:\/\/wp.me\/p2JWE0-aYx","jetpack-related-posts":[{"id":42117,"url":"https:\/\/www.24baires.com\/?p=42117","url_meta":{"origin":42193,"position":0},"title":"Conmoci\u00f3n por la muerte del dise\u00f1ador Jorge Iba\u00f1ez","author":"Grupo Sierra","date":"14\/03\/2014","format":false,"excerpt":"El dise\u00f1ador de modas fue encontrado por sus mucamas en el piso del dormitorio en su departamento del barrio porte\u00f1o de Recoleta y la primera hip\u00f3tesis es que no se trat\u00f3 de una muerte violenta. Ib\u00e1\u00f1ez fue hallado muerto por una de sus empleadas dom\u00e9sticas alrededor de las 5 de\u2026","rel":"","context":"En \u00abEspectaculos\u00bb","block_context":{"text":"Espectaculos","link":"https:\/\/www.24baires.com\/?cat=41"},"img":{"alt_text":"iba\u00f1ez","src":"https:\/\/i0.wp.com\/www.24baires.com\/wp-content\/uploads\/2014\/03\/iba%C3%B1ez.jpg?resize=350%2C200","width":350,"height":200,"srcset":"https:\/\/i0.wp.com\/www.24baires.com\/wp-content\/uploads\/2014\/03\/iba%C3%B1ez.jpg?resize=350%2C200 1x, https:\/\/i0.wp.com\/www.24baires.com\/wp-content\/uploads\/2014\/03\/iba%C3%B1ez.jpg?resize=525%2C300 1.5x"},"classes":[]},{"id":42359,"url":"https:\/\/www.24baires.com\/?p=42359","url_meta":{"origin":42193,"position":1},"title":"La hipertensi\u00f3n arterial, el gran problema de los argentinos","author":"Grupo Sierra","date":"18\/03\/2014","format":false,"excerpt":"A ra\u00edz de la muerte por cardiopat\u00eda del modisto Jorge Ib\u00e1\u00f1ez, recomiendan controles m\u00e9dicos, evitar el sobrepeso y el sedentarismo y comer sano, porque una de cada tres personas sufre esta problem\u00e1tica. La muerte del modisto Jorge Ib\u00e1\u00f1ez, v\u00edctima de una \u201ccardiopat\u00eda hipertr\u00f3fica\u201d, confirm\u00f3 una vez m\u00e1s la importancia de\u2026","rel":"","context":"En \u00abSociedad\u00bb","block_context":{"text":"Sociedad","link":"https:\/\/www.24baires.com\/?cat=1"},"img":{"alt_text":"foto-medicos-hospital-de-ninos","src":"https:\/\/i0.wp.com\/www.24baires.com\/wp-content\/uploads\/2012\/11\/foto-medicos-hospital-de-ninos-300x201.jpg?resize=350%2C200","width":350,"height":200},"classes":[]},{"id":18914,"url":"https:\/\/www.24baires.com\/?p=18914","url_meta":{"origin":42193,"position":2},"title":"Se entreg\u00f3 el principal sospechoso del asesinato de una mujer en Rojas","author":"AF","date":"20\/03\/2013","format":false,"excerpt":"El principal sospechoso por el crimen de Ang\u00e9lica G\u00f3mez -cuyo cad\u00e1ver fue encontrado la semana pasada cerca de la localidad bonaerense de Rojas- se entreg\u00f3 hoy ante la fiscal\u00eda. Se trata de Roque Jos\u00e9 Ib\u00e1\u00f1ez quien se present\u00f3 de manera espont\u00e1nea ante la Justicia y qued\u00f3 detenido acusado de \"homicidio\u2026","rel":"","context":"En \u00abPoliciales\u00bb","block_context":{"text":"Policiales","link":"https:\/\/www.24baires.com\/?cat=49"},"img":{"alt_text":"","src":"","width":0,"height":0},"classes":[]},{"id":82502,"url":"https:\/\/www.24baires.com\/?p=82502","url_meta":{"origin":42193,"position":3},"title":"Trasladan al asesino Robledo Puch para estudios m\u00e9dicos luego de 44 a\u00f1os de c\u00e1rcel","author":"AF","date":"10\/05\/2016","format":false,"excerpt":"El m\u00e1ximo asesino de la historia criminal argentina, que ya lleva 44 a\u00f1os detenido, fue trasladado desde la c\u00e1rcel de Sierra Chica escoltado por una decena de efectivos para ser sometido a estudios. Escoltado por una decena de efectivos del Servicio Penitenciario Bonaerense y de la polic\u00eda provicnial, Robledo Puch\u2026","rel":"","context":"En \u00abGeneral\u00bb","block_context":{"text":"General","link":"https:\/\/www.24baires.com\/?cat=67"},"img":{"alt_text":"robledo puch","src":"https:\/\/i0.wp.com\/www.24baires.com\/wp-content\/uploads\/2016\/05\/robledo-puch.jpg?resize=350%2C200","width":350,"height":200,"srcset":"https:\/\/i0.wp.com\/www.24baires.com\/wp-content\/uploads\/2016\/05\/robledo-puch.jpg?resize=350%2C200 1x, https:\/\/i0.wp.com\/www.24baires.com\/wp-content\/uploads\/2016\/05\/robledo-puch.jpg?resize=525%2C300 1.5x"},"classes":[]},{"id":88024,"url":"https:\/\/www.24baires.com\/?p=88024","url_meta":{"origin":42193,"position":4},"title":"La CPM denuncia 60% de sobrepoblaci\u00f3n carcelaria","author":"AF","date":"27\/09\/2016","format":false,"excerpt":"La Comisi\u00f3n Provincial por la Memoria (CPM) presentar\u00e1 este martes su informe anual sobre la situaci\u00f3n de las c\u00e1rceles en el Servicio Penitenciario Bonaerense (SPB), en el que denunciar\u00e1 una sobrepoblaci\u00f3n del 60 por ciento y la ocurrencia de 145 muertes durante el \u00faltimo a\u00f1o de la gobernaci\u00f3n de Daniel\u2026","rel":"","context":"En \u00abSociedad\u00bb","block_context":{"text":"Sociedad","link":"https:\/\/www.24baires.com\/?cat=1"},"img":{"alt_text":"c\u00e1rcel","src":"https:\/\/i0.wp.com\/www.24baires.com\/wp-content\/uploads\/2014\/03\/c%C3%A1rcel.jpg?resize=350%2C200","width":350,"height":200,"srcset":"https:\/\/i0.wp.com\/www.24baires.com\/wp-content\/uploads\/2014\/03\/c%C3%A1rcel.jpg?resize=350%2C200 1x, https:\/\/i0.wp.com\/www.24baires.com\/wp-content\/uploads\/2014\/03\/c%C3%A1rcel.jpg?resize=525%2C300 1.5x"},"classes":[]},{"id":30564,"url":"https:\/\/www.24baires.com\/?p=30564","url_meta":{"origin":42193,"position":5},"title":"Racing de Olavarria le gan\u00f3 por dos tantos a Rivadavia","author":"GB","date":"21\/08\/2013","format":false,"excerpt":"En el inicio de la temporada 2013\/14 del Argentino A, el Chaira se impuso como local a Rivadavia de Lincoln por 2 a 1. Los goles fueron marcados por Leonardo Vitale a los 39'PT y Alan Almir\u00f3n a los 35'ST. Mientras que el gol de los Albirrojos lo convirti\u00f3 Carlos\u2026","rel":"","context":"En \u00abDeportes\u00bb","block_context":{"text":"Deportes","link":"https:\/\/www.24baires.com\/?cat=12"},"img":{"alt_text":"Racing de Olavarria","src":"https:\/\/i0.wp.com\/www.24baires.com\/wp-content\/uploads\/2013\/08\/Racing-de-Olavarria.jpg?resize=350%2C200","width":350,"height":200,"srcset":"https:\/\/i0.wp.com\/www.24baires.com\/wp-content\/uploads\/2013\/08\/Racing-de-Olavarria.jpg?resize=350%2C200 1x, https:\/\/i0.wp.com\/www.24baires.com\/wp-content\/uploads\/2013\/08\/Racing-de-Olavarria.jpg?resize=525%2C300 1.5x"},"classes":[]}],"jetpack_sharing_enabled":true,"jetpack_likes_enabled":true,"_links":{"self":[{"href":"https:\/\/www.24baires.com\/index.php?rest_route=\/wp\/v2\/posts\/42193","targetHints":{"allow":["GET"]}}],"collection":[{"href":"https:\/\/www.24baires.com\/index.php?rest_route=\/wp\/v2\/posts"}],"about":[{"href":"https:\/\/www.24baires.com\/index.php?rest_route=\/wp\/v2\/types\/post"}],"author":[{"embeddable":true,"href":"https:\/\/www.24baires.com\/index.php?rest_route=\/wp\/v2\/users\/11"}],"replies":[{"embeddable":true,"href":"https:\/\/www.24baires.com\/index.php?rest_route=%2Fwp%2Fv2%2Fcomments&post=42193"}],"version-history":[{"count":1,"href":"https:\/\/www.24baires.com\/index.php?rest_route=\/wp\/v2\/posts\/42193\/revisions"}],"predecessor-version":[{"id":42196,"href":"https:\/\/www.24baires.com\/index.php?rest_route=\/wp\/v2\/posts\/42193\/revisions\/42196"}],"wp:attachment":[{"href":"https:\/\/www.24baires.com\/index.php?rest_route=%2Fwp%2Fv2%2Fmedia&parent=42193"}],"wp:term":[{"taxonomy":"category","embeddable":true,"href":"https:\/\/www.24baires.com\/index.php?rest_route=%2Fwp%2Fv2%2Fcategories&post=42193"},{"taxonomy":"post_tag","embeddable":true,"href":"https:\/\/www.24baires.com\/index.php?rest_route=%2Fwp%2Fv2%2Ftags&post=42193"}],"curies":[{"name":"wp","href":"https:\/\/api.w.org\/{rel}","templated":true}]}}