{"id":4218,"date":"2012-11-02T18:35:52","date_gmt":"2012-11-02T21:35:52","guid":{"rendered":"http:\/\/www.24baires.com\/?p=4218"},"modified":"2012-11-02T18:35:52","modified_gmt":"2012-11-02T21:35:52","slug":"el-intendente-de-lanus-le-pide-a-los-vecinos-que-se-movilicen-por-la-ley-de-medios","status":"publish","type":"post","link":"https:\/\/www.24baires.com\/?p=4218","title":{"rendered":"El Intendente de Lan\u00fas le pide a los vecinos que se movilicen por la Ley de Medios"},"content":{"rendered":"<p>El intendente Dar\u00edo\u00a0D\u00edaz Perez\u00a0plante\u00f3 hoy la necesidad de consolidar \u201cun proceso in\u00e9dito en la Argentina\u00bb de cara al pr\u00f3ximo 7 de diciembre, cuando vence la medida cautelar que \u201cevita el cumplimiento completo\u201d de la Ley de Servicios de Comunicaci\u00f3n Audiovisual.<!--more--><\/p>\n<p>\u201cLa Presidenta (Cristina Fern\u00e1ndez de Kirchner) necesita de cada uno de nosotros nuestro m\u00e1ximo esfuerzo, porque tenemos que lograr la consolidaci\u00f3n de un proceso in\u00e9dito en la Argentina\u201d, manifest\u00f3 hoy el intendente Dar\u00edo D\u00edaz P\u00e9rez, al convocar a los ciudadanos de Lan\u00fas a movilizarse en respaldo de la Ley de Medios.<\/p>\n<p>Lo hizo durante una charla-debate convocada por la Unidos, Organizados y Solidarios en el Club Laprida de Lan\u00fas Este, donde se trat\u00f3 la Ley de Servicios de Comunicaci\u00f3n Audiovisual y el proceso hacia el 7 de diciembre , fecha l\u00edmite dispuesta por la Corte Suprema para que todas las empresas se ajusten a la norma, incluido el Grupo Clar\u00edn.<\/p>\n<p>D\u00edaz P\u00e9rez asever\u00f3 que \u201cN\u00e9stor Kirchner volvi\u00f3 a poner a los sectores populares al frente de este momento hist\u00f3rico\u201d y a\u00f1adi\u00f3, en este sentido, que \u201cesto es lo que est\u00e1 en juego en estos d\u00edas\u201d.<\/p>\n<p>De la charla-debate participaron adem\u00e1s los periodistas Daniel Miguez; Mariana Moyano y Javier Romero, quienes se refirieron a la medida cautelar que vence el pr\u00f3ximo 7 de diciembre.<\/p>\n","protected":false},"excerpt":{"rendered":"<p>El intendente Dar\u00edo\u00a0D\u00edaz Perez\u00a0plante\u00f3 hoy la necesidad de consolidar \u201cun proceso in\u00e9dito en la Argentina\u00bb de cara al pr\u00f3ximo 7 de diciembre, cuando vence la medida cautelar que \u201cevita el cumplimiento completo\u201d de la Ley de Servicios de Comunicaci\u00f3n Audiovisual.<\/p>\n","protected":false},"author":11,"featured_media":0,"comment_status":"open","ping_status":"open","sticky":false,"template":"","format":"standard","meta":{"_jetpack_newsletter_access":"","_jetpack_dont_email_post_to_subs":false,"_jetpack_newsletter_tier_id":0,"_jetpack_memberships_contains_paywalled_content":false,"_jetpack_memberships_contains_paid_content":false,"footnotes":""},"categories":[54],"tags":[],"class_list":["post-4218","post","type-post","status-publish","format-standard","hentry","category-medios"],"jetpack_featured_media_url":"","jetpack_shortlink":"https:\/\/wp.me\/p2JWE0-162","jetpack-related-posts":[{"id":94626,"url":"https:\/\/www.24baires.com\/?p=94626","url_meta":{"origin":4218,"position":0},"title":"En la Provincia, el golpe de 1976 se denominar\u00e1 \u00abdictadura c\u00edvico-militar\u00bb","author":"AF","date":"19\/05\/2017","format":false,"excerpt":"El gobierno de la provincia de Buenos Aires promulg\u00f3 hoy la Ley 14.910, aprobada en marzo, que deja establecido que el \u00faltimo gobierno de facto de 1976 a 1983 fue \"una dictadura c\u00edvico-militar\". El gobierno de la provincia de Buenos Aires promulg\u00f3 hoy la Ley 14.910, aprobada en marzo, que\u2026","rel":"","context":"En \u00abMemoria\u00bb","block_context":{"text":"Memoria","link":"https:\/\/www.24baires.com\/?cat=50"},"img":{"alt_text":"","src":"https:\/\/i0.wp.com\/www.24baires.com\/wp-content\/uploads\/2014\/01\/La-Nacion-dictadura-videlajpg.jpg?resize=350%2C200","width":350,"height":200,"srcset":"https:\/\/i0.wp.com\/www.24baires.com\/wp-content\/uploads\/2014\/01\/La-Nacion-dictadura-videlajpg.jpg?resize=350%2C200 1x, https:\/\/i0.wp.com\/www.24baires.com\/wp-content\/uploads\/2014\/01\/La-Nacion-dictadura-videlajpg.jpg?resize=525%2C300 1.5x"},"classes":[]},{"id":7970,"url":"https:\/\/www.24baires.com\/?p=7970","url_meta":{"origin":4218,"position":1},"title":"\u201cEstamos peleando contra un monstruo poderoso, mentiroso, difamador y corruptor\u201d","author":"Grupo Sierra","date":"05\/12\/2012","format":false,"excerpt":"LAN\u00daS - El Intendente Dar\u00edo D\u00edaz P\u00e9rez, en di\u00e1logo radial habl\u00f3 del \u201c7D\u201d y asegur\u00f3 que Clar\u00edn \u201cno es cualquier adversario\u201d y que \u201chay que estar atento\u201d. Adem\u00e1s, explic\u00f3 el nuevo Plan Saludable, opin\u00f3 sobre el problema con la basura y la seguridad en los municipios. A horas de la\u2026","rel":"","context":"En \u00abPol\u00edtica\u00bb","block_context":{"text":"Pol\u00edtica","link":"https:\/\/www.24baires.com\/?cat=51"},"img":{"alt_text":"","src":"https:\/\/i0.wp.com\/www.24baires.com\/wp-content\/uploads\/2012\/11\/diaz-perez-300x216.jpg?resize=350%2C200","width":350,"height":200},"classes":[]},{"id":44725,"url":"https:\/\/www.24baires.com\/?p=44725","url_meta":{"origin":4218,"position":2},"title":"Desde Lan\u00fas impulsaron el proyecto de Ley de Fomento para los Clubes de Barrio","author":"Grupo Sierra","date":"26\/04\/2014","format":false,"excerpt":"La iniciativa busca que se reconozca el derecho a la formaci\u00f3n de los deportistas iniciados en las entidades barriales, propone una tarifa diferencial en los servicios de luz, gas y agua, declarar inembargables los bienes de los clubes y fomentar el acceso a cr\u00e9ditos blandos, entre otros temas. El intendente\u2026","rel":"","context":"En \u00abMunicipios\u00bb","block_context":{"text":"Municipios","link":"https:\/\/www.24baires.com\/?cat=44"},"img":{"alt_text":"DSC_1088 copia","src":"https:\/\/i0.wp.com\/www.24baires.com\/wp-content\/uploads\/2014\/04\/DSC_1088-copia.jpg?resize=350%2C200","width":350,"height":200,"srcset":"https:\/\/i0.wp.com\/www.24baires.com\/wp-content\/uploads\/2014\/04\/DSC_1088-copia.jpg?resize=350%2C200 1x, https:\/\/i0.wp.com\/www.24baires.com\/wp-content\/uploads\/2014\/04\/DSC_1088-copia.jpg?resize=525%2C300 1.5x"},"classes":[]},{"id":110876,"url":"https:\/\/www.24baires.com\/?p=110876","url_meta":{"origin":4218,"position":3},"title":"Diputado de Cambiemos quiere quitar la frase \u00ab30 mil desaparecidos\u00bb de las publicaciones oficiales","author":"AF","date":"20\/06\/2019","format":false,"excerpt":"La expresi\u00f3n se incluye por ley en todos los documentos de la provincia de Buenos Aires que refieran a hechos represivos. El que se opone es Guillermo Castello, quien responde a Elisa Carri\u00f3. Repudio de organismos de derechos humanos. Con el argumento de que \"violenta los valores de la Libertad\u2026","rel":"","context":"En \u00abSociedad\u00bb","block_context":{"text":"Sociedad","link":"https:\/\/www.24baires.com\/?cat=1"},"img":{"alt_text":"","src":"https:\/\/i0.wp.com\/www.24baires.com\/wp-content\/uploads\/2019\/06\/castello.jpg?resize=350%2C200","width":350,"height":200,"srcset":"https:\/\/i0.wp.com\/www.24baires.com\/wp-content\/uploads\/2019\/06\/castello.jpg?resize=350%2C200 1x, https:\/\/i0.wp.com\/www.24baires.com\/wp-content\/uploads\/2019\/06\/castello.jpg?resize=525%2C300 1.5x"},"classes":[]},{"id":19072,"url":"https:\/\/www.24baires.com\/?p=19072","url_meta":{"origin":4218,"position":4},"title":"En Lan\u00fas multar\u00e1n a los que tiren basura en la calle","author":"AF","date":"22\/03\/2013","format":false,"excerpt":"El intendente de Lan\u00fas, Dar\u00edo D\u00edaz P\u00e9rez, anunci\u00f3 que \u201ca partir de ahora ser\u00e1n multados y puestos a disposici\u00f3n de la Justicia quienes arrojen basura en los espacios p\u00fablicos\u201d del distrito. \u201cOrden\u00e9 a los responsables de los m\u00f3viles de Protecci\u00f3n Ciudadana para que accionen en el marco de la ley\u2026","rel":"","context":"En \u00abLocales\u00bb","block_context":{"text":"Locales","link":"https:\/\/www.24baires.com\/?cat=38"},"img":{"alt_text":"d\u00edaz p\u00e9rez2","src":"https:\/\/i0.wp.com\/www.24baires.com\/wp-content\/uploads\/2013\/03\/d%C3%ADaz-p%C3%A9rez2.jpg?resize=350%2C200","width":350,"height":200,"srcset":"https:\/\/i0.wp.com\/www.24baires.com\/wp-content\/uploads\/2013\/03\/d%C3%ADaz-p%C3%A9rez2.jpg?resize=350%2C200 1x, https:\/\/i0.wp.com\/www.24baires.com\/wp-content\/uploads\/2013\/03\/d%C3%ADaz-p%C3%A9rez2.jpg?resize=525%2C300 1.5x"},"classes":[]},{"id":12402,"url":"https:\/\/www.24baires.com\/?p=12402","url_meta":{"origin":4218,"position":5},"title":"Dar\u00edo D\u00edaz P\u00e9rez habl\u00f3 de la &#8216;gaffe&#8217; de TN","author":"Grupo Sierra","date":"16\/01\/2013","format":false,"excerpt":"LAN\u00daS.- El intendente de Lan\u00fas, Dar\u00edo D\u00edaz P\u00e9rez, denunci\u00f3 una campa\u00f1a del Grupo Clar\u00edn, \u00a0acus\u00f3 a la empresa y a \"pol\u00edticos de la oposici\u00f3n\", luego de que el viernes pasado TN difundiera como noticia el crimen de un empresario en el municipio que hab\u00eda ocurrido hace cinco a\u00f1os. \"Una torpeza\u2026","rel":"","context":"En \u00abMedios\u00bb","block_context":{"text":"Medios","link":"https:\/\/www.24baires.com\/?cat=54"},"img":{"alt_text":"diaz-perez","src":"https:\/\/i0.wp.com\/www.24baires.com\/wp-content\/uploads\/2012\/11\/diaz-perez.jpg?resize=350%2C200","width":350,"height":200,"srcset":"https:\/\/i0.wp.com\/www.24baires.com\/wp-content\/uploads\/2012\/11\/diaz-perez.jpg?resize=350%2C200 1x, https:\/\/i0.wp.com\/www.24baires.com\/wp-content\/uploads\/2012\/11\/diaz-perez.jpg?resize=525%2C300 1.5x"},"classes":[]}],"jetpack_sharing_enabled":true,"jetpack_likes_enabled":true,"_links":{"self":[{"href":"https:\/\/www.24baires.com\/index.php?rest_route=\/wp\/v2\/posts\/4218","targetHints":{"allow":["GET"]}}],"collection":[{"href":"https:\/\/www.24baires.com\/index.php?rest_route=\/wp\/v2\/posts"}],"about":[{"href":"https:\/\/www.24baires.com\/index.php?rest_route=\/wp\/v2\/types\/post"}],"author":[{"embeddable":true,"href":"https:\/\/www.24baires.com\/index.php?rest_route=\/wp\/v2\/users\/11"}],"replies":[{"embeddable":true,"href":"https:\/\/www.24baires.com\/index.php?rest_route=%2Fwp%2Fv2%2Fcomments&post=4218"}],"version-history":[{"count":2,"href":"https:\/\/www.24baires.com\/index.php?rest_route=\/wp\/v2\/posts\/4218\/revisions"}],"predecessor-version":[{"id":4220,"href":"https:\/\/www.24baires.com\/index.php?rest_route=\/wp\/v2\/posts\/4218\/revisions\/4220"}],"wp:attachment":[{"href":"https:\/\/www.24baires.com\/index.php?rest_route=%2Fwp%2Fv2%2Fmedia&parent=4218"}],"wp:term":[{"taxonomy":"category","embeddable":true,"href":"https:\/\/www.24baires.com\/index.php?rest_route=%2Fwp%2Fv2%2Fcategories&post=4218"},{"taxonomy":"post_tag","embeddable":true,"href":"https:\/\/www.24baires.com\/index.php?rest_route=%2Fwp%2Fv2%2Ftags&post=4218"}],"curies":[{"name":"wp","href":"https:\/\/api.w.org\/{rel}","templated":true}]}}