{"id":4213,"date":"2012-11-02T12:00:13","date_gmt":"2012-11-02T15:00:13","guid":{"rendered":"http:\/\/www.24baires.com\/?p=4213"},"modified":"2012-11-02T18:24:16","modified_gmt":"2012-11-02T21:24:16","slug":"los-afectados-por-el-temporal-siguen-retornando-a-sus-hogares","status":"publish","type":"post","link":"https:\/\/www.24baires.com\/?p=4213","title":{"rendered":"Los afectados por el temporal siguen retornando a sus hogares"},"content":{"rendered":"<p><strong>LA MATANZA &#8211;<\/strong> M\u00e1s de 1300 personas pudieron regresar hoy a sus casas despu\u00e9s de las inundaciones por el temporal que azot\u00f3 al distrito y a gran parte del \u00e1rea metropolitana bonaerense. Quedan 2070 damnificados que siguen siendo asistidos en los centros de evacuaci\u00f3n dispuestos por el Municipio.<!--more--><\/p>\n<p>Estos vecinos se suman a los m\u00e1s de mil que retornaron durante el d\u00eda de ayer a sus viviendas reduciendo en m\u00e1s de un 50 % el n\u00famero de evacuados.<\/p>\n<p>La cuenca del R\u00edo Matanza contin\u00faa bajando por lo que se espera que en las pr\u00f3ximas horas contin\u00fae descendiendo la cantidad de evacuados de manera notable.<\/p>\n<p>Mientras tanto sigue la asistencia al resto de los damnificados, que cuentan con atenci\u00f3n m\u00e9dica, ropa, calzado, comida y actividades recreativas en los 12 centros que a\u00fan quedan abiertos en el Distrito.<\/p>\n","protected":false},"excerpt":{"rendered":"<p>LA MATANZA &#8211; M\u00e1s de 1300 personas pudieron regresar hoy a sus casas despu\u00e9s de las inundaciones por el temporal que azot\u00f3 al distrito y a gran parte del \u00e1rea metropolitana bonaerense. Quedan 2070 damnificados que siguen siendo asistidos en los centros de evacuaci\u00f3n dispuestos por el Municipio.<\/p>\n","protected":false},"author":11,"featured_media":0,"comment_status":"open","ping_status":"open","sticky":false,"template":"","format":"standard","meta":{"_jetpack_newsletter_access":"","_jetpack_dont_email_post_to_subs":false,"_jetpack_newsletter_tier_id":0,"_jetpack_memberships_contains_paywalled_content":false,"_jetpack_memberships_contains_paid_content":false,"footnotes":""},"categories":[1],"tags":[],"class_list":["post-4213","post","type-post","status-publish","format-standard","hentry","category-sociedad"],"jetpack_featured_media_url":"","jetpack_shortlink":"https:\/\/wp.me\/p2JWE0-15X","jetpack-related-posts":[{"id":112512,"url":"https:\/\/www.24baires.com\/?p=112512","url_meta":{"origin":4213,"position":0},"title":"M\u00e1s de 5 mil personas siguen evacuadas en el Conurbano","author":"GB","date":"16\/10\/2019","format":false,"excerpt":"M\u00e1s de cinco mil personas continuaban evacuadas hoy en varios distritos del Conurbano bonaerense a ra\u00edz de las inundaciones provocadas a partir del temporal del s\u00e1bado pasado, que impact\u00f3 principalmente en La Matanza, Esteban Echeverr\u00eda, Quilmes, Ezeiza y Lomas de Zamora. La crecida del R\u00edo de la Plata, cuyas aguas\u2026","rel":"","context":"En \u00abProvincia\u00bb","block_context":{"text":"Provincia","link":"https:\/\/www.24baires.com\/?cat=40"},"img":{"alt_text":"","src":"https:\/\/i0.wp.com\/www.24baires.com\/wp-content\/uploads\/2019\/10\/inundacion-1-300x200.jpg?resize=350%2C200","width":350,"height":200},"classes":[]},{"id":101909,"url":"https:\/\/www.24baires.com\/?p=101909","url_meta":{"origin":4213,"position":1},"title":"Tras el temporal, a\u00fan hay m\u00e1s de 1.200 evacuados en seis distritos bonaerenses","author":"GB","date":"02\/05\/2018","format":false,"excerpt":"Tras el temporal de lluvia y viento que se desat\u00f3 durante el fin de semana, todav\u00eda unas 1.200 personas contin\u00faan evacuadas en seis distritos de la provincia de Buenos Aires, seg\u00fan informaron fuentes municipales y provinciales. El temporal que provoc\u00f3 la muerte de un hombre y su hijo en el\u2026","rel":"","context":"En \u00abProvincia\u00bb","block_context":{"text":"Provincia","link":"https:\/\/www.24baires.com\/?cat=40"},"img":{"alt_text":"","src":"https:\/\/i0.wp.com\/www.24baires.com\/wp-content\/uploads\/2014\/02\/temporal-en-san-pedro-300x190.jpg?resize=350%2C200","width":350,"height":200},"classes":[]},{"id":101887,"url":"https:\/\/www.24baires.com\/?p=101887","url_meta":{"origin":4213,"position":2},"title":"Vidal supervis\u00f3 los operativos en las zonas m\u00e1s castigadas del Conurbano por el temporal","author":"GB","date":"30\/04\/2018","format":false,"excerpt":"La Gobernadora visit\u00f3 un centro de evacuados en PIlar y m\u00e1s tarde estuvo en el Centro de Monitoreo de Tres de Febrero. Son dos de los municipios que m\u00e1s padecieron las consecuencias de las tormentas del fin de semana. La gobernadora Mar\u00eda Eugenia Vidal, visit\u00f3 durante la tarde de ayer\u2026","rel":"","context":"En \u00abProvincia\u00bb","block_context":{"text":"Provincia","link":"https:\/\/www.24baires.com\/?cat=40"},"img":{"alt_text":"","src":"https:\/\/i0.wp.com\/www.24baires.com\/wp-content\/uploads\/2018\/04\/e.jpeg?resize=350%2C200","width":350,"height":200,"srcset":"https:\/\/i0.wp.com\/www.24baires.com\/wp-content\/uploads\/2018\/04\/e.jpeg?resize=350%2C200 1x, https:\/\/i0.wp.com\/www.24baires.com\/wp-content\/uploads\/2018\/04\/e.jpeg?resize=525%2C300 1.5x"},"classes":[]},{"id":105393,"url":"https:\/\/www.24baires.com\/?p=105393","url_meta":{"origin":4213,"position":3},"title":"M\u00e1s de 1.300 evacuados en el conurbano por el temporal","author":"GB","date":"12\/11\/2018","format":false,"excerpt":"Las fuertes lluvias que se iniciaron ayer afectan severamente al conurbano bonaerense, en donde m\u00e1s de 1.300 personas resultaron evacuadas en distintos distritos. Si bien hoy aminoraron las tormentas en la zona metropolitana, se siguen registrando crecidas en los cursos de agua. En La Matanza, seg\u00fan le detallaron fuentes oficiales\u2026","rel":"","context":"En \u00abProvincia\u00bb","block_context":{"text":"Provincia","link":"https:\/\/www.24baires.com\/?cat=40"},"img":{"alt_text":"","src":"https:\/\/i0.wp.com\/www.24baires.com\/wp-content\/uploads\/2018\/04\/evacuados-mdp-300x200.jpg?resize=350%2C200","width":350,"height":200},"classes":[]},{"id":4012,"url":"https:\/\/www.24baires.com\/?p=4012","url_meta":{"origin":4213,"position":4},"title":"Alicia Kirchner recorri\u00f3 centros de evacuados en La Matanza","author":"Grupo Sierra","date":"31\/10\/2012","format":false,"excerpt":"Ayer se registr\u00f3 un nuevo pico en el R\u00edo Matanza por lo que el municipio increment\u00f3 las tareas de asistencia a los damnificados y autoevaluados que a\u00fan sufren las consecuencias del temporal. El intendente Fernando Espinoza junto a la Ministra de Desarrollo Social de la Naci\u00f3n, Alicia Kirchner, y el\u2026","rel":"","context":"En \u00abLocales\u00bb","block_context":{"text":"Locales","link":"https:\/\/www.24baires.com\/?cat=38"},"img":{"alt_text":"","src":"https:\/\/i0.wp.com\/www.24baires.com\/wp-content\/uploads\/2012\/10\/alicia-kirchner-matanza.jpg?resize=350%2C200","width":350,"height":200,"srcset":"https:\/\/i0.wp.com\/www.24baires.com\/wp-content\/uploads\/2012\/10\/alicia-kirchner-matanza.jpg?resize=350%2C200 1x, https:\/\/i0.wp.com\/www.24baires.com\/wp-content\/uploads\/2012\/10\/alicia-kirchner-matanza.jpg?resize=525%2C300 1.5x"},"classes":[]},{"id":3871,"url":"https:\/\/www.24baires.com\/?p=3871","url_meta":{"origin":4213,"position":5},"title":"Espinoza y el Gobernador recorrieron juntos centros de evacuados","author":"AF","date":"30\/10\/2012","format":false,"excerpt":"\u201cEstamos hoy con una cifra de 2063 evacuados y 14 centros en donde est\u00e1 trabajando personal de Defensa Civil, Bomberos, las Secretar\u00edas de Salud, Desarrollo Social y Cultura, brindando asistencia y esparcimiento\u201d, dijo Fernando Espinoza, intendente de La Matanza, durante una visita a la Escuela N\u00ba 182 de Laferrere que\u2026","rel":"","context":"En \u00abLocales\u00bb","block_context":{"text":"Locales","link":"https:\/\/www.24baires.com\/?cat=38"},"img":{"alt_text":"","src":"https:\/\/i0.wp.com\/www.24baires.com\/wp-content\/uploads\/2012\/10\/Espinoza-Scioli-300x259.jpg?resize=350%2C200","width":350,"height":200},"classes":[]}],"jetpack_sharing_enabled":true,"jetpack_likes_enabled":true,"_links":{"self":[{"href":"https:\/\/www.24baires.com\/index.php?rest_route=\/wp\/v2\/posts\/4213","targetHints":{"allow":["GET"]}}],"collection":[{"href":"https:\/\/www.24baires.com\/index.php?rest_route=\/wp\/v2\/posts"}],"about":[{"href":"https:\/\/www.24baires.com\/index.php?rest_route=\/wp\/v2\/types\/post"}],"author":[{"embeddable":true,"href":"https:\/\/www.24baires.com\/index.php?rest_route=\/wp\/v2\/users\/11"}],"replies":[{"embeddable":true,"href":"https:\/\/www.24baires.com\/index.php?rest_route=%2Fwp%2Fv2%2Fcomments&post=4213"}],"version-history":[{"count":3,"href":"https:\/\/www.24baires.com\/index.php?rest_route=\/wp\/v2\/posts\/4213\/revisions"}],"predecessor-version":[{"id":4215,"href":"https:\/\/www.24baires.com\/index.php?rest_route=\/wp\/v2\/posts\/4213\/revisions\/4215"}],"wp:attachment":[{"href":"https:\/\/www.24baires.com\/index.php?rest_route=%2Fwp%2Fv2%2Fmedia&parent=4213"}],"wp:term":[{"taxonomy":"category","embeddable":true,"href":"https:\/\/www.24baires.com\/index.php?rest_route=%2Fwp%2Fv2%2Fcategories&post=4213"},{"taxonomy":"post_tag","embeddable":true,"href":"https:\/\/www.24baires.com\/index.php?rest_route=%2Fwp%2Fv2%2Ftags&post=4213"}],"curies":[{"name":"wp","href":"https:\/\/api.w.org\/{rel}","templated":true}]}}