{"id":4209,"date":"2012-11-02T17:31:05","date_gmt":"2012-11-02T20:31:05","guid":{"rendered":"http:\/\/www.24baires.com\/?p=4209"},"modified":"2012-11-02T17:31:05","modified_gmt":"2012-11-02T20:31:05","slug":"concejales-presentan-proyecto-para-declarar-el-estado-de-emergencia-en-seguridad","status":"publish","type":"post","link":"https:\/\/www.24baires.com\/?p=4209","title":{"rendered":"Concejales presentan proyecto para declarar el estado de emergencia en seguridad"},"content":{"rendered":"<p><strong>OLAVARR\u00cdA &#8211;<\/strong> Los ediles del bloque justicialista presentaron un proyecto de ordenanza en el concejo Deliberante luego de los incidentes registrados frente a la comisar\u00eda local al conocerse la muerte de Jonathan Stramessi, cuyo cad\u00e1ver fue encontrado el mi\u00e9rcoles en el arroyo Tapalqu\u00e9.<!--more--><\/p>\n<p>El cuerpo del joven fue hallado el mi\u00e9rcoles en el arroyo Tapalqu\u00e9 y la poblaci\u00f3n de Olavarr\u00eda reaccion\u00f3 indignada con una movilizaci\u00f3n a la Comisar\u00eda Primera, donde tiraron piedras e incendiaron dos autos, responsabilizando a la polic\u00eda por la muerte de Jonathan.<\/p>\n<p>La presentaci\u00f3n fue encabezada por los concejales Juan S\u00e1nchez, presidente del bloque del PJ, y Sergio Milesi para que se declare el estado de emergencia en seguridad en Olavarr\u00eda.<\/p>\n<p>Adem\u00e1s, pidieron crear un comit\u00e9 de crisis integrado por todas las organizaciones que se encargan de la seguridad en la zona, el cual deber\u00e1 estar presidido por el intendente local, Jos\u00e9 Eseverri.<\/p>\n<p>El proyecto de ordenanza fue presentado luego de los incidentes registrados frente a la comisar\u00eda local al conocerse la muerte de Jonathan Stramessi.<\/p>\n<p>El cuerpo del joven fue hallado el mi\u00e9rcoles en el arroyo Tapalqu\u00e9 y la poblaci\u00f3n de Olavarr\u00eda reaccion\u00f3 indignada con una movilizaci\u00f3n a la Comisar\u00eda Primera, donde tiraron piedras e incendiaron dos autos, responsabilizando a la polic\u00eda por la muerte de Jonathan.<\/p>\n","protected":false},"excerpt":{"rendered":"<p>OLAVARR\u00cdA &#8211; Los ediles del bloque justicialista presentaron un proyecto de ordenanza en el concejo Deliberante luego de los incidentes registrados frente a la comisar\u00eda local al conocerse la muerte de Jonathan Stramessi, cuyo cad\u00e1ver fue encontrado el mi\u00e9rcoles en el arroyo Tapalqu\u00e9.<\/p>\n","protected":false},"author":11,"featured_media":0,"comment_status":"open","ping_status":"open","sticky":false,"template":"","format":"standard","meta":{"_jetpack_newsletter_access":"","_jetpack_dont_email_post_to_subs":false,"_jetpack_newsletter_tier_id":0,"_jetpack_memberships_contains_paywalled_content":false,"_jetpack_memberships_contains_paid_content":false,"footnotes":""},"categories":[38],"tags":[],"class_list":["post-4209","post","type-post","status-publish","format-standard","hentry","category-locales"],"jetpack_featured_media_url":"","jetpack_shortlink":"https:\/\/wp.me\/p2JWE0-15T","jetpack-related-posts":[{"id":4048,"url":"https:\/\/www.24baires.com\/?p=4048","url_meta":{"origin":4209,"position":0},"title":"\u00abHay un trabajo de la Polic\u00eda y la Justicia para saber la verdad sobre la muerte de Jonathan\u00bb","author":"AF","date":"01\/11\/2012","format":false,"excerpt":"El Intendente de Olavarr\u00eda hizo declaraciones en medio de la conmoci\u00f3n y los incidentes tras el hallazgo sin vida del joven Jonathan Stramessi. Fue tajante sobre la situaci\u00f3n de Fomento y relacion\u00f3 la realidad de violencia que vive la Ciudad con \u201cel consumo de alcohol y drogas de los chicos\u201d.\u2026","rel":"","context":"En \u00abLocales\u00bb","block_context":{"text":"Locales","link":"https:\/\/www.24baires.com\/?cat=38"},"img":{"alt_text":"","src":"https:\/\/i0.wp.com\/www.24baires.com\/wp-content\/uploads\/2012\/11\/eseverri-300x199.jpg?resize=350%2C200","width":350,"height":200},"classes":[]},{"id":4757,"url":"https:\/\/www.24baires.com\/?p=4757","url_meta":{"origin":4209,"position":1},"title":"En Olavarr\u00eda rechazaron la Emergencia de Seguridad Ciudadana","author":"AF","date":"08\/11\/2012","format":false,"excerpt":"La determinaci\u00f3n se defini\u00f3 por el voto doble de la presidenta del cuerpo, Carolina Szelagowski, en sinton\u00eda con la postura del bloque eseverrista. La propuesta presentada por el PJ y acompa\u00f1ada por el resto de la oposici\u00f3n buscaba declarar la emergencia por un a\u00f1o y la conformaci\u00f3n de un comit\u00e9\u2026","rel":"","context":"En \u00abLocales\u00bb","block_context":{"text":"Locales","link":"https:\/\/www.24baires.com\/?cat=38"},"img":{"alt_text":"","src":"","width":0,"height":0},"classes":[]},{"id":11055,"url":"https:\/\/www.24baires.com\/?p=11055","url_meta":{"origin":4209,"position":2},"title":"Solicitan obras de retenci\u00f3n en el arroyo Tapalqu\u00e9","author":"AF","date":"03\/01\/2013","format":false,"excerpt":"La C\u00e1mara Baja de la Provincia aprob\u00f3 un proyecto de declaraci\u00f3n presentado por Alejandro Armend\u00e1riz (UCR), donde insta al Ejecutivo provincial a la puesta en marcha de la obra hidr\u00e1ulica en el arroyo, a la altura de Olavarr\u00eda. A trav\u00e9s de un proyecto de declaraci\u00f3n presentado por el diputado provincial,\u2026","rel":"","context":"En \u00abLocales\u00bb","block_context":{"text":"Locales","link":"https:\/\/www.24baires.com\/?cat=38"},"img":{"alt_text":"tapalqu\u00e9","src":"https:\/\/i0.wp.com\/www.24baires.com\/wp-content\/uploads\/2013\/01\/tapalqu%C3%A9.jpg?resize=350%2C200","width":350,"height":200,"srcset":"https:\/\/i0.wp.com\/www.24baires.com\/wp-content\/uploads\/2013\/01\/tapalqu%C3%A9.jpg?resize=350%2C200 1x, https:\/\/i0.wp.com\/www.24baires.com\/wp-content\/uploads\/2013\/01\/tapalqu%C3%A9.jpg?resize=525%2C300 1.5x"},"classes":[]},{"id":5072,"url":"https:\/\/www.24baires.com\/?p=5072","url_meta":{"origin":4209,"position":3},"title":"Detuvieron a un amigo de Jonathan, el joven asesinado en Olavarr\u00eda","author":"AF","date":"11\/11\/2012","format":false,"excerpt":"La investigaci\u00f3n por la muerte del joven Jonathan Stramessi contin\u00faa sin arrojar resultados definitivos, pero a medida que avanza suma informaci\u00f3n a la causa. En este caso uno de sus amigos qued\u00f3 detenido al ser imputado de abandono de persona seguido de muerte en el hecho que conmocion\u00f3 a Olavarr\u00eda.\u2026","rel":"","context":"En \u00abPoliciales\u00bb","block_context":{"text":"Policiales","link":"https:\/\/www.24baires.com\/?cat=49"},"img":{"alt_text":"","src":"https:\/\/i0.wp.com\/www.24baires.com\/wp-content\/uploads\/2012\/11\/stramessi-300x168.jpg?resize=350%2C200","width":350,"height":200},"classes":[]},{"id":4010,"url":"https:\/\/www.24baires.com\/?p=4010","url_meta":{"origin":4209,"position":4},"title":"Hallaron en un arroyo el cuerpo del chico desaparecido en Olavarr\u00eda","author":"Grupo Sierra","date":"31\/10\/2012","format":false,"excerpt":"El cuerpo sin vida del joven desaparecido fue encontrado alrededor de las 18 en el arroyo Tapalqu\u00e9 a la altura de la calle Necochea. Fue descubierto por un hombre que se encontraba pescando. Un amplio operativo policial se despleg\u00f3 en la zona. La fiscal y los jefes de la Polic\u00eda\u2026","rel":"","context":"En \u00ab\u00daltimo Momento\u00bb","block_context":{"text":"\u00daltimo Momento","link":"https:\/\/www.24baires.com\/?cat=55"},"img":{"alt_text":"","src":"","width":0,"height":0},"classes":[]},{"id":11616,"url":"https:\/\/www.24baires.com\/?p=11616","url_meta":{"origin":4209,"position":5},"title":"El Intendente de Olavarr\u00eda supervis\u00f3 los trabajos que se realizan en el arroyo Tapalqu\u00e9","author":"AF","date":"09\/01\/2013","format":false,"excerpt":"El intendente de Olavarr\u00eda, Jos\u00e9 Eseverri, reconoci\u00f3 el aporte de la provincia para ejecutar obras h\u00eddricas, al recorrer los trabajos que se desarrollan en el arroyo Tapalqu\u00e9, a la altura de la Ruta Nacional 226. El intendente de Olavarr\u00eda Jos\u00e9 Eseverri supervis\u00f3 el importante trabajo h\u00eddrico que realiza la Provincia\u2026","rel":"","context":"En \u00abLocales\u00bb","block_context":{"text":"Locales","link":"https:\/\/www.24baires.com\/?cat=38"},"img":{"alt_text":"Eseverri Olavarr\u00eda","src":"https:\/\/i0.wp.com\/www.24baires.com\/wp-content\/uploads\/2013\/01\/Eseverri-Olavarr%C3%ADa.jpg?resize=350%2C200","width":350,"height":200},"classes":[]}],"jetpack_sharing_enabled":true,"jetpack_likes_enabled":true,"_links":{"self":[{"href":"https:\/\/www.24baires.com\/index.php?rest_route=\/wp\/v2\/posts\/4209","targetHints":{"allow":["GET"]}}],"collection":[{"href":"https:\/\/www.24baires.com\/index.php?rest_route=\/wp\/v2\/posts"}],"about":[{"href":"https:\/\/www.24baires.com\/index.php?rest_route=\/wp\/v2\/types\/post"}],"author":[{"embeddable":true,"href":"https:\/\/www.24baires.com\/index.php?rest_route=\/wp\/v2\/users\/11"}],"replies":[{"embeddable":true,"href":"https:\/\/www.24baires.com\/index.php?rest_route=%2Fwp%2Fv2%2Fcomments&post=4209"}],"version-history":[{"count":1,"href":"https:\/\/www.24baires.com\/index.php?rest_route=\/wp\/v2\/posts\/4209\/revisions"}],"predecessor-version":[{"id":4210,"href":"https:\/\/www.24baires.com\/index.php?rest_route=\/wp\/v2\/posts\/4209\/revisions\/4210"}],"wp:attachment":[{"href":"https:\/\/www.24baires.com\/index.php?rest_route=%2Fwp%2Fv2%2Fmedia&parent=4209"}],"wp:term":[{"taxonomy":"category","embeddable":true,"href":"https:\/\/www.24baires.com\/index.php?rest_route=%2Fwp%2Fv2%2Fcategories&post=4209"},{"taxonomy":"post_tag","embeddable":true,"href":"https:\/\/www.24baires.com\/index.php?rest_route=%2Fwp%2Fv2%2Ftags&post=4209"}],"curies":[{"name":"wp","href":"https:\/\/api.w.org\/{rel}","templated":true}]}}