{"id":4205,"date":"2012-11-02T17:20:22","date_gmt":"2012-11-02T20:20:22","guid":{"rendered":"http:\/\/www.24baires.com\/?p=4205"},"modified":"2012-11-02T17:21:02","modified_gmt":"2012-11-02T20:21:02","slug":"marquitos-di-palma-va-a-estudiar-politica-para-ser-gobernador","status":"publish","type":"post","link":"https:\/\/www.24baires.com\/?p=4205","title":{"rendered":"&#8216;Marquitos&#8217; Di Palma \u00abva a estudiar pol\u00edtica\u00bb para ser Gobernador"},"content":{"rendered":"<p><img data-recalc-dims=\"1\" loading=\"lazy\" decoding=\"async\" class=\"aligncenter size-full wp-image-4206\" title=\"di palma marcos\" src=\"https:\/\/i0.wp.com\/www.24baires.com\/wp-content\/uploads\/2012\/11\/di-palma-marcos.jpg?resize=560%2C279\" alt=\"\" width=\"560\" height=\"279\" srcset=\"https:\/\/i0.wp.com\/www.24baires.com\/wp-content\/uploads\/2012\/11\/di-palma-marcos.jpg?w=560&amp;ssl=1 560w, https:\/\/i0.wp.com\/www.24baires.com\/wp-content\/uploads\/2012\/11\/di-palma-marcos.jpg?resize=300%2C149&amp;ssl=1 300w\" sizes=\"auto, (max-width: 560px) 100vw, 560px\" \/><\/p>\n<p>El piloto dijo que N\u00e9stor Kirchner le \u201cdemostr\u00f3 que se pueden hacer muchas cosas pensando en la gente\u201d. Adelant\u00f3 que va \u00abestudiar pol\u00edtica y econom\u00eda en un par de a\u00f1os\u201d, y apuesta a ser gobernador. Por otra parte, respald\u00f3 el voto joven, y critic\u00f3 a quienes se oponen: \u201cPara mandarlos a la guerra son adultos, y para votar si tienen ganas, no\u00bb, se quej\u00f3.<!--more--><br \/>\nEl piloto de automovilismo Marcos Di Palma afirm\u00f3 que antes la pol\u00edtica no le interesaba pero que cuando N\u00e9stor Kirchner subi\u00f3 al poder le \u00abdemostr\u00f3 que se pueden hacer muchas cosas pensando en la gente\u00bb. Y adelant\u00f3 que le \u00absobran ganas de ser gobernador\u00bb. Una apuesta a futuro\u2026<\/p>\n<p>\u00abSi la gente quiere que sea gobernador, lo ser\u00e9, a m\u00ed me sobran ganas\u00bb, asegur\u00f3 en una entrevista con el diario El Cronista pero aclar\u00f3 que \u00abpara el 2023, no para tomar la posta de (Daniel) Scioli en 2015\u00bb.<\/p>\n<p>Di Palma reconoci\u00f3 que \u00abcon el cari\u00f1o de la gente no me alcanza, hay que hacer las cosas a largo plazo si se quieren hacer con seriedad\u201d y adelant\u00f3 que va \u00abestudiar pol\u00edtica y econom\u00eda en un par de a\u00f1os, cuando me retire\u00bb.<\/p>\n<p>El piloto nacido en Arrecifes en 1972, reivindic\u00f3 la figura de N\u00e9stor Kirchner quien le demostr\u00f3 que \u00ablas convicciones que uno tiene deben hacerse valer\u00bb. \u00abN\u00e9stor fue el que le puso el pecho a una de las situaciones m\u00e1s dif\u00edciles que vivi\u00f3 el pa\u00eds, porque cre\u00eda en lo que hac\u00eda\u00bb, agreg\u00f3.<\/p>\n<p>Di Palma opin\u00f3 tambi\u00e9n sobre la ley que posibilita el voto optativo de los j\u00f3venes de 16 y 17 y cuestion\u00f3 a quienes \u00abmenosprecian a la juventud diciendo que no pueden opinar\u00bb. \u00abA esa edad ya sos un hombre, a m\u00ed que no me jodan, claro, para mandarlos a la guerra son adultos, y para votar si tienen ganas, no\u00bb, asegur\u00f3.<\/p>\n<p>El corredor de TC asegur\u00f3 tambi\u00e9n que ve \u00abfirme\u00bb a la presidenta Cristina Fern\u00e1ndez de Kirchner y que \u00abla volver\u00eda a votar\u00bb.<\/p>\n<p>Consultado sobre c\u00f3mo ve a la oposici\u00f3n, contest\u00f3 categ\u00f3rico: \u00abLa oposici\u00f3n no existe, no hay ninguna alternativa consistente que te haga dudar para las futuras elecciones\u00bb.<\/p>\n","protected":false},"excerpt":{"rendered":"<p>El piloto dijo que N\u00e9stor Kirchner le \u201cdemostr\u00f3 que se pueden hacer muchas cosas pensando en la gente\u201d. Adelant\u00f3 que va \u00abestudiar pol\u00edtica y econom\u00eda en un par de a\u00f1os\u201d, y apuesta a ser gobernador. Por otra parte, respald\u00f3 el voto joven, y critic\u00f3 a quienes se oponen: \u201cPara mandarlos a la guerra son adultos, y para votar si tienen [&#8230;]<\/p>\n","protected":false},"author":11,"featured_media":0,"comment_status":"open","ping_status":"open","sticky":false,"template":"","format":"standard","meta":{"_jetpack_newsletter_access":"","_jetpack_dont_email_post_to_subs":false,"_jetpack_newsletter_tier_id":0,"_jetpack_memberships_contains_paywalled_content":false,"_jetpack_memberships_contains_paid_content":false,"footnotes":""},"categories":[51],"tags":[],"class_list":["post-4205","post","type-post","status-publish","format-standard","hentry","category-politica"],"jetpack_featured_media_url":"","jetpack_shortlink":"https:\/\/wp.me\/p2JWE0-15P","jetpack-related-posts":[{"id":43026,"url":"https:\/\/www.24baires.com\/?p=43026","url_meta":{"origin":4205,"position":0},"title":"Marcos Di Palma podr\u00eda pelear la intendencia de Arrecifes","author":"GB","date":"30\/03\/2014","format":false,"excerpt":"ARRECIFES-Ayer se dio un hecho curioso en la localidad de Arrecifes es que una encuesta telef\u00f3nica pregunta por si \"votar\u00eda\" al conocido piloto. El sondeo se da d\u00edas despu\u00e9s que el intendente Daniel Bolinaga se mostrara cerca al Frente Renovador. El nombre del deportista e hijo del hist\u00f3rico Rub\u00e9n Luis\u2026","rel":"","context":"En \u00abMunicipios\u00bb","block_context":{"text":"Municipios","link":"https:\/\/www.24baires.com\/?cat=44"},"img":{"alt_text":"di palma","src":"https:\/\/i0.wp.com\/www.24baires.com\/wp-content\/uploads\/2014\/03\/di-palma.jpg?resize=350%2C200","width":350,"height":200,"srcset":"https:\/\/i0.wp.com\/www.24baires.com\/wp-content\/uploads\/2014\/03\/di-palma.jpg?resize=350%2C200 1x, https:\/\/i0.wp.com\/www.24baires.com\/wp-content\/uploads\/2014\/03\/di-palma.jpg?resize=525%2C300 1.5x"},"classes":[]},{"id":111875,"url":"https:\/\/www.24baires.com\/?p=111875","url_meta":{"origin":4205,"position":1},"title":"Cristina en La Plata: \u00abNo es de buen ser humano subir el d\u00f3lar porque no te votaron\u00bb","author":"AF","date":"31\/08\/2019","format":false,"excerpt":"La candidata a vicepresidenta por Frente de Todos apunt\u00f3 contra las medidas del gobierno de Mauricio Macri y el accionar de los medios en una charla en la Facultad de Periodismo y Comunicaci\u00f3n Social de la Universidad Nacional. Cristina Fern\u00e1ndez de Kirchner se encuentra en La Plata, su ciudad natal,\u2026","rel":"","context":"En \u00abPol\u00edtica\u00bb","block_context":{"text":"Pol\u00edtica","link":"https:\/\/www.24baires.com\/?cat=51"},"img":{"alt_text":"","src":"https:\/\/i0.wp.com\/www.24baires.com\/wp-content\/uploads\/2019\/08\/cristina-LP.jpg?resize=350%2C200","width":350,"height":200,"srcset":"https:\/\/i0.wp.com\/www.24baires.com\/wp-content\/uploads\/2019\/08\/cristina-LP.jpg?resize=350%2C200 1x, https:\/\/i0.wp.com\/www.24baires.com\/wp-content\/uploads\/2019\/08\/cristina-LP.jpg?resize=525%2C300 1.5x"},"classes":[]},{"id":120742,"url":"https:\/\/www.24baires.com\/?p=120742","url_meta":{"origin":4205,"position":2},"title":"\u00abPor voluntad popular el peronismo gobierna la provincia m\u00e1s grande de la Argentina\u00bb","author":"AF","date":"11\/12\/2023","format":false,"excerpt":"El gobernador jur\u00f3 y arranca su segundo mandato despu\u00e9s de ser reelecto con 19 puntos de diferencia. Los discursos. Las definiciones. La relaci\u00f3n con Milei. (MART\u00cdN GRANOVSKY - P\u00e1gina 12) Respetar el triunfo ajeno y respetar a la vez el propio. Alegrarse con otro mandato cuando la fuerza pol\u00edtica lo\u2026","rel":"","context":"En \u00abProvincia\u00bb","block_context":{"text":"Provincia","link":"https:\/\/www.24baires.com\/?cat=40"},"img":{"alt_text":"","src":"https:\/\/i0.wp.com\/www.24baires.com\/wp-content\/uploads\/2023\/12\/magario-kicillof.jpg?resize=350%2C200","width":350,"height":200,"srcset":"https:\/\/i0.wp.com\/www.24baires.com\/wp-content\/uploads\/2023\/12\/magario-kicillof.jpg?resize=350%2C200 1x, https:\/\/i0.wp.com\/www.24baires.com\/wp-content\/uploads\/2023\/12\/magario-kicillof.jpg?resize=525%2C300 1.5x, https:\/\/i0.wp.com\/www.24baires.com\/wp-content\/uploads\/2023\/12\/magario-kicillof.jpg?resize=700%2C400 2x"},"classes":[]},{"id":112630,"url":"https:\/\/www.24baires.com\/?p=112630","url_meta":{"origin":4205,"position":3},"title":"Alberto y Cristina cierran la campa\u00f1a en Mar del Plata","author":"GB","date":"24\/10\/2019","format":false,"excerpt":"El candidato a presidente por el Frente de Todos, Alberto Fern\u00e1ndez, y la candidata a vicepresidenta, Cristina Fern\u00e1ndez de Kirchner, estar\u00e1n este jueves a las 15 en Mar del Plata, en un escenario que se montar\u00e1 en la rambla. Ser\u00e1 el primer acto que compartir\u00e1n en conjunto en la ciudad,\u2026","rel":"","context":"En \u00abPol\u00edtica\u00bb","block_context":{"text":"Pol\u00edtica","link":"https:\/\/www.24baires.com\/?cat=51"},"img":{"alt_text":"","src":"https:\/\/i0.wp.com\/www.24baires.com\/wp-content\/uploads\/2019\/10\/alberto-y-cristina.jpg?resize=350%2C200","width":350,"height":200,"srcset":"https:\/\/i0.wp.com\/www.24baires.com\/wp-content\/uploads\/2019\/10\/alberto-y-cristina.jpg?resize=350%2C200 1x, https:\/\/i0.wp.com\/www.24baires.com\/wp-content\/uploads\/2019\/10\/alberto-y-cristina.jpg?resize=525%2C300 1.5x"},"classes":[]},{"id":118232,"url":"https:\/\/www.24baires.com\/?p=118232","url_meta":{"origin":4205,"position":4},"title":"Fern\u00e1ndez llam\u00f3 a votar por el \u00abfuturo de una Argentina que crece al 10% por a\u00f1o\u00bb","author":"AF","date":"05\/11\/2021","format":false,"excerpt":"El Presidente tambi\u00e9n destac\u00f3 los logros de la gesti\u00f3n de N\u00e9stor y Cristina Kirchner por tener un super\u00e1vit fiscal y comercial, acumulaci\u00f3n de reservas y desendeudamiento, en un acto en Costa Salguero junto a Andr\u00e9s Rodr\u00edguez (UPCN). El presidente Alberto Fern\u00e1ndez afirm\u00f3 que \"hay una Argentina que est\u00e1 muy cerca\",\u2026","rel":"","context":"En \u00abPol\u00edtica\u00bb","block_context":{"text":"Pol\u00edtica","link":"https:\/\/www.24baires.com\/?cat=51"},"img":{"alt_text":"","src":"https:\/\/i0.wp.com\/www.24baires.com\/wp-content\/uploads\/2021\/03\/fern%C3%A1ndez.jpg?resize=350%2C200","width":350,"height":200,"srcset":"https:\/\/i0.wp.com\/www.24baires.com\/wp-content\/uploads\/2021\/03\/fern%C3%A1ndez.jpg?resize=350%2C200 1x, https:\/\/i0.wp.com\/www.24baires.com\/wp-content\/uploads\/2021\/03\/fern%C3%A1ndez.jpg?resize=525%2C300 1.5x"},"classes":[]},{"id":108530,"url":"https:\/\/www.24baires.com\/?p=108530","url_meta":{"origin":4205,"position":5},"title":"Gioja: la unidad del peronismo, la relaci\u00f3n con Massa y la elecci\u00f3n en San Juan","author":"AF","date":"01\/06\/2019","format":false,"excerpt":"El diputado y presidente del PJ destac\u00f3 el renovado v\u00ednculo entre el partido Justicialista y Unidad Ciudadana, respald\u00f3 la f\u00f3rmula Kicillof-Magario y advirti\u00f3 que quienes dividan a la oposici\u00f3n son funcionales al macrismo. Desde San Juan El tres veces gobernador de San Juan, diputado nacional por esa provincia y presidente\u2026","rel":"","context":"En \u00abPol\u00edtica\u00bb","block_context":{"text":"Pol\u00edtica","link":"https:\/\/www.24baires.com\/?cat=51"},"img":{"alt_text":"","src":"https:\/\/i0.wp.com\/www.24baires.com\/wp-content\/uploads\/2013\/10\/gioja.jpg?resize=350%2C200","width":350,"height":200,"srcset":"https:\/\/i0.wp.com\/www.24baires.com\/wp-content\/uploads\/2013\/10\/gioja.jpg?resize=350%2C200 1x, https:\/\/i0.wp.com\/www.24baires.com\/wp-content\/uploads\/2013\/10\/gioja.jpg?resize=525%2C300 1.5x"},"classes":[]}],"jetpack_sharing_enabled":true,"jetpack_likes_enabled":true,"_links":{"self":[{"href":"https:\/\/www.24baires.com\/index.php?rest_route=\/wp\/v2\/posts\/4205","targetHints":{"allow":["GET"]}}],"collection":[{"href":"https:\/\/www.24baires.com\/index.php?rest_route=\/wp\/v2\/posts"}],"about":[{"href":"https:\/\/www.24baires.com\/index.php?rest_route=\/wp\/v2\/types\/post"}],"author":[{"embeddable":true,"href":"https:\/\/www.24baires.com\/index.php?rest_route=\/wp\/v2\/users\/11"}],"replies":[{"embeddable":true,"href":"https:\/\/www.24baires.com\/index.php?rest_route=%2Fwp%2Fv2%2Fcomments&post=4205"}],"version-history":[{"count":2,"href":"https:\/\/www.24baires.com\/index.php?rest_route=\/wp\/v2\/posts\/4205\/revisions"}],"predecessor-version":[{"id":4208,"href":"https:\/\/www.24baires.com\/index.php?rest_route=\/wp\/v2\/posts\/4205\/revisions\/4208"}],"wp:attachment":[{"href":"https:\/\/www.24baires.com\/index.php?rest_route=%2Fwp%2Fv2%2Fmedia&parent=4205"}],"wp:term":[{"taxonomy":"category","embeddable":true,"href":"https:\/\/www.24baires.com\/index.php?rest_route=%2Fwp%2Fv2%2Fcategories&post=4205"},{"taxonomy":"post_tag","embeddable":true,"href":"https:\/\/www.24baires.com\/index.php?rest_route=%2Fwp%2Fv2%2Ftags&post=4205"}],"curies":[{"name":"wp","href":"https:\/\/api.w.org\/{rel}","templated":true}]}}