{"id":42030,"date":"2014-03-13T09:45:30","date_gmt":"2014-03-13T12:45:30","guid":{"rendered":"http:\/\/www.24baires.com\/?p=42030"},"modified":"2014-03-13T09:23:35","modified_gmt":"2014-03-13T12:23:35","slug":"la-administracion-de-la-informacion","status":"publish","type":"post","link":"https:\/\/www.24baires.com\/?p=42030","title":{"rendered":"La administraci\u00f3n de la informaci\u00f3n"},"content":{"rendered":"<p><img data-recalc-dims=\"1\" loading=\"lazy\" decoding=\"async\" class=\"aligncenter size-full wp-image-42031\" alt=\"garc\u00eda\" src=\"https:\/\/i0.wp.com\/www.24baires.com\/wp-content\/uploads\/2014\/03\/garc%C3%ADa.jpg?resize=560%2C383\" width=\"560\" height=\"383\" srcset=\"https:\/\/i0.wp.com\/www.24baires.com\/wp-content\/uploads\/2014\/03\/garc%C3%ADa.jpg?w=560&amp;ssl=1 560w, https:\/\/i0.wp.com\/www.24baires.com\/wp-content\/uploads\/2014\/03\/garc%C3%ADa.jpg?resize=300%2C205&amp;ssl=1 300w\" sizes=\"auto, (max-width: 560px) 100vw, 560px\" \/>En esta columna ya nos hemos referido con anterioridad al manejo medi\u00e1tico de de las noticias, que pueden ir desde una manipulaci\u00f3n tendenciosa y cuentapropista de la informaci\u00f3n hasta la formulaci\u00f3n de mentiras que no resisten un an\u00e1lisis elemental, invenciones que s\u00f3lo pretenden instalar temas que benefician o perjudican a determinadas personas, pero que no comparten nada con la realidad. Como sucede con el caso del anteproyecto del C\u00f3digo Penal, donde ya se conocen infinidad de opiniones en contra de \u00e9ste, pero no se conoce el anteproyecto en s\u00ed. Opositores al gobierno nacional han tomado el tema con inusitada vehemencia y han prodigado una caterva de falacias dignas de un buen ejemplar de ficci\u00f3n, aprovech\u00e1ndose de la carta blanca que los medios, -tan o m\u00e1s opositores que esos pol\u00edticos de lengua precoz e ignorante- le ofrecen en sus diarios, radios y dem\u00e1s programas. <!--more--><\/p>\n<p>Pero de este hecho inventado y malversado, como tantos otros, vamos a uno que no es producto de la imaginaci\u00f3n da\u00f1ina de nadie, sino de desgracias vividas por algunas personas que rozan, por diversas razones, la fama.<\/p>\n<p>Vamos al caso de Pablo Garc\u00eda, que quiz\u00e1 no les suene hasta que agreguemos el apellido de su padre, Aliverti.<\/p>\n<p>De hecho, en la mayor\u00eda de los medios su caso no se menciona con su nombre propio, sino como \u201cEl hijo de Aliverti\u201d. \u00bfQu\u00e9 sabemos que hizo Pablo Garc\u00eda? Bueno, en febrero del a\u00f1o pasado atropell\u00f3 al ciclista Reinaldo Rodas mientras conduc\u00eda su Peugeot 504 por la Panamericana, donde supuestamente no pueden circular bicicletas. Por el impacto, Rodas muri\u00f3 y pas\u00f3 a ocupar el asiento del acompa\u00f1ante y, as\u00ed, con su cad\u00e1ver de copiloto, Garc\u00eda condujo 17km hasta el peaje donde inform\u00f3 lo sucedido. El \u201chijo de Aliverti\u201d, de 30 a\u00f1os, conduc\u00eda con 1,45 gramos de alcohol en sangre al momento del accidente.<\/p>\n<p>\u00bfSaben qui\u00e9n m\u00e1s conduc\u00eda ebrio y provoc\u00f3 un accidente? Gian Marco Dolce. Este chico de 19 a\u00f1os ten\u00eda 1,14 gramos del alcohol en sangre cuando maniobr\u00f3 con equ\u00edvoco su camioneta 4&#215;4 Ford Ranger cruzando tres carriles en la ruta, de izquierda a derecha. Por la alta velocidad en la que ven\u00eda la 4X4 se mont\u00f3 al guardarrail, gan\u00f3 altura y cay\u00f3 de atr\u00e1s hacia adelante y de arriba hacia abajo, en un Volkswagen Gol que en ese momento estaba detenido en la banquina. Dentro de ese auto hab\u00eda tres obreros que murieron aplastados por la pesada ca\u00edda de la Ford Ranger sobre el veh\u00edculo, se hab\u00edan detenido a la espera de un cuarto compa\u00f1ero con el que deb\u00edan ir a la obra en construcci\u00f3n en la que trabajaban.<\/p>\n<p>\u00bfQui\u00e9n es Gian Marco Dolce? El hijo de la exmodelo Barbara Durand y el empresario Gian Dolce. \u00bfNo recuerdan este hecho? Pero si ocurri\u00f3 dos meses despu\u00e9s del otro evento y si murieron tres trabajadores en este caso en vez de uno. Los medios le deben haber dado una gran cobertura, y deben estar sobre el tema aun, ya que Gian Marco o Gianmarco qued\u00f3 imputado por el delito de homicidio culposo agravado, un delito que, seg\u00fan el art\u00edculo 84 del C\u00f3digo Penal, prev\u00e9 la pena de 2 a 5 a\u00f1os de prisi\u00f3n para los casos donde haya m\u00e1s de una v\u00edctima y cuando la muerte es provocada por la conducci\u00f3n imprudente de un veh\u00edculo. \u00bfAh, no? Pero si con el caso de Pablo Garc\u00eda han llenado horas y horas de programas informativos, han invertido litros de tinta y lo han desmenuzado hasta el cansancio en las radios\u2026 \u00bfNo es m\u00e1s impactante la muerte de los tres obreros que esperaban a un compa\u00f1ero para ir a trabajar a la obra y les cay\u00f3 la muerte desde el cielo en manos de un pibe borracho?<\/p>\n<p>Son preguntas subjetivas, es cierto, alguien puede decirme que manejar 17km con un cad\u00e1ver en el asiento de acompa\u00f1ante hasta llegar a un peaje donde denunciar lo ocurrido, es m\u00e1s impactante. En fin, la subjetividad es as\u00ed. No es motivo de estas l\u00edneas abordar la fatalidad intr\u00ednseca de ambos casos, ni culpar ni defender a nadie: ambos conductores alcoholizados sesgaron la vida de inocentes.<\/p>\n<p>Lo que es objetivo es el tratamiento que los medios le dieron a ambos siniestros. Todos sabemos, aunque sea tenemos una idea, de lo que hizo \u201cEl hijo de Aliverti\u201d, pero no es as\u00ed con lo que hizo \u201cel hijo de Barbara Durand y Gian Dolce\u201d. Y eso responde pura y exclusivamente al manejo medi\u00e1tico de la informaci\u00f3n.<\/p>\n<p>Podr\u00edamos caer en se\u00f1alar facilismos, como que Garc\u00eda manejaba un viejo 504 y Dolce una 4&#215;4 y que ese obvio poder econ\u00f3mico puede haber influido en los niveles de exposici\u00f3n p\u00fablica de ambos. Especulaciones. Podemos se\u00f1alar que uno, al ser hijo de un periodista de opini\u00f3n favorable al gobierno, ha sido un pe\u00f3n mas ca\u00eddo en la batalla entre Kirchnerismo y medios hegem\u00f3nicos. Son datos que podr\u00edamos poner en el an\u00e1lisis, pero el dato por excelencia, el excluyente, es el manejo de estos casos por parte de los medios de comunicaci\u00f3n, la administraci\u00f3n de la informaci\u00f3n, donde lo primero que resalta es c\u00f3mo sabemos lo que ellos quieren que sepamos y como desconocemos lo que a ellos les conviene que ignoremos.<\/p>\n","protected":false},"excerpt":{"rendered":"<p>En esta columna ya nos hemos referido con anterioridad al manejo medi\u00e1tico de de las noticias, que pueden ir desde una manipulaci\u00f3n tendenciosa y cuentapropista de la informaci\u00f3n hasta la formulaci\u00f3n de mentiras que no resisten un an\u00e1lisis elemental, invenciones que s\u00f3lo pretenden instalar temas que benefician o perjudican a determinadas personas, pero que no comparten nada con la realidad. [&#8230;]<\/p>\n","protected":false},"author":11,"featured_media":0,"comment_status":"open","ping_status":"open","sticky":false,"template":"","format":"standard","meta":{"_jetpack_newsletter_access":"","_jetpack_dont_email_post_to_subs":false,"_jetpack_newsletter_tier_id":0,"_jetpack_memberships_contains_paywalled_content":false,"_jetpack_memberships_contains_paid_content":false,"footnotes":""},"categories":[64],"tags":[],"class_list":["post-42030","post","type-post","status-publish","format-standard","hentry","category-opinion"],"jetpack_featured_media_url":"","jetpack_shortlink":"https:\/\/wp.me\/p2JWE0-aVU","jetpack-related-posts":[{"id":43499,"url":"https:\/\/www.24baires.com\/?p=43499","url_meta":{"origin":42030,"position":0},"title":"Luego del conflicto en Arba, lanzan una consulta p\u00fablica sobre Ingresos Brutos","author":"Grupo Sierra","date":"08\/04\/2014","format":false,"excerpt":"La Agencia de Recaudaci\u00f3n de la Provincia inform\u00f3 que puso en marcha, a trav\u00e9s de su p\u00e1gina web, una consulta p\u00fablica destinada a contadores, profesionales de Ciencias Econ\u00f3micas y contribuyentes de todo el territorio provincial, para que aporten opiniones y propuestas referidas al nuevo sistema de presentaci\u00f3n de declaraciones juradas\u2026","rel":"","context":"En \u00abEconom\u00eda\u00bb","block_context":{"text":"Econom\u00eda","link":"https:\/\/www.24baires.com\/?cat=45"},"img":{"alt_text":"arba","src":"https:\/\/i0.wp.com\/www.24baires.com\/wp-content\/uploads\/2014\/01\/arba.jpg?resize=350%2C200","width":350,"height":200,"srcset":"https:\/\/i0.wp.com\/www.24baires.com\/wp-content\/uploads\/2014\/01\/arba.jpg?resize=350%2C200 1x, https:\/\/i0.wp.com\/www.24baires.com\/wp-content\/uploads\/2014\/01\/arba.jpg?resize=525%2C300 1.5x"},"classes":[]},{"id":41396,"url":"https:\/\/www.24baires.com\/?p=41396","url_meta":{"origin":42030,"position":1},"title":"Massa empe\u00f1ado: junta firmas y se opone a un proyecto que no existe","author":"Grupo Sierra","date":"02\/03\/2014","format":false,"excerpt":"El diputado dijo que intentar\u00e1 impedir cambios en el C\u00f3digo Penal. Justo antes, la Presidenta hab\u00eda se\u00f1alado que se trataba de un anteproyecto. El diputado del Frente Renovador, Sergio Massa, anunci\u00f3 ayer que el pr\u00f3ximo s\u00e1bado lanzar\u00e1 una campa\u00f1a para juntar firmas con el objetivo de impedir la aplicaci\u00f3n de\u2026","rel":"","context":"En \u00abPol\u00edtica\u00bb","block_context":{"text":"Pol\u00edtica","link":"https:\/\/www.24baires.com\/?cat=51"},"img":{"alt_text":"","src":"","width":0,"height":0},"classes":[]},{"id":42121,"url":"https:\/\/www.24baires.com\/?p=42121","url_meta":{"origin":42030,"position":2},"title":"Zaffaroni se cans\u00f3 y le pidi\u00f3 a Massa que lo saque de su \u00abshow medi\u00e1tico\u00bb","author":"Grupo Sierra","date":"14\/03\/2014","format":false,"excerpt":"El juez de la Corte Suprema le pidi\u00f3 al l\u00edder del Frente Renovador que no lo use para hacer campa\u00f1a electoral. \"Que la pague\", sentenci\u00f3. El juez de la Corte Suprema Eugenio Zaffaroni calific\u00f3 de \"show medi\u00e1tico\" las cr\u00edticas opositoras al anteproyecto de reforma del C\u00f3digo Penal y, en indirecta\u2026","rel":"","context":"En \u00abPol\u00edtica\u00bb","block_context":{"text":"Pol\u00edtica","link":"https:\/\/www.24baires.com\/?cat=51"},"img":{"alt_text":"zaffaroni3","src":"https:\/\/i0.wp.com\/www.24baires.com\/wp-content\/uploads\/2013\/04\/zaffaroni3-300x194.png?resize=350%2C200","width":350,"height":200},"classes":[]},{"id":106920,"url":"https:\/\/www.24baires.com\/?p=106920","url_meta":{"origin":42030,"position":3},"title":"El Gobierno present\u00f3 una ley para meter presos a menores de 15 a\u00f1os","author":"AF","date":"20\/02\/2019","format":false,"excerpt":"La poderosa ministra de Seguridad lo hizo junto al titular de la cartera de Justicia y DD.HH. De aplicarse la norma, un adolescente podr\u00eda pasar 15, 20 o m\u00e1s a\u00f1os dentro de una c\u00e1rcel. Se lo hab\u00eda anotado en la lista de metas para este 2019 y por el momento\u2026","rel":"","context":"En \u00abSociedad\u00bb","block_context":{"text":"Sociedad","link":"https:\/\/www.24baires.com\/?cat=1"},"img":{"alt_text":"","src":"https:\/\/i0.wp.com\/www.24baires.com\/wp-content\/uploads\/2017\/04\/bullrich.jpg?resize=350%2C200","width":350,"height":200,"srcset":"https:\/\/i0.wp.com\/www.24baires.com\/wp-content\/uploads\/2017\/04\/bullrich.jpg?resize=350%2C200 1x, https:\/\/i0.wp.com\/www.24baires.com\/wp-content\/uploads\/2017\/04\/bullrich.jpg?resize=525%2C300 1.5x"},"classes":[]},{"id":95395,"url":"https:\/\/www.24baires.com\/?p=95395","url_meta":{"origin":42030,"position":4},"title":"Buscan el agravamiento de penas por corrupci\u00f3n para funcionarios","author":"AF","date":"23\/06\/2017","format":false,"excerpt":"La comisi\u00f3n conformada por el Poder Ejecutivo para elaborar un anteproyecto de Reforma del C\u00f3digo Penal incorpor\u00f3 a la iniciativa el agravamiento de penas por delitos de corrupci\u00f3n cometidos por funcionarios p\u00fablicos de todos los poderes del Estados, inform\u00f3 el Ministerio de Justicia. La cartera de Justicia detall\u00f3 que la\u2026","rel":"","context":"En \u00abJUDICIALES\u00bb","block_context":{"text":"JUDICIALES","link":"https:\/\/www.24baires.com\/?cat=68"},"img":{"alt_text":"","src":"https:\/\/i0.wp.com\/www.24baires.com\/wp-content\/uploads\/2014\/02\/justicia.jpg?resize=350%2C200","width":350,"height":200,"srcset":"https:\/\/i0.wp.com\/www.24baires.com\/wp-content\/uploads\/2014\/02\/justicia.jpg?resize=350%2C200 1x, https:\/\/i0.wp.com\/www.24baires.com\/wp-content\/uploads\/2014\/02\/justicia.jpg?resize=525%2C300 1.5x"},"classes":[]},{"id":42899,"url":"https:\/\/www.24baires.com\/?p=42899","url_meta":{"origin":42030,"position":5},"title":"Presentaron proyecto para que la seguridad en playas sea un servicio p\u00fablico","author":"GB","date":"27\/03\/2014","format":false,"excerpt":"MAR DEL PLATA-El Sindicato de Guardavidas de Mar del Plata present\u00f3 en las \u00faltimas horas ante el Concejo Deliberante, un anteproyecto de ordenanza para declarar como servicio p\u00fablico la seguridad en playas y a la vez que sean municipalizados todos los Guardavidas. \u201cDesde el Sindicato de Guardavidas y Afines de\u2026","rel":"","context":"En \u00abLocales\u00bb","block_context":{"text":"Locales","link":"https:\/\/www.24baires.com\/?cat=38"},"img":{"alt_text":"sindicato guardavidas","src":"https:\/\/i0.wp.com\/www.24baires.com\/wp-content\/uploads\/2014\/03\/sindicato-guardavidas-300x225.jpg?resize=350%2C200","width":350,"height":200},"classes":[]}],"jetpack_sharing_enabled":true,"jetpack_likes_enabled":true,"_links":{"self":[{"href":"https:\/\/www.24baires.com\/index.php?rest_route=\/wp\/v2\/posts\/42030","targetHints":{"allow":["GET"]}}],"collection":[{"href":"https:\/\/www.24baires.com\/index.php?rest_route=\/wp\/v2\/posts"}],"about":[{"href":"https:\/\/www.24baires.com\/index.php?rest_route=\/wp\/v2\/types\/post"}],"author":[{"embeddable":true,"href":"https:\/\/www.24baires.com\/index.php?rest_route=\/wp\/v2\/users\/11"}],"replies":[{"embeddable":true,"href":"https:\/\/www.24baires.com\/index.php?rest_route=%2Fwp%2Fv2%2Fcomments&post=42030"}],"version-history":[{"count":2,"href":"https:\/\/www.24baires.com\/index.php?rest_route=\/wp\/v2\/posts\/42030\/revisions"}],"predecessor-version":[{"id":42033,"href":"https:\/\/www.24baires.com\/index.php?rest_route=\/wp\/v2\/posts\/42030\/revisions\/42033"}],"wp:attachment":[{"href":"https:\/\/www.24baires.com\/index.php?rest_route=%2Fwp%2Fv2%2Fmedia&parent=42030"}],"wp:term":[{"taxonomy":"category","embeddable":true,"href":"https:\/\/www.24baires.com\/index.php?rest_route=%2Fwp%2Fv2%2Fcategories&post=42030"},{"taxonomy":"post_tag","embeddable":true,"href":"https:\/\/www.24baires.com\/index.php?rest_route=%2Fwp%2Fv2%2Ftags&post=42030"}],"curies":[{"name":"wp","href":"https:\/\/api.w.org\/{rel}","templated":true}]}}