{"id":4196,"date":"2012-11-02T16:12:49","date_gmt":"2012-11-02T19:12:49","guid":{"rendered":"http:\/\/www.24baires.com\/?p=4196"},"modified":"2012-11-02T16:15:40","modified_gmt":"2012-11-02T19:15:40","slug":"tras-la-polemica-bruera-dio-marcha-atras-con-el-cobro-del-peso-de-mas-en-hipermercados","status":"publish","type":"post","link":"https:\/\/www.24baires.com\/?p=4196","title":{"rendered":"Tras la pol\u00e9mica, Bruera dio marcha atr\u00e1s con el cobro del peso de m\u00e1s en hipermercados"},"content":{"rendered":"<p><img data-recalc-dims=\"1\" loading=\"lazy\" decoding=\"async\" class=\"alignleft size-full wp-image-4199\" title=\"bruera\" src=\"https:\/\/i0.wp.com\/www.24baires.com\/wp-content\/uploads\/2012\/11\/bruera.jpg?resize=253%2C190\" alt=\"\" width=\"253\" height=\"190\" \/>El Intendente de La Plata, Pablo Bruera, rechaz\u00f3 la implementaci\u00f3n del cobro de un extra a los clientes de las cadenas de hipermercados, en concepto de adelanto de tasas municipales. La iniciativa hab\u00eda sido impulsada por la Agencia Platense de Recaudaci\u00f3n. La Municipalidad implement\u00f3 una l\u00ednea gratuita para evacuar dudas.<!--more--><\/p>\n<p>Desde el Municipio de La Plata informaron que se dio marcha atr\u00e1s con la implementaci\u00f3n de la resoluci\u00f3n que establec\u00eda el cobro de un peso a los clientes de los grandes supermercados, en concepto de adelanto de tasas municipales.<\/p>\n<p>La decisi\u00f3n de no aplicar la medida fue adoptada por el propio Intendente Pablo Bruera tras la pol\u00e9mica generada por la resoluci\u00f3n que r\u00e1pidamente alcanz\u00f3 difusi\u00f3n a nivel nacional. El ente aut\u00e1rquico Agencia Platense de Resoluci\u00f3n (APR) fue quien hab\u00eda decidido avanzar con su aplicaci\u00f3n.<\/p>\n<p>Junto al veto del Jefe Comunal, el Municipio inform\u00f3 que se puso a disposici\u00f3n de usuarios y vecinos una l\u00ednea gratuita donde se atender\u00e1n dudas y consultas. Se trata del 0800 999 5959.<\/p>\n<p>La medida hab\u00eda generado ya el rechazo de la oposici\u00f3n platense que se manifest\u00f3 en contra de su implementaci\u00f3n.<\/p>\n","protected":false},"excerpt":{"rendered":"<p>El Intendente de La Plata, Pablo Bruera, rechaz\u00f3 la implementaci\u00f3n del cobro de un extra a los clientes de las cadenas de hipermercados, en concepto de adelanto de tasas municipales. La iniciativa hab\u00eda sido impulsada por la Agencia Platense de Recaudaci\u00f3n. La Municipalidad implement\u00f3 una l\u00ednea gratuita para evacuar dudas.<\/p>\n","protected":false},"author":4,"featured_media":0,"comment_status":"open","ping_status":"open","sticky":false,"template":"","format":"standard","meta":{"_jetpack_newsletter_access":"","_jetpack_dont_email_post_to_subs":false,"_jetpack_newsletter_tier_id":0,"_jetpack_memberships_contains_paywalled_content":false,"_jetpack_memberships_contains_paid_content":false,"footnotes":""},"categories":[38],"tags":[],"class_list":["post-4196","post","type-post","status-publish","format-standard","hentry","category-locales"],"jetpack_featured_media_url":"","jetpack_shortlink":"https:\/\/wp.me\/p2JWE0-15G","jetpack-related-posts":[{"id":8355,"url":"https:\/\/www.24baires.com\/?p=8355","url_meta":{"origin":4196,"position":0},"title":"Bruera logr\u00f3 que le aprueben el &#8216;Tarifazo&#8217;","author":"Grupo Sierra","date":"08\/12\/2012","format":false,"excerpt":"LA PLATA - La Asamblea de Mayores Contribuyentes aprob\u00f3 el incremento en todas las tasas municipales, que fue solicitado por el intendente Pablo Bruera. La medida generar\u00e1 mayor presi\u00f3n tributaria en comerciantes y en profesionales que ejercen en La Plata, que ser\u00edan evaluados por caso seg\u00fan le confirmaron a este\u2026","rel":"","context":"En \u00abMunicipios\u00bb","block_context":{"text":"Municipios","link":"https:\/\/www.24baires.com\/?cat=44"},"img":{"alt_text":"","src":"","width":0,"height":0},"classes":[]},{"id":21402,"url":"https:\/\/www.24baires.com\/?p=21402","url_meta":{"origin":4196,"position":1},"title":"18A: \u201cIndignados platenses\u201d coparon Plaza Moreno para pedir \u201cla renuncia de Bruera\u201d","author":"Grupo Sierra","date":"18\/04\/2013","format":false,"excerpt":"Vecinos de distintos barrios de La Plata se concentraron en la puerta del Palacio Municipal para demostrar, una vez m\u00e1s, su descontento con la gesti\u00f3n del intendente Pablo Bruera. 24baires dialog\u00f3 con una representante de los \u201cIndignados Platenses\u201d, quien cont\u00f3 los motivos de su presencia en la protesta. Una multitudinaria\u2026","rel":"","context":"En \u00abPol\u00edtica\u00bb","block_context":{"text":"Pol\u00edtica","link":"https:\/\/www.24baires.com\/?cat=51"},"img":{"alt_text":"bruera 18 A","src":"https:\/\/i0.wp.com\/www.24baires.com\/wp-content\/uploads\/2013\/04\/bruera-18-A.jpg?resize=350%2C200","width":350,"height":200,"srcset":"https:\/\/i0.wp.com\/www.24baires.com\/wp-content\/uploads\/2013\/04\/bruera-18-A.jpg?resize=350%2C200 1x, https:\/\/i0.wp.com\/www.24baires.com\/wp-content\/uploads\/2013\/04\/bruera-18-A.jpg?resize=525%2C300 1.5x"},"classes":[]},{"id":102759,"url":"https:\/\/www.24baires.com\/?p=102759","url_meta":{"origin":4196,"position":2},"title":"Marcha atr\u00e1s de Vidal: suspende la prohibici\u00f3n de cobrar tasas con las facturas de luz","author":"Grupo Sierra","date":"15\/06\/2018","format":false,"excerpt":"La gobernadora Mar\u00eda Eugenia Vidal adelant\u00f3 hoy que postergar\u00e1 hasta fin de a\u00f1o la resoluci\u00f3n del Organismo de Control El\u00e9ctrico provincial (OCEBA) que imped\u00eda a las comunas cobrar tasas en las boletas del servicio el\u00e9ctrico que brindan las distribuidoras comerciales y las cooperativas. La medida hab\u00eda sido establecida en la\u2026","rel":"","context":"En \u00abProvincia\u00bb","block_context":{"text":"Provincia","link":"https:\/\/www.24baires.com\/?cat=40"},"img":{"alt_text":"","src":"https:\/\/i0.wp.com\/www.dib.com.ar\/gestion\/images\/blogmanagement\/noticias\/thumb\/5b22fccfbd41e1529019599.jpg?resize=350%2C200","width":350,"height":200,"srcset":"https:\/\/i0.wp.com\/www.dib.com.ar\/gestion\/images\/blogmanagement\/noticias\/thumb\/5b22fccfbd41e1529019599.jpg?resize=350%2C200 1x, https:\/\/i0.wp.com\/www.dib.com.ar\/gestion\/images\/blogmanagement\/noticias\/thumb\/5b22fccfbd41e1529019599.jpg?resize=525%2C300 1.5x"},"classes":[]},{"id":51067,"url":"https:\/\/www.24baires.com\/?p=51067","url_meta":{"origin":4196,"position":3},"title":"La Plata: pol\u00e9mico tuit envuelve a Bruera en un esc\u00e1ndalo","author":"GB","date":"03\/08\/2014","format":false,"excerpt":"El atropello que ha caracterizado a la gesti\u00f3n municipal de Pablo Bruera volvi\u00f3 a quedar expuesto este fin de semana, cuando Mariano Bruera y su hijo \u2013ambos hinchas de Estudiantes de La Plata- difundieron una fotograf\u00eda que los mostraba en el interior del estadio de Gimnasia: \u201cEn el Bosque, para\u2026","rel":"","context":"En \u00abLocales\u00bb","block_context":{"text":"Locales","link":"https:\/\/www.24baires.com\/?cat=38"},"img":{"alt_text":"tuit bruera","src":"https:\/\/i0.wp.com\/www.24baires.com\/wp-content\/uploads\/2014\/08\/tuit-bruera.jpg?resize=350%2C200","width":350,"height":200,"srcset":"https:\/\/i0.wp.com\/www.24baires.com\/wp-content\/uploads\/2014\/08\/tuit-bruera.jpg?resize=350%2C200 1x, https:\/\/i0.wp.com\/www.24baires.com\/wp-content\/uploads\/2014\/08\/tuit-bruera.jpg?resize=525%2C300 1.5x"},"classes":[]},{"id":33971,"url":"https:\/\/www.24baires.com\/?p=33971","url_meta":{"origin":4196,"position":4},"title":"Destinan $1973 millones para obras hidra\u00falicas en La Plata","author":"AF","date":"23\/10\/2013","format":false,"excerpt":"La Provincia inform\u00f3 que el gobierno nacional comprometi\u00f3 el financiamiento de 1973 millones de pesos para que se concreten en La Plata las grandes obras estructurales necesarias. Por otra parte, el gobierno provincial actualiz\u00f3 la tasa de capitalidad con la capital provincial, que permitir\u00e1 al Ejecutivo platense exceptuar del pago\u2026","rel":"","context":"En \u00abLocales\u00bb","block_context":{"text":"Locales","link":"https:\/\/www.24baires.com\/?cat=38"},"img":{"alt_text":"inundaci\u00f3n kayak","src":"https:\/\/i0.wp.com\/www.24baires.com\/wp-content\/uploads\/2013\/04\/inundaci%C3%B3n-kayak.jpg?resize=350%2C200","width":350,"height":200,"srcset":"https:\/\/i0.wp.com\/www.24baires.com\/wp-content\/uploads\/2013\/04\/inundaci%C3%B3n-kayak.jpg?resize=350%2C200 1x, https:\/\/i0.wp.com\/www.24baires.com\/wp-content\/uploads\/2013\/04\/inundaci%C3%B3n-kayak.jpg?resize=525%2C300 1.5x"},"classes":[]},{"id":49828,"url":"https:\/\/www.24baires.com\/?p=49828","url_meta":{"origin":4196,"position":5},"title":"La Plata y Lan\u00fas se suman a la Polic\u00eda Local","author":"AF","date":"14\/07\/2014","format":false,"excerpt":"El ministro de Seguridad, Alejandro Granados, firm\u00f3 el convenio de adhesi\u00f3n para implementar la Polic\u00eda de Prevenci\u00f3n Local en los municipios de La Plata y Lan\u00fas, junto a los intendentes Pablo Bruera y Dar\u00edo D\u00edaz P\u00e9rez, en la sede de la cartera en la capital provincial. Granados destac\u00f3 la iniciativa\u2026","rel":"","context":"En \u00abLocales\u00bb","block_context":{"text":"Locales","link":"https:\/\/www.24baires.com\/?cat=38"},"img":{"alt_text":"polic\u00eda municipal","src":"https:\/\/i0.wp.com\/www.24baires.com\/wp-content\/uploads\/2014\/07\/polic%C3%ADa-municipal.jpg?resize=350%2C200","width":350,"height":200,"srcset":"https:\/\/i0.wp.com\/www.24baires.com\/wp-content\/uploads\/2014\/07\/polic%C3%ADa-municipal.jpg?resize=350%2C200 1x, https:\/\/i0.wp.com\/www.24baires.com\/wp-content\/uploads\/2014\/07\/polic%C3%ADa-municipal.jpg?resize=525%2C300 1.5x"},"classes":[]}],"jetpack_sharing_enabled":true,"jetpack_likes_enabled":true,"_links":{"self":[{"href":"https:\/\/www.24baires.com\/index.php?rest_route=\/wp\/v2\/posts\/4196","targetHints":{"allow":["GET"]}}],"collection":[{"href":"https:\/\/www.24baires.com\/index.php?rest_route=\/wp\/v2\/posts"}],"about":[{"href":"https:\/\/www.24baires.com\/index.php?rest_route=\/wp\/v2\/types\/post"}],"author":[{"embeddable":true,"href":"https:\/\/www.24baires.com\/index.php?rest_route=\/wp\/v2\/users\/4"}],"replies":[{"embeddable":true,"href":"https:\/\/www.24baires.com\/index.php?rest_route=%2Fwp%2Fv2%2Fcomments&post=4196"}],"version-history":[{"count":3,"href":"https:\/\/www.24baires.com\/index.php?rest_route=\/wp\/v2\/posts\/4196\/revisions"}],"predecessor-version":[{"id":4198,"href":"https:\/\/www.24baires.com\/index.php?rest_route=\/wp\/v2\/posts\/4196\/revisions\/4198"}],"wp:attachment":[{"href":"https:\/\/www.24baires.com\/index.php?rest_route=%2Fwp%2Fv2%2Fmedia&parent=4196"}],"wp:term":[{"taxonomy":"category","embeddable":true,"href":"https:\/\/www.24baires.com\/index.php?rest_route=%2Fwp%2Fv2%2Fcategories&post=4196"},{"taxonomy":"post_tag","embeddable":true,"href":"https:\/\/www.24baires.com\/index.php?rest_route=%2Fwp%2Fv2%2Ftags&post=4196"}],"curies":[{"name":"wp","href":"https:\/\/api.w.org\/{rel}","templated":true}]}}