{"id":4189,"date":"2012-11-02T15:45:55","date_gmt":"2012-11-02T18:45:55","guid":{"rendered":"http:\/\/www.24baires.com\/?p=4189"},"modified":"2012-11-02T15:45:55","modified_gmt":"2012-11-02T18:45:55","slug":"ley-de-enjuiciamiento-una-ley-que-sale-por-unanimidad-nace-fortalecida","status":"publish","type":"post","link":"https:\/\/www.24baires.com\/?p=4189","title":{"rendered":"Ley de Enjuiciamiento: \u201cUna ley que sale por unanimidad, nace fortalecida\u201d"},"content":{"rendered":"<p>La senadora Cristina Fioramonti destac\u00f3 el consenso que obtuvo la reforma de Ley de Enjuiciamiento de Magistrados de la Provincia en los bloques oficialistas y opositores del Senado. La autora de la iniciativa consider\u00f3 que el proyecto, que ahora deber\u00e1 ser votado por la C\u00e1mara baja, es \u201cparte de la transformaci\u00f3n del funcionamiento de la Justicia\u00bb.<!--more--><\/p>\n<p>El proyecto elaborado por Fioramonti permitir\u00e1 agilizar los pasos procesales e incorporar la figura del apartamiento preventivo de los funcionarios judiciales sospechados.<\/p>\n<p>\u00abEn primer lugar me parece que fue muy importante la forma en la que se vot\u00f3 este proyecto, que sin duda tiende a agilizar todos los procedimientos de enjuiciamiento. Por otro lado, el tema de la incorporaci\u00f3n el apartamiento preventivo del funcionario sospechado siempre con el valor probatorio necesario. Sumado a esto, la importancia de ordenamiento puesta en la armon\u00eda de la t\u00e9cnica legislativa que sin duda le va a dar un funcionamiento con mayor agilidad y menor burocracia\u00bb, explic\u00f3 la senadora.<\/p>\n<p>El apartamiento preventivo de los jueces, por 90 d\u00edas, es contemplado en el caso de delitos graves antes de la suspensi\u00f3n por parte de un jury. Tambi\u00e9n se pretende que, una vez presentada una denuncia contra un juez, se fije la primera audiencia en un plazo no superior a los 30 d\u00edas.<\/p>\n<p>Para Fioramonti, \u00abes sumamente importante\u201d que la media sanci\u00f3n del proyecto haya salido \u201ccon mucho consenso por parte de los bloques oficialista y opositor\u201d del senado.<\/p>\n<p>\u201cUna ley que sale por unanimidad nace fortalecida y el fin que tiene es el de avanzar en agilizar el procedimiento de enjuiciamiento a funcionarios judiciales. Se necesita una ley con este apoyo. Creo que lo hemos logrado y eso es lo m\u00e1s interesante\u00bb, agreg\u00f3.<\/p>\n<p>Fioramonti explic\u00f3 que la reforma es \u201cparte de la transformaci\u00f3n del funcionamiento de la Justicia\u00bb y que se \u201cha trabajado, debatido, y se tuvieron en cuenta proyectos de la oposici\u00f3n sobre jury\u201d.<\/p>\n<p>\u201cSe abord\u00f3 muy bien tanto por parte de nuestro bloque como de los dem\u00e1s bloques opositores. Y por supuesto con una decisi\u00f3n muy fuerte del presidente de la C\u00e1mara, Gabriel Mariotto, de que se trate de buscar el mayor consenso posible para que esta ley, sea una ley de toda la C\u00e1mara de Senadores\u201d, afirm\u00f3<\/p>\n","protected":false},"excerpt":{"rendered":"<p>La senadora Cristina Fioramonti destac\u00f3 el consenso que obtuvo la reforma de Ley de Enjuiciamiento de Magistrados de la Provincia en los bloques oficialistas y opositores del Senado. La autora de la iniciativa consider\u00f3 que el proyecto, que ahora deber\u00e1 ser votado por la C\u00e1mara baja, es \u201cparte de la transformaci\u00f3n del funcionamiento de la Justicia\u00bb.<\/p>\n","protected":false},"author":4,"featured_media":0,"comment_status":"open","ping_status":"open","sticky":false,"template":"","format":"standard","meta":{"_jetpack_newsletter_access":"","_jetpack_dont_email_post_to_subs":false,"_jetpack_newsletter_tier_id":0,"_jetpack_memberships_contains_paywalled_content":false,"_jetpack_memberships_contains_paid_content":false,"footnotes":""},"categories":[51],"tags":[],"class_list":["post-4189","post","type-post","status-publish","format-standard","hentry","category-politica"],"jetpack_featured_media_url":"","jetpack_shortlink":"https:\/\/wp.me\/p2JWE0-15z","jetpack-related-posts":[{"id":8955,"url":"https:\/\/www.24baires.com\/?p=8955","url_meta":{"origin":4189,"position":0},"title":"Amplia agenda para la Legislatura bonaerense","author":"AF","date":"13\/12\/2012","format":false,"excerpt":"La C\u00e1mara de Diputados tiene previsto sancionar la creaci\u00f3n del Polo Judicial Avellaneda-Lan\u00fas, la divisi\u00f3n de la Procuraci\u00f3n General y la reforma de la Ley de Enjuiciamiento de Magistrados. En el Senado, en tanto, se debatir\u00e1 el voto joven y la ley que limita las excarcelaciones, entre otros proyectos. Antes\u2026","rel":"","context":"En \u00abPol\u00edtica\u00bb","block_context":{"text":"Pol\u00edtica","link":"https:\/\/www.24baires.com\/?cat=51"},"img":{"alt_text":"","src":"https:\/\/i0.wp.com\/www.24baires.com\/wp-content\/uploads\/2012\/12\/diputados-ba-300x198.jpg?resize=350%2C200","width":350,"height":200},"classes":[]},{"id":3805,"url":"https:\/\/www.24baires.com\/?p=3805","url_meta":{"origin":4189,"position":1},"title":"\u201cEl proyecto de Jury de enjuiciamiento propone una pol\u00edtica distinta para la Provincia\u201d","author":"Grupo Sierra","date":"30\/10\/2012","format":false,"excerpt":"Lo asegur\u00f3 el senador bonaerense, Santiago Carreras, quien se mostr\u00f3 confiado en que ser\u00e1 aprobado esta semana. Asimismo asegur\u00f3 que \u201ctenemos una fuerte expectativa considerando todo el trabajo que viene realizando la C\u00e1mara Alta, con leyes que son tan trascendentales\u201d. El pr\u00f3ximo jueves ser\u00e1 tratado en el Senado el proyecto\u2026","rel":"","context":"En \u00abProvincia\u00bb","block_context":{"text":"Provincia","link":"https:\/\/www.24baires.com\/?cat=40"},"img":{"alt_text":"","src":"https:\/\/i0.wp.com\/www.24baires.com\/wp-content\/uploads\/2012\/10\/carreras-santiago1-300x175.jpg?resize=350%2C200","width":350,"height":200},"classes":[]},{"id":8699,"url":"https:\/\/www.24baires.com\/?p=8699","url_meta":{"origin":4189,"position":2},"title":"Esta semana en la Legislatura se aprobar\u00e1 la Reforma a la Procuraci\u00f3n y la Ley de Jury","author":"Grupo Sierra","date":"11\/12\/2012","format":false,"excerpt":"Con amplio respaldo opositor, la C\u00e1mara de diputados bonaerense convertir\u00e1 en ley los dos proyectos del paquete de reformas judiciales y aprobar\u00e1 la iniciativa para establecer los juicios por jurados. En su \u00faltima sesi\u00f3n del a\u00f1o, la C\u00e1mara de Diputados sancionar\u00e1 el pr\u00f3ximo jueves dos de los proyectos pendientes del\u2026","rel":"","context":"En \u00abProvincia\u00bb","block_context":{"text":"Provincia","link":"https:\/\/www.24baires.com\/?cat=40"},"img":{"alt_text":"","src":"","width":0,"height":0},"classes":[]},{"id":100449,"url":"https:\/\/www.24baires.com\/?p=100449","url_meta":{"origin":4189,"position":3},"title":"El jury inici\u00f3 el proceso de apartamiento preventivo para juez olavarriense","author":"AF","date":"09\/02\/2018","format":false,"excerpt":"El Jurado de Enjuiciamiento decidi\u00f3 ayer por unanimidad la apertura del proceso de apartamiento preventivo del Juez de Familia Claudio Garc\u00eda, titular del Juzgado de Familia N\u00b0 1 de Olavarr\u00eda, denunciado por abuso sexual y laboral. De acuerdo al jury, a esta denuncia se sumaron otras irregularidades en el manejo\u2026","rel":"","context":"En \u00abLocales\u00bb","block_context":{"text":"Locales","link":"https:\/\/www.24baires.com\/?cat=38"},"img":{"alt_text":"","src":"https:\/\/i0.wp.com\/www.24baires.com\/wp-content\/uploads\/2018\/02\/JURY-OLAVARR%C3%8DA.jpg?resize=350%2C200","width":350,"height":200,"srcset":"https:\/\/i0.wp.com\/www.24baires.com\/wp-content\/uploads\/2018\/02\/JURY-OLAVARR%C3%8DA.jpg?resize=350%2C200 1x, https:\/\/i0.wp.com\/www.24baires.com\/wp-content\/uploads\/2018\/02\/JURY-OLAVARR%C3%8DA.jpg?resize=525%2C300 1.5x"},"classes":[]},{"id":3201,"url":"https:\/\/www.24baires.com\/?p=3201","url_meta":{"origin":4189,"position":4},"title":"Ministerio P\u00fablico Fiscal y de la Defensa: se aprob\u00f3 el proyecto para su creaci\u00f3n","author":"AF","date":"25\/10\/2012","format":false,"excerpt":"Se trata de una iniciativa impulsada por los senadores Santiago Carreras y Cristina Fioramonti, que determina la implementaci\u00f3n de un Ministerio P\u00fablico Fiscal y uno de la Defensa. Tambi\u00e9n obtuvo media sanci\u00f3n la creaci\u00f3n del Departamento Judicial Avellaneda-Lan\u00fas y la ampliaci\u00f3n del Departamento Judicial de Lomas de Zamora . El\u2026","rel":"","context":"En \u00abPol\u00edtica\u00bb","block_context":{"text":"Pol\u00edtica","link":"https:\/\/www.24baires.com\/?cat=51"},"img":{"alt_text":"","src":"https:\/\/i0.wp.com\/www.24baires.com\/wp-content\/uploads\/2012\/10\/senado-bonaerense1.jpg?resize=350%2C200","width":350,"height":200,"srcset":"https:\/\/i0.wp.com\/www.24baires.com\/wp-content\/uploads\/2012\/10\/senado-bonaerense1.jpg?resize=350%2C200 1x, https:\/\/i0.wp.com\/www.24baires.com\/wp-content\/uploads\/2012\/10\/senado-bonaerense1.jpg?resize=525%2C300 1.5x"},"classes":[]},{"id":64792,"url":"https:\/\/www.24baires.com\/?p=64792","url_meta":{"origin":4189,"position":5},"title":"Es ley la iniciativa que prev\u00e9 d\u00eda de licencia para realizaci\u00f3n de estudios preventivos para la mujer","author":"GB","date":"23\/04\/2015","format":false,"excerpt":"La Legislatura Provincial convirti\u00f3 en ley el proyecto que establece un d\u00eda de licencia para la realizaci\u00f3n de los estudios de Papanicolaou y radiograf\u00eda o ecograf\u00eda mamaria para empleadas de la administraci\u00f3n p\u00fablica bonaerense. La iniciativa, que fue presentada por la presidenta del bloque de Senadores del FPV-PJ, Cristina Fioramonti,\u2026","rel":"","context":"En \u00abProvincia\u00bb","block_context":{"text":"Provincia","link":"https:\/\/www.24baires.com\/?cat=40"},"img":{"alt_text":"","src":"","width":0,"height":0},"classes":[]}],"jetpack_sharing_enabled":true,"jetpack_likes_enabled":true,"_links":{"self":[{"href":"https:\/\/www.24baires.com\/index.php?rest_route=\/wp\/v2\/posts\/4189","targetHints":{"allow":["GET"]}}],"collection":[{"href":"https:\/\/www.24baires.com\/index.php?rest_route=\/wp\/v2\/posts"}],"about":[{"href":"https:\/\/www.24baires.com\/index.php?rest_route=\/wp\/v2\/types\/post"}],"author":[{"embeddable":true,"href":"https:\/\/www.24baires.com\/index.php?rest_route=\/wp\/v2\/users\/4"}],"replies":[{"embeddable":true,"href":"https:\/\/www.24baires.com\/index.php?rest_route=%2Fwp%2Fv2%2Fcomments&post=4189"}],"version-history":[{"count":2,"href":"https:\/\/www.24baires.com\/index.php?rest_route=\/wp\/v2\/posts\/4189\/revisions"}],"predecessor-version":[{"id":4191,"href":"https:\/\/www.24baires.com\/index.php?rest_route=\/wp\/v2\/posts\/4189\/revisions\/4191"}],"wp:attachment":[{"href":"https:\/\/www.24baires.com\/index.php?rest_route=%2Fwp%2Fv2%2Fmedia&parent=4189"}],"wp:term":[{"taxonomy":"category","embeddable":true,"href":"https:\/\/www.24baires.com\/index.php?rest_route=%2Fwp%2Fv2%2Fcategories&post=4189"},{"taxonomy":"post_tag","embeddable":true,"href":"https:\/\/www.24baires.com\/index.php?rest_route=%2Fwp%2Fv2%2Ftags&post=4189"}],"curies":[{"name":"wp","href":"https:\/\/api.w.org\/{rel}","templated":true}]}}