{"id":41875,"date":"2014-03-10T17:30:31","date_gmt":"2014-03-10T20:30:31","guid":{"rendered":"http:\/\/www.24baires.com\/?p=41875"},"modified":"2014-03-10T17:19:47","modified_gmt":"2014-03-10T20:19:47","slug":"para-volver-a-tener-un-codigo-penal","status":"publish","type":"post","link":"https:\/\/www.24baires.com\/?p=41875","title":{"rendered":"Para volver a tener un C\u00f3digo Penal"},"content":{"rendered":"<p><img data-recalc-dims=\"1\" loading=\"lazy\" decoding=\"async\" class=\"aligncenter size-full wp-image-41876\" alt=\"reforma-codigo-penal_02\" src=\"https:\/\/i0.wp.com\/www.24baires.com\/wp-content\/uploads\/2014\/03\/reforma-codigo-penal_02.jpg?resize=560%2C215\" width=\"560\" height=\"215\" srcset=\"https:\/\/i0.wp.com\/www.24baires.com\/wp-content\/uploads\/2014\/03\/reforma-codigo-penal_02.jpg?w=560&amp;ssl=1 560w, https:\/\/i0.wp.com\/www.24baires.com\/wp-content\/uploads\/2014\/03\/reforma-codigo-penal_02.jpg?resize=300%2C115&amp;ssl=1 300w\" sizes=\"auto, (max-width: 560px) 100vw, 560px\" \/> En 1921 se aprob\u00f3 un C\u00f3digo Penal para todo el pa\u00eds buscando, entre otras cosas, cumplir con la disposici\u00f3n constitucional que exige un compendio de leyes penales que no sea un mero amontonamiento, sino un cuerpo sistem\u00e1tico, unificado y coherente. Desde el momento mismo de su sanci\u00f3n ese c\u00f3digo vio como las sucesivas reformas legislativas lo fueron lentamente destruyendo. <!--more--><\/p>\n<p>Las dictaduras c\u00edvico-militares que sufri\u00f3 el pa\u00eds tuvieron impacto en el sistema punitivo no s\u00f3lo en su forma paralela o subterr\u00e1nea, sino tambi\u00e9n en la legislaci\u00f3n formal. No obstante ello, en el per\u00edodo democr\u00e1tico m\u00e1s largo de los \u00faltimos tiempos, y en gran medida sobre la base de las demandas de la criminolog\u00eda medi\u00e1tica, las reformas penales tambi\u00e9n tuvieron su impacto negativo.<\/p>\n<p>Por fin, las denominadas \u201creformas Blumberg\u201d le asestaron un golpe que provocaron que adquiriera un grado de incoherencia may\u00fasculo.<\/p>\n<p>La situaci\u00f3n en la que hoy nos encontramos es alarmante y desconcertante. Las pretendidas razones de emergencia aceptadas por la pol\u00edtica y fomentada por la criminolog\u00eda medi\u00e1tica, han generado una falta absoluta de proporci\u00f3n entre los bienes jur\u00eddicos afectados y las penas previstas para su lesi\u00f3n.<\/p>\n<p>Rodolfo Moreno (h), mentor e impulsor del C\u00f3digo Penal de 1921, dec\u00eda respecto del c\u00f3digo antes vigente que conten\u00eda preceptos contradictorios, repeticiones innecesarias, omisiones incre\u00edbles, excesos en unos casos y defectos en otros, a\u00f1adiendo que ofrec\u00eda \u201c\u2026m\u00e1s que un conjunto, un amontonamiento de disposiciones que no llenan las necesidades del pa\u00eds ni las imposiciones de su cultura\u201d.<\/p>\n<p>Hoy podemos afirmar que, despu\u00e9s de un siglo de reformas irreflexivas y espasm\u00f3dicas, asociadas a reg\u00edmenes no democr\u00e1ticos o al son de las exigencias de la criminolog\u00eda medi\u00e1tica, han provocado en el C\u00f3digo Penal una destrucci\u00f3n que Moreno (h) jam\u00e1s pudo haber imaginado.<\/p>\n<p>Hace algo menos de ocho a\u00f1os una comisi\u00f3n conformada en el Ministerio de Justicia hab\u00eda elaborado un anteproyecto que devolv\u00eda a la legislaci\u00f3n nacional un verdadero C\u00f3digo Penal. En aquella oportunidad con cr\u00edticas a un \u00fanico tipo penal como excusa, parte de la clase pol\u00edtica dej\u00f3 pasar la oportunidad de encarar esa necesaria tarea.<\/p>\n<p>A comienzos de 2012 la Presidenta volvi\u00f3 a intentar saldar esa deuda. As\u00ed es que dict\u00f3 el decreto n\u00ba 678\/2012 mediante el cual design\u00f3 una comisi\u00f3n tendiente a encarar una reforma integral del C\u00f3digo Penal o, para decirlo de una forma m\u00e1s clara, recuperar la coherencia perdida y con ella al c\u00f3digo que durante m\u00e1s de noventa a\u00f1os, fuimos dejando por el camino.<\/p>\n<p>La comisi\u00f3n cont\u00f3 con participaci\u00f3n de miembros afines a distintos partidos pol\u00edticos, y adem\u00e1s fue presidida por el ministro de la Corte Suprema, Ra\u00fal Zaffaroni. Esta composici\u00f3n plural, parec\u00eda que colaborar\u00eda a su efectivo tratamiento legislativo.<\/p>\n<p>Desde una perspectiva de respeto constitucional por los Derechos Humanos, la creaci\u00f3n de la comisi\u00f3n y el trabajo por ella realizado constituyen una esperanzadora se\u00f1al pol\u00edtica tendiente a revertir el camino de la decodificaci\u00f3n que la impronta medi\u00e1tica y punitiva dieron a este amontonamiento de disposiciones que, s\u00f3lo por costumbre, seguimos llamando \u201cc\u00f3digo\u201d.<\/p>\n<p>Las intervenciones de los expositores en las jornadas sobre reformas legislativas realizadas en Mar del Plata hace apenas unos d\u00edas, tambi\u00e9n fueron alentadoras en tal sentido.<\/p>\n<p>Sin embargo, la ideolog\u00eda punitiva, apartada de las directrices internacionales protectoras de Derechos Humanos, se ha vuelto a hacer presente con fuerza en parte de la clase pol\u00edtica y tambi\u00e9n en algunos sectores de la corporaci\u00f3n judicial.<\/p>\n<p>Lamentablemente asistimos otra vez al viejo escenario que nos presenta parte de una clase pol\u00edtica que s\u00f3lo sopesa r\u00e9ditos pol\u00edticos inmediatos, mezquinos y personales. Asimismo, tambi\u00e9n asistimos a las usuales pr\u00e1cticas judiciales, que buscan en decisiones obligatorias el \u201cacatamiento\u201d y sumisi\u00f3n de las voces cr\u00edticas, propias de las m\u00e1s arraigadas tradiciones de una corporaci\u00f3n cuyos ecos se remontan a los m\u00e1s oscuros siglos de la inquisici\u00f3n.<\/p>\n<p>Es as\u00ed que, con la nueva excusa de la derogaci\u00f3n del ileg\u00edtimo e inconstitucional instituto de la reincidencia -que encubre un peligrosismo racista de fines de siglo XIX- se enarbol\u00f3 la decisi\u00f3n de mantener el alarmante estado de situaci\u00f3n, e incluso de agravarlo.<\/p>\n<p>Ser\u00eda extenso enumerar todas las incre\u00edbles contradicciones que han llevado a que el C\u00f3digo Penal vigente deje en su tapa toda pretensi\u00f3n de cumplir con la promesa de serlo. Basta con destacar que los irreflexivos aumentos de penas se han producido como una respuesta demag\u00f3gica y punitiva desde la agencia legislativa, muchas veces impulsados por un hecho que ha sido relevado con insistencia por los medios masivos de comunicaci\u00f3n.<\/p>\n<p>Nada les ha importado a tales detractores que haya sido la misma Corte Suprema quien haya dicho que es obligaci\u00f3n estatal realizar un adecuado control de convencionalidad, y que la referencia a un hipot\u00e9tico peligros\u00edsimo no tiene cabida en un derecho penal constitucionalmente v\u00e1lido.<br \/>\nEn definitiva, lo que se presentaba como una excelente oportunidad se ha ensombrecido.<\/p>\n<p>Lamentablemente, si aquellas voces logran imponer su cometido, seguiremos teniendo un amontonamiento de normas que no respeta la obligatoriedad de contar con un c\u00f3digo, y que sigue castigando a los m\u00e1s vulnerables.<\/p>\n<p>En tiempos de cambios, los sectores m\u00e1s reaccionarios de la clase pol\u00edtica y del estamento judicial no dudan en mostrar que existe un marcado arraigo con momentos que cre\u00edmos superados de nuestra historia, en particular de nuestras p\u00e1ginas tristes.<\/p>\n<p>Entonces, \u00bfdeberemos resignarmos a una nueva postergaci\u00f3n de la reforma legislativa, por un lado, y a un nuevo avance de la tradici\u00f3n inquisitiva en la esfera judicial, por el otro?. Por supuesto que no es la resignaci\u00f3n la respuesta. Por el contrario, es en estos momentos donde se hace m\u00e1s evidente que la defensa de los Derechos Humanos es una batalla que debe ser ganada todos los d\u00edas.<\/p>\n","protected":false},"excerpt":{"rendered":"<p>En 1921 se aprob\u00f3 un C\u00f3digo Penal para todo el pa\u00eds buscando, entre otras cosas, cumplir con la disposici\u00f3n constitucional que exige un compendio de leyes penales que no sea un mero amontonamiento, sino un cuerpo sistem\u00e1tico, unificado y coherente. Desde el momento mismo de su sanci\u00f3n ese c\u00f3digo vio como las sucesivas reformas legislativas lo fueron lentamente destruyendo.<\/p>\n","protected":false},"author":11,"featured_media":0,"comment_status":"open","ping_status":"open","sticky":false,"template":"","format":"standard","meta":{"_jetpack_newsletter_access":"","_jetpack_dont_email_post_to_subs":false,"_jetpack_newsletter_tier_id":0,"_jetpack_memberships_contains_paywalled_content":false,"_jetpack_memberships_contains_paid_content":false,"footnotes":""},"categories":[64],"tags":[],"class_list":["post-41875","post","type-post","status-publish","format-standard","hentry","category-opinion"],"jetpack_featured_media_url":"","jetpack_shortlink":"https:\/\/wp.me\/p2JWE0-aTp","jetpack-related-posts":[{"id":102860,"url":"https:\/\/www.24baires.com\/?p=102860","url_meta":{"origin":41875,"position":0},"title":"Buscan que los funcionarios condenados por corrupci\u00f3n tengan penas m\u00e1s duras","author":"GB","date":"19\/06\/2018","format":false,"excerpt":"Macri enviar\u00e1 al Congreso la reforma al C\u00f3digo Penal que agrava las penas actuales. Pero no se pueden aplicar para las causas que ya est\u00e1n en tr\u00e1mite Los funcionarios del actual gobierno nacional de Mauricio Macri y de los que lo sucedan tendr\u00e1n m\u00e1s penas que las actuales en el\u2026","rel":"","context":"En \u00abPol\u00edtica\u00bb","block_context":{"text":"Pol\u00edtica","link":"https:\/\/www.24baires.com\/?cat=51"},"img":{"alt_text":"","src":"https:\/\/i0.wp.com\/www.24baires.com\/wp-content\/uploads\/2018\/05\/macri-olivos.jpg?resize=350%2C200","width":350,"height":200,"srcset":"https:\/\/i0.wp.com\/www.24baires.com\/wp-content\/uploads\/2018\/05\/macri-olivos.jpg?resize=350%2C200 1x, https:\/\/i0.wp.com\/www.24baires.com\/wp-content\/uploads\/2018\/05\/macri-olivos.jpg?resize=525%2C300 1.5x"},"classes":[]},{"id":103970,"url":"https:\/\/www.24baires.com\/?p=103970","url_meta":{"origin":41875,"position":1},"title":"El Gobierno paus\u00f3 la reforma del C\u00f3digo Penal","author":"AF","date":"18\/08\/2018","format":false,"excerpt":"Una vez clavados los frenos con la reforma del C\u00f3digo Penal para eliminar la pena de prisi\u00f3n de las mujeres que se practican un aborto, el Gobierno nacional insistir\u00e1 en avanzar con otros temas sobre violencia de g\u00e9nero, portaci\u00f3n de armas y la vigilancia electr\u00f3nica de condenados por violaci\u00f3n que\u2026","rel":"","context":"En \u00abPol\u00edtica\u00bb","block_context":{"text":"Pol\u00edtica","link":"https:\/\/www.24baires.com\/?cat=51"},"img":{"alt_text":"","src":"https:\/\/i0.wp.com\/www.24baires.com\/wp-content\/uploads\/2014\/12\/c%C3%B3digo.jpg?resize=350%2C200","width":350,"height":200,"srcset":"https:\/\/i0.wp.com\/www.24baires.com\/wp-content\/uploads\/2014\/12\/c%C3%B3digo.jpg?resize=350%2C200 1x, https:\/\/i0.wp.com\/www.24baires.com\/wp-content\/uploads\/2014\/12\/c%C3%B3digo.jpg?resize=525%2C300 1.5x"},"classes":[]},{"id":103774,"url":"https:\/\/www.24baires.com\/?p=103774","url_meta":{"origin":41875,"position":2},"title":"El Gobierno eval\u00faa despenalizar el aborto en el C\u00f3digo Penal","author":"GB","date":"09\/08\/2018","format":false,"excerpt":"Macri presentar\u00e1 las modificaciones al C\u00f3digo este mes y, luego de que el Senado le dijera \"no\" a la aprobaci\u00f3n, analizan quitarle la penalizaci\u00f3n a las mujeres que abortan Tras el rechazo al aborto legal en el Senado, el Gobierno eval\u00faa impulsar la despenalizaci\u00f3n de la mujer en la interrupci\u00f3n\u2026","rel":"","context":"En \u00abPol\u00edtica\u00bb","block_context":{"text":"Pol\u00edtica","link":"https:\/\/www.24baires.com\/?cat=51"},"img":{"alt_text":"","src":"https:\/\/i0.wp.com\/www.24baires.com\/wp-content\/uploads\/2017\/04\/macri-gabinete.jpg?resize=350%2C200","width":350,"height":200,"srcset":"https:\/\/i0.wp.com\/www.24baires.com\/wp-content\/uploads\/2017\/04\/macri-gabinete.jpg?resize=350%2C200 1x, https:\/\/i0.wp.com\/www.24baires.com\/wp-content\/uploads\/2017\/04\/macri-gabinete.jpg?resize=525%2C300 1.5x"},"classes":[]},{"id":41783,"url":"https:\/\/www.24baires.com\/?p=41783","url_meta":{"origin":41875,"position":3},"title":"Rozanski: \u00abLos que critican la reforma del c\u00f3digo penal s\u00f3lo quieren votos\u00bb","author":"Grupo Sierra","date":"08\/03\/2014","format":false,"excerpt":"El juez federal de La Plata, Carlos Rozanski, afirm\u00f3 que \"muchos de los que critican la reforma del c\u00f3digo penal no s\u00f3lo no saben en qu\u00e9 consiste sino que no les importa\" y cuestion\u00f3 la intenci\u00f3n de \"instalar una discusi\u00f3n sensible para la mayor\u00eda de la gente para obtener votos\".\u2026","rel":"","context":"En \u00abPol\u00edtica\u00bb","block_context":{"text":"Pol\u00edtica","link":"https:\/\/www.24baires.com\/?cat=51"},"img":{"alt_text":"rozansky","src":"https:\/\/i0.wp.com\/www.24baires.com\/wp-content\/uploads\/2012\/12\/rozansky.jpg?resize=350%2C200","width":350,"height":200,"srcset":"https:\/\/i0.wp.com\/www.24baires.com\/wp-content\/uploads\/2012\/12\/rozansky.jpg?resize=350%2C200 1x, https:\/\/i0.wp.com\/www.24baires.com\/wp-content\/uploads\/2012\/12\/rozansky.jpg?resize=525%2C300 1.5x"},"classes":[]},{"id":42244,"url":"https:\/\/www.24baires.com\/?p=42244","url_meta":{"origin":41875,"position":4},"title":"El Presidente de la Suprema Corte provincial respald\u00f3 la reforma del C\u00f3digo Penal","author":"Grupo Sierra","date":"16\/03\/2014","format":false,"excerpt":"El presidente de la Suprema Corte de Justicia dijo no tener \u201cla menor duda\u201d de que debe ser modificado el C\u00f3digo Penal, pero debe ser \u201cconstruido con prudencia\u201d. Pidi\u00f3 \u201ctener mucho cuidado con los ex\u00e1menes fragmentarios\u201d porque el C\u00f3digo \u201ces una unidad\u201d. Tambi\u00e9n analiz\u00f3 el tema de las penas. El\u2026","rel":"","context":"En \u00abPol\u00edtica\u00bb","block_context":{"text":"Pol\u00edtica","link":"https:\/\/www.24baires.com\/?cat=51"},"img":{"alt_text":"negri corte suprema","src":"https:\/\/i0.wp.com\/www.24baires.com\/wp-content\/uploads\/2014\/03\/negri-corte-suprema.jpg?resize=350%2C200","width":350,"height":200,"srcset":"https:\/\/i0.wp.com\/www.24baires.com\/wp-content\/uploads\/2014\/03\/negri-corte-suprema.jpg?resize=350%2C200 1x, https:\/\/i0.wp.com\/www.24baires.com\/wp-content\/uploads\/2014\/03\/negri-corte-suprema.jpg?resize=525%2C300 1.5x"},"classes":[]},{"id":101547,"url":"https:\/\/www.24baires.com\/?p=101547","url_meta":{"origin":41875,"position":5},"title":"\u00abNo podemos tener un Estado que mira para otro lado cuando en la Justicia pasan cosas injustas\u00bb","author":"GB","date":"11\/04\/2018","format":false,"excerpt":"La gobernadora Mar\u00eda Eugenia Vidal anunci\u00f3 la reforma judicial. Los cambios se centran en la elecci\u00f3n de jueces y fiscales, el proceso de jury de enjuiciamiento y un nuevo c\u00f3digo procesal penal. Adem\u00e1s present\u00f3 el mapa judicial La gorbernadora Maria Eugenia Vidal present\u00f3 la reforma judicial:\"No podemos tener un estado\u2026","rel":"","context":"En \u00abPol\u00edtica\u00bb","block_context":{"text":"Pol\u00edtica","link":"https:\/\/www.24baires.com\/?cat=51"},"img":{"alt_text":"","src":"https:\/\/i0.wp.com\/www.24baires.com\/wp-content\/uploads\/2018\/01\/vidal-anuncios.jpg?resize=350%2C200","width":350,"height":200,"srcset":"https:\/\/i0.wp.com\/www.24baires.com\/wp-content\/uploads\/2018\/01\/vidal-anuncios.jpg?resize=350%2C200 1x, https:\/\/i0.wp.com\/www.24baires.com\/wp-content\/uploads\/2018\/01\/vidal-anuncios.jpg?resize=525%2C300 1.5x"},"classes":[]}],"jetpack_sharing_enabled":true,"jetpack_likes_enabled":true,"_links":{"self":[{"href":"https:\/\/www.24baires.com\/index.php?rest_route=\/wp\/v2\/posts\/41875","targetHints":{"allow":["GET"]}}],"collection":[{"href":"https:\/\/www.24baires.com\/index.php?rest_route=\/wp\/v2\/posts"}],"about":[{"href":"https:\/\/www.24baires.com\/index.php?rest_route=\/wp\/v2\/types\/post"}],"author":[{"embeddable":true,"href":"https:\/\/www.24baires.com\/index.php?rest_route=\/wp\/v2\/users\/11"}],"replies":[{"embeddable":true,"href":"https:\/\/www.24baires.com\/index.php?rest_route=%2Fwp%2Fv2%2Fcomments&post=41875"}],"version-history":[{"count":1,"href":"https:\/\/www.24baires.com\/index.php?rest_route=\/wp\/v2\/posts\/41875\/revisions"}],"predecessor-version":[{"id":41877,"href":"https:\/\/www.24baires.com\/index.php?rest_route=\/wp\/v2\/posts\/41875\/revisions\/41877"}],"wp:attachment":[{"href":"https:\/\/www.24baires.com\/index.php?rest_route=%2Fwp%2Fv2%2Fmedia&parent=41875"}],"wp:term":[{"taxonomy":"category","embeddable":true,"href":"https:\/\/www.24baires.com\/index.php?rest_route=%2Fwp%2Fv2%2Fcategories&post=41875"},{"taxonomy":"post_tag","embeddable":true,"href":"https:\/\/www.24baires.com\/index.php?rest_route=%2Fwp%2Fv2%2Ftags&post=41875"}],"curies":[{"name":"wp","href":"https:\/\/api.w.org\/{rel}","templated":true}]}}