{"id":4179,"date":"2012-11-02T14:50:53","date_gmt":"2012-11-02T17:50:53","guid":{"rendered":"http:\/\/www.24baires.com\/?p=4179"},"modified":"2012-11-02T14:59:47","modified_gmt":"2012-11-02T17:59:47","slug":"moyano-con-barrionuevo-compartimos-muchas-cosas-de-lo-que-esta-reclamando-la-inmensa-mayoria-de-la-sociedad","status":"publish","type":"post","link":"https:\/\/www.24baires.com\/?p=4179","title":{"rendered":"Moyano: con Barrionuevo \u00abcompartimos muchas cosas de lo que est\u00e1 reclamando la inmensa mayor\u00eda de la sociedad\u00bb"},"content":{"rendered":"<p><img data-recalc-dims=\"1\" loading=\"lazy\" decoding=\"async\" class=\"alignleft size-medium wp-image-4180\" title=\"moyano2\" src=\"https:\/\/i0.wp.com\/www.24baires.com\/wp-content\/uploads\/2012\/11\/moyano2.jpg?resize=300%2C187\" alt=\"\" width=\"300\" height=\"187\" srcset=\"https:\/\/i0.wp.com\/www.24baires.com\/wp-content\/uploads\/2012\/11\/moyano2.jpg?resize=300%2C187&amp;ssl=1 300w, https:\/\/i0.wp.com\/www.24baires.com\/wp-content\/uploads\/2012\/11\/moyano2.jpg?w=320&amp;ssl=1 320w\" sizes=\"auto, (max-width: 300px) 100vw, 300px\" \/>De cara a los comicios del pr\u00f3ximo a\u00f1o, el jefe de la CGT opositora dio a entender que no ser\u00e1 candidato. \u201cA m\u00ed no me seduce el ser legislador, no me encuentro, soy un tipo ejecutivo\u201d, recalc\u00f3. Tambi\u00e9n se refiri\u00f3 al acercamiento a la central obrera que conduce Luis Barrionuevo.<!--more--><\/p>\n<p>El titular de la CGT opositora al gobierno nacional, Hugo Moyano, se refiri\u00f3 a las pr\u00f3ximas elecciones y se\u00f1al\u00f3 que no lo \u201cseduce\u201d el trabajo legislativo.<\/p>\n<p>\u201cA m\u00ed no me seduce el ser legislador, no me encuentro, soy un tipo ejecutivo\u201d, manifest\u00f3 en declaraciones radiales.<\/p>\n<p>Tambi\u00e9n asegur\u00f3 que \u201ctiene di\u00e1logo con algunos gobernadores peronistas\u201d pero evit\u00f3 dar nombres. \u201cCuando el Gobierno toma un enemigo trata de destruirlo, por m\u00e1s de que perjudique a los que representa. Trato de no comprometer a nadie\u201d, justific\u00f3.<\/p>\n<p>En tanto, resalt\u00f3 la recomposici\u00f3n de la reelecci\u00f3n con Luis Barrionuevo luego de que el titular de la CGT Azul y Blanca participara junto a Pablo Moyano de la marcha que se realiz\u00f3 el jueves en rechazo de la ley de ART y por los fondos de las obras sociales.<\/p>\n<p>\u00abNos conocemos hace muchos a\u00f1os, compartimos muchas cosas de lo que est\u00e1 reclamando la inmensa mayor\u00eda de la sociedad\u201d, subray\u00f3.<\/p>\n","protected":false},"excerpt":{"rendered":"<p>De cara a los comicios del pr\u00f3ximo a\u00f1o, el jefe de la CGT opositora dio a entender que no ser\u00e1 candidato. \u201cA m\u00ed no me seduce el ser legislador, no me encuentro, soy un tipo ejecutivo\u201d, recalc\u00f3. Tambi\u00e9n se refiri\u00f3 al acercamiento a la central obrera que conduce Luis Barrionuevo.<\/p>\n","protected":false},"author":4,"featured_media":0,"comment_status":"open","ping_status":"open","sticky":false,"template":"","format":"standard","meta":{"_jetpack_newsletter_access":"","_jetpack_dont_email_post_to_subs":false,"_jetpack_newsletter_tier_id":0,"_jetpack_memberships_contains_paywalled_content":false,"_jetpack_memberships_contains_paid_content":false,"footnotes":""},"categories":[51],"tags":[],"class_list":["post-4179","post","type-post","status-publish","format-standard","hentry","category-politica"],"jetpack_featured_media_url":"","jetpack_shortlink":"https:\/\/wp.me\/p2JWE0-15p","jetpack-related-posts":[{"id":100576,"url":"https:\/\/www.24baires.com\/?p=100576","url_meta":{"origin":4179,"position":0},"title":"Schmid admiti\u00f3 el quiebre en la conducci\u00f3n de la CGT","author":"AF","date":"16\/02\/2018","format":false,"excerpt":"El dirigente sindical y triunviro de la CGT sostuvo que \u201chay que barajar y dar de nuevo\" respecto a la conducci\u00f3n colegiada, aunque se\u00f1al\u00f3 que el hecho de que haya un solo secretario general no resolver\u00e1 las internas. \"Si tomamos decisiones en el colectivo y despu\u00e9s las desconocemos, estamos con\u2026","rel":"","context":"En \u00abLocales\u00bb","block_context":{"text":"Locales","link":"https:\/\/www.24baires.com\/?cat=38"},"img":{"alt_text":"","src":"https:\/\/i0.wp.com\/www.24baires.com\/wp-content\/uploads\/2017\/10\/reunion-cgt.jpg?resize=350%2C200","width":350,"height":200,"srcset":"https:\/\/i0.wp.com\/www.24baires.com\/wp-content\/uploads\/2017\/10\/reunion-cgt.jpg?resize=350%2C200 1x, https:\/\/i0.wp.com\/www.24baires.com\/wp-content\/uploads\/2017\/10\/reunion-cgt.jpg?resize=525%2C300 1.5x"},"classes":[]},{"id":100523,"url":"https:\/\/www.24baires.com\/?p=100523","url_meta":{"origin":4179,"position":1},"title":"Barrionuevo confirm\u00f3 que se baja de la marcha del 21","author":"AF","date":"14\/02\/2018","format":false,"excerpt":"\"Se mezcl\u00f3 todo\", argument\u00f3 el titular de gremio gastron\u00f3mico, Luis Barrionuevo, para dar un paso al costado de la marcha convocada por Camioneros para el 21 de febrero. El sindicalista se\u00f1al\u00f3 que se trata de \"una pelea personal\" entre Moyano y el presidente Mauricio Macri, aunque esa disputa ya estaba\u2026","rel":"","context":"En \u00abSociedad\u00bb","block_context":{"text":"Sociedad","link":"https:\/\/www.24baires.com\/?cat=1"},"img":{"alt_text":"","src":"https:\/\/i0.wp.com\/www.24baires.com\/wp-content\/uploads\/2014\/08\/barrionuevo-moyano.jpg?resize=350%2C200","width":350,"height":200,"srcset":"https:\/\/i0.wp.com\/www.24baires.com\/wp-content\/uploads\/2014\/08\/barrionuevo-moyano.jpg?resize=350%2C200 1x, https:\/\/i0.wp.com\/www.24baires.com\/wp-content\/uploads\/2014\/08\/barrionuevo-moyano.jpg?resize=525%2C300 1.5x"},"classes":[]},{"id":56250,"url":"https:\/\/www.24baires.com\/?p=56250","url_meta":{"origin":4179,"position":2},"title":"La UCR se acerca a la dupla Barrionuevo-Moyano","author":"Grupo Sierra","date":"29\/10\/2014","format":false,"excerpt":"Los dirigentes sindicales, Hugo Moyano (CGT-Azopardo) y Luis Barrionuevo (CGT-Azul y Blanca) participar\u00e1n de la asunci\u00f3n de las nuevas autoridades de la Organizaci\u00f3n de Trabajadores Radicales (OTR), dieron una muestra m\u00e1s de las \"afianzadas\" relaciones que mantiene el centenario partido con los gremialistas opositores. Moyano y Barrionuevo visitar\u00e1n el Comit\u00e9\u2026","rel":"","context":"En \u00abPol\u00edtica\u00bb","block_context":{"text":"Pol\u00edtica","link":"https:\/\/www.24baires.com\/?cat=51"},"img":{"alt_text":"barrionuevo moyano","src":"https:\/\/i0.wp.com\/www.24baires.com\/wp-content\/uploads\/2014\/08\/barrionuevo-moyano.jpg?resize=350%2C200","width":350,"height":200,"srcset":"https:\/\/i0.wp.com\/www.24baires.com\/wp-content\/uploads\/2014\/08\/barrionuevo-moyano.jpg?resize=350%2C200 1x, https:\/\/i0.wp.com\/www.24baires.com\/wp-content\/uploads\/2014\/08\/barrionuevo-moyano.jpg?resize=525%2C300 1.5x"},"classes":[]},{"id":52478,"url":"https:\/\/www.24baires.com\/?p=52478","url_meta":{"origin":4179,"position":3},"title":"Moyano advirti\u00f3 que no podr\u00e1 evitar los piquetes el jueves","author":"AF","date":"26\/08\/2014","format":false,"excerpt":"El titular de la CGT Azopardo, Hugo Moyano, se refiri\u00f3 a la negativa de la UTA de adherir al paro, y sostuvo que \"igual van a parar, porque son los que sufren la violencia\". Sobre los piquetes, manifest\u00f3 que \"no pueden evitarlos porque le dan argumentos falsos al Gobierno para\u2026","rel":"","context":"En \u00abSociedad\u00bb","block_context":{"text":"Sociedad","link":"https:\/\/www.24baires.com\/?cat=1"},"img":{"alt_text":"moyano","src":"https:\/\/i0.wp.com\/www.24baires.com\/wp-content\/uploads\/2012\/10\/moyano.jpg?resize=350%2C200","width":350,"height":200,"srcset":"https:\/\/i0.wp.com\/www.24baires.com\/wp-content\/uploads\/2012\/10\/moyano.jpg?resize=350%2C200 1x, https:\/\/i0.wp.com\/www.24baires.com\/wp-content\/uploads\/2012\/10\/moyano.jpg?resize=525%2C300 1.5x"},"classes":[]},{"id":52178,"url":"https:\/\/www.24baires.com\/?p=52178","url_meta":{"origin":4179,"position":4},"title":"Moyano y Barrionuevo reaparecen en escena con el paro del 28","author":"Grupo Sierra","date":"20\/08\/2014","format":false,"excerpt":"Los l\u00edderes de la CGT opositora y de la CGT Azul y Blanca anunciaron hoy que la huelga general se realizar\u00e1 el pr\u00f3ximo jueves. El titular de la CGT opositora, Hugo Moyano, y el de la CGT Azul y Blanca, Luis Barrionuevo, confirmaron hoy que el pr\u00f3ximo paro general conjunto\u2026","rel":"","context":"En \u00abPol\u00edtica\u00bb","block_context":{"text":"Pol\u00edtica","link":"https:\/\/www.24baires.com\/?cat=51"},"img":{"alt_text":"asado moyano-barrionuevo","src":"https:\/\/i0.wp.com\/www.24baires.com\/wp-content\/uploads\/2014\/01\/asado-moyano-barrionuevo.jpg?resize=350%2C200","width":350,"height":200,"srcset":"https:\/\/i0.wp.com\/www.24baires.com\/wp-content\/uploads\/2014\/01\/asado-moyano-barrionuevo.jpg?resize=350%2C200 1x, https:\/\/i0.wp.com\/www.24baires.com\/wp-content\/uploads\/2014\/01\/asado-moyano-barrionuevo.jpg?resize=525%2C300 1.5x"},"classes":[]},{"id":52417,"url":"https:\/\/www.24baires.com\/?p=52417","url_meta":{"origin":4179,"position":5},"title":"Scioli critic\u00f3 el paro de la CGT y pidi\u00f3 \u00abracionalidad\u00bb","author":"GB","date":"25\/08\/2014","format":false,"excerpt":"El gobernador bonaerense consider\u00f3 que es momento de \"cuidar el empleo y la actividad econ\u00f3mica\" y rechaz\u00f3 la medida de fuerza convocada por la CGT opositora de Luis Barrionuevo y Hugo Moyano. Durante un acto de inauguraci\u00f3n de las instalaciones de la guardia del Hospital Mart\u00ednez de Tigre, el mandatario\u2026","rel":"","context":"En \u00abPol\u00edtica\u00bb","block_context":{"text":"Pol\u00edtica","link":"https:\/\/www.24baires.com\/?cat=51"},"img":{"alt_text":"scioli prensa","src":"https:\/\/i0.wp.com\/www.24baires.com\/wp-content\/uploads\/2013\/11\/scioli-prensa.jpg?resize=350%2C200","width":350,"height":200,"srcset":"https:\/\/i0.wp.com\/www.24baires.com\/wp-content\/uploads\/2013\/11\/scioli-prensa.jpg?resize=350%2C200 1x, https:\/\/i0.wp.com\/www.24baires.com\/wp-content\/uploads\/2013\/11\/scioli-prensa.jpg?resize=525%2C300 1.5x"},"classes":[]}],"jetpack_sharing_enabled":true,"jetpack_likes_enabled":true,"_links":{"self":[{"href":"https:\/\/www.24baires.com\/index.php?rest_route=\/wp\/v2\/posts\/4179","targetHints":{"allow":["GET"]}}],"collection":[{"href":"https:\/\/www.24baires.com\/index.php?rest_route=\/wp\/v2\/posts"}],"about":[{"href":"https:\/\/www.24baires.com\/index.php?rest_route=\/wp\/v2\/types\/post"}],"author":[{"embeddable":true,"href":"https:\/\/www.24baires.com\/index.php?rest_route=\/wp\/v2\/users\/4"}],"replies":[{"embeddable":true,"href":"https:\/\/www.24baires.com\/index.php?rest_route=%2Fwp%2Fv2%2Fcomments&post=4179"}],"version-history":[{"count":3,"href":"https:\/\/www.24baires.com\/index.php?rest_route=\/wp\/v2\/posts\/4179\/revisions"}],"predecessor-version":[{"id":4183,"href":"https:\/\/www.24baires.com\/index.php?rest_route=\/wp\/v2\/posts\/4179\/revisions\/4183"}],"wp:attachment":[{"href":"https:\/\/www.24baires.com\/index.php?rest_route=%2Fwp%2Fv2%2Fmedia&parent=4179"}],"wp:term":[{"taxonomy":"category","embeddable":true,"href":"https:\/\/www.24baires.com\/index.php?rest_route=%2Fwp%2Fv2%2Fcategories&post=4179"},{"taxonomy":"post_tag","embeddable":true,"href":"https:\/\/www.24baires.com\/index.php?rest_route=%2Fwp%2Fv2%2Ftags&post=4179"}],"curies":[{"name":"wp","href":"https:\/\/api.w.org\/{rel}","templated":true}]}}