{"id":4176,"date":"2012-11-02T14:52:08","date_gmt":"2012-11-02T17:52:08","guid":{"rendered":"http:\/\/www.24baires.com\/?p=4176"},"modified":"2012-11-02T14:52:08","modified_gmt":"2012-11-02T17:52:08","slug":"mas-de-60-municipios-bonaerenses-se-presentaran-en-la-17o-feria-internacional-de-turismo-de-america-latina","status":"publish","type":"post","link":"https:\/\/www.24baires.com\/?p=4176","title":{"rendered":"M\u00e1s de 60 municipios bonaerenses se presentar\u00e1n en la 17\u00ba Feria Internacional de Turismo de Am\u00e9rica Latina"},"content":{"rendered":"<p>La Secretar\u00eda de Turismo de la Provincia, a cargo de Ignacio Crotto, estar\u00e1 presente en la Feria Internacional de Turismo (FIT), que abrir\u00e1 sus puertas del 3 al 6 de noviembre, y har\u00e1 su presentaci\u00f3n oficial este viernes, con m\u00e1s de 1850 expositores de 50 pa\u00edses.<br \/>\nEl titular de la cartera tur\u00edstica asistir\u00e1 al acto de apertura de la FIT, que se realizar\u00e1 este viernes a las 19.<!--more--><br \/>\nEl stand de la provincia de Buenos Aires se ubicar\u00e1 en el Pabell\u00f3n Azul del predio de La Rural, con la participaci\u00f3n de m\u00e1s de 60 municipios que promocionar\u00e1n sus atractivos tur\u00edsticos.<br \/>\nParticipar\u00e1n Adolfo Alsina; Azul; Balcarce; Baradero; Benito Ju\u00e1rez; Berazategui; Brandsen; Campana; Ca\u00f1uelas; Capit\u00e1n Sarmiento; Carmen de Areco; Chascom\u00fas; Coronel Dorrego; Coronel Rosales; Coronel Suarez; Dolores; Escobar; Esteban Echeverr\u00eda; Exaltaci\u00f3n de la Cruz; Florencio Varela; General Alvarado; General Belgrano; General Paz; General Viamonte; y Guamin\u00ed.<br \/>\nAdem\u00e1s estar\u00e1n Jun\u00edn; Partido de la Costa; La Plata; Laprida; Las Flores; Lezama; Lober\u00eda; Lobos; Lujan; Maip\u00fa; Mar Chiquita; Marcos Paz; San Miguel del Monte; Monte Hermoso; Necochea; Olavarr\u00eda; Patagones; Pilar; Pinamar; Pu\u00e1n; Punta Indio; Ramallo; Roque P\u00e9rez; San Antonio de Areco; San Nicol\u00e1s; San Pedro; San Vicente; Tandil; Tapalqu\u00e9; Tornquist; Tres Arroyos; 25 de Mayo; Vicente L\u00f3pez; Villa Gesell; Villarino y Z\u00e1rate.<br \/>\nLos municipios de La Plata, Villarino y los Pueblos Tur\u00edsticos, incluidos en el Programa de la Secretar\u00eda, llevar\u00e1n adelante degustaciones de productos t\u00edpicos.<br \/>\nEn tanto, este s\u00e1bado se realizar\u00e1 el corte de cintas a las 14. El horario para el p\u00fablico en general ser\u00e1 ma\u00f1ana y el domingo de 15 a 22, y para profesionales lunes y martes de 10 a 19.<br \/>\nLa exposici\u00f3n tendr\u00e1 una superficie de 42.600 metros cuadrados, en los que espera recibir m\u00e1s visitantes que el a\u00f1o pasado, cuando asistieron 91.488 personas entre profesionales del turismo y p\u00fablico en general.<br \/>\nEntre los expositores, habr\u00e1 mayoristas, tour operadores, compa\u00f1\u00edas de transporte,empresas de hoteler\u00eda, instituciones educativas, firmas especializadas en turismo de segmentos y eventos, organismos oficiales de turismo, agencias de viaje y medios de comunicaci\u00f3n.<\/p>\n","protected":false},"excerpt":{"rendered":"<p>La Secretar\u00eda de Turismo de la Provincia, a cargo de Ignacio Crotto, estar\u00e1 presente en la Feria Internacional de Turismo (FIT), que abrir\u00e1 sus puertas del 3 al 6 de noviembre, y har\u00e1 su presentaci\u00f3n oficial este viernes, con m\u00e1s de 1850 expositores de 50 pa\u00edses. El titular de la cartera tur\u00edstica asistir\u00e1 al acto de apertura de la FIT, [&#8230;]<\/p>\n","protected":false},"author":4,"featured_media":0,"comment_status":"open","ping_status":"open","sticky":false,"template":"","format":"standard","meta":{"_jetpack_newsletter_access":"","_jetpack_dont_email_post_to_subs":false,"_jetpack_newsletter_tier_id":0,"_jetpack_memberships_contains_paywalled_content":false,"_jetpack_memberships_contains_paid_content":false,"footnotes":""},"categories":[1],"tags":[],"class_list":["post-4176","post","type-post","status-publish","format-standard","hentry","category-sociedad"],"jetpack_featured_media_url":"","jetpack_shortlink":"https:\/\/wp.me\/p2JWE0-15m","jetpack-related-posts":[{"id":31956,"url":"https:\/\/www.24baires.com\/?p=31956","url_meta":{"origin":4176,"position":0},"title":"La Provincia participa en la Feria Internacional de Turismo en La Rural","author":"AF","date":"16\/09\/2013","format":false,"excerpt":"En la ceremonia de apertura estuvieron los gobernadores de Buenos Aires, Misiones y Chubut junto al ministro de Turismo de la Naci\u00f3n. La Secretar\u00eda de Turismo bonaerense participa desde hoy hasta el 17 de septiembre de la Feria Internacional de Turismo en el predio de La Rural de Palermo, con\u2026","rel":"","context":"En \u00abProvincia\u00bb","block_context":{"text":"Provincia","link":"https:\/\/www.24baires.com\/?cat=40"},"img":{"alt_text":"","src":"","width":0,"height":0},"classes":[]},{"id":55749,"url":"https:\/\/www.24baires.com\/?p=55749","url_meta":{"origin":4176,"position":1},"title":"Varios destinos de la Provincia se presentar\u00e1n en la Feria Internacional de Turismo","author":"AF","date":"21\/10\/2014","format":false,"excerpt":"La Secretar\u00eda de Turismo provincial participar\u00e1 de la Feria Internacional de Turismo de Am\u00e9rica Latina (FIT) 2014, que se desarrollar\u00e1 del 25 al 28 de octubre en el predio ferial de Palermo, en Capital Federal, con un gran espacio de promoci\u00f3n, en el que habr\u00e1 69 municipios que ofrecer\u00e1n sus\u2026","rel":"","context":"En \u00abTurismo\u00bb","block_context":{"text":"Turismo","link":"https:\/\/www.24baires.com\/?cat=69"},"img":{"alt_text":"mar del plata turismo","src":"https:\/\/i0.wp.com\/www.24baires.com\/wp-content\/uploads\/2014\/07\/mar-del-plata-turismo.jpg?resize=350%2C200","width":350,"height":200,"srcset":"https:\/\/i0.wp.com\/www.24baires.com\/wp-content\/uploads\/2014\/07\/mar-del-plata-turismo.jpg?resize=350%2C200 1x, https:\/\/i0.wp.com\/www.24baires.com\/wp-content\/uploads\/2014\/07\/mar-del-plata-turismo.jpg?resize=525%2C300 1.5x"},"classes":[]},{"id":121464,"url":"https:\/\/www.24baires.com\/?p=121464","url_meta":{"origin":4176,"position":2},"title":"Provincia anunci\u00f3 medidas para reforzar al sector tur\u00edstico","author":"GB","date":"08\/07\/2024","format":false,"excerpt":"Tras la poca actividad que percibi\u00f3 el sector durante el \u00faltimo semestre, el ministro de Producci\u00f3n detall\u00f3 cu\u00e1les ser\u00e1n los ejes para impulsar el flujo tur\u00edstico de cara a las vacaciones de invierno. Desde el Banco Provincia anunciaron varios beneficios en Cuenta DNI para julio. En medio de una marcada\u2026","rel":"","context":"En \u00abProvincia\u00bb","block_context":{"text":"Provincia","link":"https:\/\/www.24baires.com\/?cat=40"},"img":{"alt_text":"","src":"https:\/\/i0.wp.com\/www.24baires.com\/wp-content\/uploads\/2024\/07\/turismo-pba.webp?resize=350%2C200","width":350,"height":200,"srcset":"https:\/\/i0.wp.com\/www.24baires.com\/wp-content\/uploads\/2024\/07\/turismo-pba.webp?resize=350%2C200 1x, https:\/\/i0.wp.com\/www.24baires.com\/wp-content\/uploads\/2024\/07\/turismo-pba.webp?resize=525%2C300 1.5x, https:\/\/i0.wp.com\/www.24baires.com\/wp-content\/uploads\/2024\/07\/turismo-pba.webp?resize=700%2C400 2x"},"classes":[]},{"id":24872,"url":"https:\/\/www.24baires.com\/?p=24872","url_meta":{"origin":4176,"position":3},"title":"Trabajan para posicionar a Villa Gesell y a Pinamar para Turismo de Reuniones","author":"AF","date":"01\/06\/2013","format":false,"excerpt":"La Secretar\u00eda de Turismo bonaerense llev\u00f3 adelante una Jornada de Capacitaci\u00f3n en Turismo de Reuniones en Villa Gesell y Pinamar, con el apoyo del INPROTUR, AOCA, CFI y las direcciones del \u00e1rea de los respectivos municipios. El jueves 30 y viernes 31 de mayo, en la ciudad de Villa Gesell;\u2026","rel":"","context":"En \u00abMunicipios\u00bb","block_context":{"text":"Municipios","link":"https:\/\/www.24baires.com\/?cat=44"},"img":{"alt_text":"gesell reuni\u00f3n","src":"https:\/\/i0.wp.com\/www.24baires.com\/wp-content\/uploads\/2013\/02\/gesell-reuni%C3%B3n.jpg?resize=350%2C200","width":350,"height":200},"classes":[]},{"id":27701,"url":"https:\/\/www.24baires.com\/?p=27701","url_meta":{"origin":4176,"position":4},"title":"Turismo acompa\u00f1a a emprendedores gastron\u00f3micos en la Feria de Caminos y Sabores","author":"AF","date":"06\/07\/2013","format":false,"excerpt":"La Secretar\u00eda de Turismo acompa\u00f1ar\u00e1 a emprendedores gastron\u00f3micos de la provincia de Buenos Aires en la 9\u00b0 edici\u00f3n de la Feria Caminos y Sabores que se realizar\u00e1 desde este s\u00e1bado hasta el 9 de julio en el predio de La Rural, en Capital Federal. El titular del organismo, Ignacio Crotto\u2026","rel":"","context":"En \u00abProvincia\u00bb","block_context":{"text":"Provincia","link":"https:\/\/www.24baires.com\/?cat=40"},"img":{"alt_text":"","src":"","width":0,"height":0},"classes":[]},{"id":120967,"url":"https:\/\/www.24baires.com\/?p=120967","url_meta":{"origin":4176,"position":5},"title":"Kicillof: \u00abEl Gobierno nacional abandon\u00f3 al pueblo bonaerense\u00bb","author":"GB","date":"15\/02\/2024","format":false,"excerpt":"El gobernador Axel Kicillof pas\u00f3 hoy por Monte Hermoso y mantuvo una reuni\u00f3n con intendentes y sectores productivos. Hay preocupaci\u00f3n por el pasar econ\u00f3mico. El gobernador bonaerense, Axel Kicillof, pas\u00f3 hoy por Monte Hermoso, donde lo esperaba una extensa agenda que incluy\u00f3 una reuni\u00f3n con intendentes, empresarios y sectores productivos.\u2026","rel":"","context":"En \u00abProvincia\u00bb","block_context":{"text":"Provincia","link":"https:\/\/www.24baires.com\/?cat=40"},"img":{"alt_text":"","src":"https:\/\/i0.wp.com\/www.24baires.com\/wp-content\/uploads\/2024\/02\/axel-equipo.webp?resize=350%2C200","width":350,"height":200,"srcset":"https:\/\/i0.wp.com\/www.24baires.com\/wp-content\/uploads\/2024\/02\/axel-equipo.webp?resize=350%2C200 1x, https:\/\/i0.wp.com\/www.24baires.com\/wp-content\/uploads\/2024\/02\/axel-equipo.webp?resize=525%2C300 1.5x, https:\/\/i0.wp.com\/www.24baires.com\/wp-content\/uploads\/2024\/02\/axel-equipo.webp?resize=700%2C400 2x"},"classes":[]}],"jetpack_sharing_enabled":true,"jetpack_likes_enabled":true,"_links":{"self":[{"href":"https:\/\/www.24baires.com\/index.php?rest_route=\/wp\/v2\/posts\/4176","targetHints":{"allow":["GET"]}}],"collection":[{"href":"https:\/\/www.24baires.com\/index.php?rest_route=\/wp\/v2\/posts"}],"about":[{"href":"https:\/\/www.24baires.com\/index.php?rest_route=\/wp\/v2\/types\/post"}],"author":[{"embeddable":true,"href":"https:\/\/www.24baires.com\/index.php?rest_route=\/wp\/v2\/users\/4"}],"replies":[{"embeddable":true,"href":"https:\/\/www.24baires.com\/index.php?rest_route=%2Fwp%2Fv2%2Fcomments&post=4176"}],"version-history":[{"count":2,"href":"https:\/\/www.24baires.com\/index.php?rest_route=\/wp\/v2\/posts\/4176\/revisions"}],"predecessor-version":[{"id":4178,"href":"https:\/\/www.24baires.com\/index.php?rest_route=\/wp\/v2\/posts\/4176\/revisions\/4178"}],"wp:attachment":[{"href":"https:\/\/www.24baires.com\/index.php?rest_route=%2Fwp%2Fv2%2Fmedia&parent=4176"}],"wp:term":[{"taxonomy":"category","embeddable":true,"href":"https:\/\/www.24baires.com\/index.php?rest_route=%2Fwp%2Fv2%2Fcategories&post=4176"},{"taxonomy":"post_tag","embeddable":true,"href":"https:\/\/www.24baires.com\/index.php?rest_route=%2Fwp%2Fv2%2Ftags&post=4176"}],"curies":[{"name":"wp","href":"https:\/\/api.w.org\/{rel}","templated":true}]}}