{"id":4171,"date":"2012-11-02T14:00:01","date_gmt":"2012-11-02T17:00:01","guid":{"rendered":"http:\/\/www.24baires.com\/?p=4171"},"modified":"2012-11-02T14:31:22","modified_gmt":"2012-11-02T17:31:22","slug":"reclamo-de-ate-en-la-municipalidad-de-esteban-echeverria-para-que-se-ayude-a-vecinos-victimas-del-temporal","status":"publish","type":"post","link":"https:\/\/www.24baires.com\/?p=4171","title":{"rendered":"Reclamo de ATE en la municipalidad de Esteban Echeverr\u00eda para que se ayude a vecinos v\u00edctimas del temporal"},"content":{"rendered":"<p>Miembros de la central obrera le reclaman a las autoridades comunales que resuelvan la situaci\u00f3n de los vecinos que \u201cperdieron todo\u201d por el intenso temporal del lunes. El secretario adjunto de ATE de la Provincia, Jorge Ravetti, indic\u00f3 que la negociaci\u00f3n est\u00e1 en un \u201ccuarto intermedio\u201d.<!--more--><\/p>\n<p>Integrantes de la CTA realizan una protesta en la Municipalidad de Esteban Echeverr\u00eda y exigen que el gobierno comunal resuelva la situaci\u00f3n de los vecinos que \u201cperdieron todo\u201d por el intenso temporal del lunes.<\/p>\n<p>A trav\u00e9s de un comunicado, desde la central obrera indicaron que el secretario general adjunto de ATE de la Provincia Buenos Aires, Jorge Ravetti, efectu\u00f3 gestiones con las autoridades de la Municipalidad.<\/p>\n<p>\u201cEs inaudito que ante la exacerbaci\u00f3n de las situaciones de precariedad absoluta que viven cientos de vecinos, el Municipio cierre las puertas, se niegue a atender y no establezca un canal de di\u00e1logo tendiente a solucionar la situaci\u00f3n de los compa\u00f1eros que menos tienen. Nuestra realidad exige que si no nos quieren atender, tengamos que salir a la calle, con nuestras demandas que son concretas\u201d, asegur\u00f3 Ravetti.<\/p>\n<p>Ravetti indic\u00f3 que la manifestaci\u00f3n ahora est\u00e1 en un \u201ccuarto intermedio\u201d a la espera de una respuesta de la Municipalidad a sus reclamos.<\/p>\n","protected":false},"excerpt":{"rendered":"<p>Miembros de la central obrera le reclaman a las autoridades comunales que resuelvan la situaci\u00f3n de los vecinos que \u201cperdieron todo\u201d por el intenso temporal del lunes. El secretario adjunto de ATE de la Provincia, Jorge Ravetti, indic\u00f3 que la negociaci\u00f3n est\u00e1 en un \u201ccuarto intermedio\u201d.<\/p>\n","protected":false},"author":4,"featured_media":0,"comment_status":"open","ping_status":"open","sticky":false,"template":"","format":"standard","meta":{"_jetpack_newsletter_access":"","_jetpack_dont_email_post_to_subs":false,"_jetpack_newsletter_tier_id":0,"_jetpack_memberships_contains_paywalled_content":false,"_jetpack_memberships_contains_paid_content":false,"footnotes":""},"categories":[38],"tags":[],"class_list":["post-4171","post","type-post","status-publish","format-standard","hentry","category-locales"],"jetpack_featured_media_url":"","jetpack_shortlink":"https:\/\/wp.me\/p2JWE0-15h","jetpack-related-posts":[{"id":27822,"url":"https:\/\/www.24baires.com\/?p=27822","url_meta":{"origin":4171,"position":0},"title":"Cicop instalar\u00e1 una carpa frente al Municipio de Esteban Echeverr\u00eda exigiendo mejoras sanitarias","author":"AF","date":"08\/07\/2013","format":false,"excerpt":"La medida ser\u00e1 para reclamar por la situaci\u00f3n sanitaria en el distrito y para denunciar sobre los sumarios que el Ejecutivo local abri\u00f3 contra m\u00e9dicos del hospital municipal Santamarina. \u201cEs probable que nos quedemos sin terapia intensiva\u201d, advirti\u00f3 el titular de CICOP en Echeverr\u00eda, Carlos Gracia Costa. El conflicto entre\u2026","rel":"","context":"En \u00abLocales\u00bb","block_context":{"text":"Locales","link":"https:\/\/www.24baires.com\/?cat=38"},"img":{"alt_text":"cicop echeverr\u00eda","src":"https:\/\/i0.wp.com\/www.24baires.com\/wp-content\/uploads\/2013\/07\/cicop-echeverr%C3%ADa-300x187.jpg?resize=350%2C200","width":350,"height":200},"classes":[]},{"id":21426,"url":"https:\/\/www.24baires.com\/?p=21426","url_meta":{"origin":4171,"position":1},"title":"Esteban Echeverr\u00eda: municipales rechazaron un aumento del 22%","author":"AF","date":"19\/04\/2013","format":false,"excerpt":"En la segunda reuni\u00f3n, el Ejecutivo ofreci\u00f3 un incremento salarial del 22 por ciento pero fue desestimado por el Sindicato, que hab\u00eda exigido un aumento del 30 por ciento. \u201cNos ofrecieron el 22 por ciento en tres veces que rechazamos por insuficiente y porque se extiende mucho en el tiempo\u201d,\u2026","rel":"","context":"En \u00abLocales\u00bb","block_context":{"text":"Locales","link":"https:\/\/www.24baires.com\/?cat=38"},"img":{"alt_text":"municipales e echeverr\u00eda","src":"https:\/\/i0.wp.com\/www.24baires.com\/wp-content\/uploads\/2013\/04\/municipales-e-echeverr%C3%ADa-300x187.jpg?resize=350%2C200","width":350,"height":200},"classes":[]},{"id":114552,"url":"https:\/\/www.24baires.com\/?p=114552","url_meta":{"origin":4171,"position":2},"title":"Kicillof visit\u00f3 tres distritos del conurbano para dar respuesta a la pandemia","author":"AF","date":"30\/03\/2020","format":false,"excerpt":"Acompa\u00f1ado por Sergio Berni, el gobernador bonaerense visit\u00f3 los comit\u00e9s de emergencia de Almirante Brown, Lomas de Zamora y Esteban Echeverr\u00eda. El gobernador bonaerense, Axel Kicillof, desembarc\u00f3 este lunes en el Conurbano, con visitas a los comit\u00e9s de emergencia de Almirante Brown, Lomas de Zamora y Esteban Echeverr\u00eda, desde donde\u2026","rel":"","context":"En \u00abProvincia\u00bb","block_context":{"text":"Provincia","link":"https:\/\/www.24baires.com\/?cat=40"},"img":{"alt_text":"","src":"https:\/\/i0.wp.com\/www.24baires.com\/wp-content\/uploads\/2020\/03\/kicillofff.jpg?resize=350%2C200","width":350,"height":200,"srcset":"https:\/\/i0.wp.com\/www.24baires.com\/wp-content\/uploads\/2020\/03\/kicillofff.jpg?resize=350%2C200 1x, https:\/\/i0.wp.com\/www.24baires.com\/wp-content\/uploads\/2020\/03\/kicillofff.jpg?resize=525%2C300 1.5x"},"classes":[]},{"id":108480,"url":"https:\/\/www.24baires.com\/?p=108480","url_meta":{"origin":4171,"position":3},"title":"Trabajadores denuncian despidos en Educaci\u00f3n y preparan medidas para exigir la reincorporaci\u00f3n","author":"GB","date":"30\/05\/2019","format":false,"excerpt":"Desde ATE tras un paro por 48 horas se prev\u00e9 una marcha para reclamar a la Direcci\u00f3n General de Cultura, conducida por Gabriel S\u00e1nchez Zinny. Mientras desde ATE con el gobierno bonaerense avanzaban en la continuidad de unos 800 estatales, se encontraron con el despido de cinco trabajadores. En ese\u2026","rel":"","context":"En \u00abProvincia\u00bb","block_context":{"text":"Provincia","link":"https:\/\/www.24baires.com\/?cat=40"},"img":{"alt_text":"","src":"https:\/\/i0.wp.com\/www.24baires.com\/wp-content\/uploads\/2019\/04\/estatales-ate.jpg?resize=350%2C200","width":350,"height":200,"srcset":"https:\/\/i0.wp.com\/www.24baires.com\/wp-content\/uploads\/2019\/04\/estatales-ate.jpg?resize=350%2C200 1x, https:\/\/i0.wp.com\/www.24baires.com\/wp-content\/uploads\/2019\/04\/estatales-ate.jpg?resize=525%2C300 1.5x"},"classes":[]},{"id":115686,"url":"https:\/\/www.24baires.com\/?p=115686","url_meta":{"origin":4171,"position":4},"title":"Intendentes del Conurbano piden que se le quite la concesi\u00f3n a Edesur","author":"AF","date":"20\/07\/2020","format":false,"excerpt":"Tras reiterados cortes de luz en diversos municipios, los jefes comunales expresaron duras cr\u00edticas hacia la empresa. Las protestas en contra de la empresa Edesur ya no son exclusivas de los vecinos, en los \u00faltimos d\u00edas, varios intendentes criticaron el accionar de la empresa prestadora de energ\u00eda el\u00e9ctrica, ante los\u2026","rel":"","context":"En \u00abProvincia\u00bb","block_context":{"text":"Provincia","link":"https:\/\/www.24baires.com\/?cat=40"},"img":{"alt_text":"","src":"https:\/\/i0.wp.com\/www.24baires.com\/wp-content\/uploads\/2020\/07\/edesur.jpg?resize=350%2C200","width":350,"height":200,"srcset":"https:\/\/i0.wp.com\/www.24baires.com\/wp-content\/uploads\/2020\/07\/edesur.jpg?resize=350%2C200 1x, https:\/\/i0.wp.com\/www.24baires.com\/wp-content\/uploads\/2020\/07\/edesur.jpg?resize=525%2C300 1.5x"},"classes":[]},{"id":4921,"url":"https:\/\/www.24baires.com\/?p=4921","url_meta":{"origin":4171,"position":5},"title":"Esteban Echeverr\u00eda: la CICOP y el STMEE se movilizar\u00e1n frente al municipio","author":"AF","date":"10\/11\/2012","format":false,"excerpt":"El martes a las 10 ambos gremios se dirigir\u00e1n al edificio con la intenci\u00f3n de ser recibidos por el intendente Fernando Gray. El reclamo es nuevamente por la falta de insumos, mantenimiento y problemas edilicios en el Policl\u00ednico Santamarina. \u201cLa situaci\u00f3n se agrava cada vez m\u00e1s\u201d, asegur\u00f3 la secretaria general\u2026","rel":"","context":"En \u00abSociedad\u00bb","block_context":{"text":"Sociedad","link":"https:\/\/www.24baires.com\/?cat=1"},"img":{"alt_text":"","src":"https:\/\/i0.wp.com\/www.24baires.com\/wp-content\/uploads\/2012\/11\/cicop-stmee1-300x187.jpg?resize=350%2C200","width":350,"height":200},"classes":[]}],"jetpack_sharing_enabled":true,"jetpack_likes_enabled":true,"_links":{"self":[{"href":"https:\/\/www.24baires.com\/index.php?rest_route=\/wp\/v2\/posts\/4171","targetHints":{"allow":["GET"]}}],"collection":[{"href":"https:\/\/www.24baires.com\/index.php?rest_route=\/wp\/v2\/posts"}],"about":[{"href":"https:\/\/www.24baires.com\/index.php?rest_route=\/wp\/v2\/types\/post"}],"author":[{"embeddable":true,"href":"https:\/\/www.24baires.com\/index.php?rest_route=\/wp\/v2\/users\/4"}],"replies":[{"embeddable":true,"href":"https:\/\/www.24baires.com\/index.php?rest_route=%2Fwp%2Fv2%2Fcomments&post=4171"}],"version-history":[{"count":2,"href":"https:\/\/www.24baires.com\/index.php?rest_route=\/wp\/v2\/posts\/4171\/revisions"}],"predecessor-version":[{"id":4173,"href":"https:\/\/www.24baires.com\/index.php?rest_route=\/wp\/v2\/posts\/4171\/revisions\/4173"}],"wp:attachment":[{"href":"https:\/\/www.24baires.com\/index.php?rest_route=%2Fwp%2Fv2%2Fmedia&parent=4171"}],"wp:term":[{"taxonomy":"category","embeddable":true,"href":"https:\/\/www.24baires.com\/index.php?rest_route=%2Fwp%2Fv2%2Fcategories&post=4171"},{"taxonomy":"post_tag","embeddable":true,"href":"https:\/\/www.24baires.com\/index.php?rest_route=%2Fwp%2Fv2%2Ftags&post=4171"}],"curies":[{"name":"wp","href":"https:\/\/api.w.org\/{rel}","templated":true}]}}