{"id":4167,"date":"2012-11-02T12:24:15","date_gmt":"2012-11-02T15:24:15","guid":{"rendered":"http:\/\/www.24baires.com\/?p=4167"},"modified":"2012-11-02T14:38:57","modified_gmt":"2012-11-02T17:38:57","slug":"en-lujan-el-agua-retrocede-pero-temen-por-las-lluvias-anunciadas-para-el-domingo","status":"publish","type":"post","link":"https:\/\/www.24baires.com\/?p=4167","title":{"rendered":"En Luj\u00e1n el agua retrocede, pero temen por las lluvias anunciadas para el domingo"},"content":{"rendered":"<p><img data-recalc-dims=\"1\" loading=\"lazy\" decoding=\"async\" class=\"aligncenter size-full wp-image-4169\" title=\"luj\u00e1n2\" src=\"https:\/\/i0.wp.com\/www.24baires.com\/wp-content\/uploads\/2012\/11\/luj%C3%A1n2.jpg?resize=560%2C371\" alt=\"\" width=\"560\" height=\"371\" srcset=\"https:\/\/i0.wp.com\/www.24baires.com\/wp-content\/uploads\/2012\/11\/luj%C3%A1n2.jpg?w=560&amp;ssl=1 560w, https:\/\/i0.wp.com\/www.24baires.com\/wp-content\/uploads\/2012\/11\/luj%C3%A1n2.jpg?resize=300%2C198&amp;ssl=1 300w\" sizes=\"auto, (max-width: 560px) 100vw, 560px\" \/>La situaci\u00f3n sigue siendo complicada en el distrito de la Primera Secci\u00f3n Electoral, pero hay buenas se\u00f1ales.<!--more--><\/p>\n<p>El director de Control Urbano local, Ricardo Re, afirm\u00f3 que si no se registran nuevas precipitaciones durante el fin de semana -el gran temor en la comuna- \u201cla zona inundada se liberar\u00e1\u201d lentamente, luego que el Intendente del distrito, Oscar Luciani, informara que 120 personas hab\u00edan sido evacuadas y otras 300 dejado sus hogares en forma voluntaria.<\/p>\n<p>Autoridades del municipio reconocieron que el agua entr\u00f3 a la Cripta de la Bas\u00edlica de Luj\u00e1n, aunque tambi\u00e9n indicaron que no hubo da\u00f1o al patrimonio religioso. En tanto que para socorrer a los vecinos evacuados, el municipio dispuso de tres centros en diferentes puntos del pago chico, \u201cuno funciona en el Centro de Integraci\u00f3n Comunitaria del barrio de San Ferm\u00edn, otro en el polideportivo municipal y el tercero en una escuela del barrio Olivera\u201d, seg\u00fan remarc\u00f3 el Jefe comunal.<\/p>\n<p>El alcalde local tambi\u00e9n manifest\u00f3 que \u201chabr\u00eda otras 500 personas damnificadas por la crecida\u201d a las que no fue necesario evacuar al haber \u201cmucha gente que tiene experiencia de crecidas anteriores del r\u00edo, por eso la evacuaci\u00f3n y la autoevacuaci\u00f3n se dieron de forma ordenada, con la colaboraci\u00f3n de los transportes del municipio\u201d.<\/p>\n<p>Luciani tambi\u00e9n report\u00f3 que \u201cmuchos de los evacuados lograron salvar sus pertenencias m\u00e1s importantes\u201d.<\/p>\n<p>Adem\u00e1s consider\u00f3 que \u201cel R\u00edo Luj\u00e1n mantiene un comportamiento muy extra\u00f1o porque sube y baja sistem\u00e1ticamente tres cent\u00edmetros, sosteni\u00e9ndose en 5,12 metros\u201d y tambi\u00e9n que \u201csi bien el r\u00edo ha crecido mucho\u201d lo que \u201chace falta es un trabajo completo de limpieza y dragado desde su origen hasta su desembocadura, porque es muy extra\u00f1o que se d\u00e9 este fen\u00f3meno y que el agua no baje m\u00e1s r\u00e1pido\u201d.<\/p>\n<p>El director de Pol\u00edticas Sociales comunal, Guillermo Bertoni, ilustr\u00f3 que \u201cmuchos vecinos est\u00e1n viniendo a comer a los centros municipales porque no les qued\u00f3 donde poder cocinar\u201d y adem\u00e1s destac\u00f3 que \u201cbomberos y personal de Defensa Civil est\u00e1n recorriendo permanentemente las zonas inundadas para prestar socorro y por ahora, todo se est\u00e1 dando de manera ordenada\u201d.<\/p>\n<p>Aunque, en la misma medida, el funcionario mostr\u00f3 preocupaci\u00f3n por el \u201cproblema sanitario\u201d que \u201caparecer\u00e1 cuando baje el agua\u201d.<\/p>\n<p>El Servicio Meteorol\u00f3gico Nacional (SMN) prev\u00e9 cielo nublado para el domingo, en una jornada que ser\u00e1 inestable durante todo el d\u00eda con vientos del sector norte, temperaturas que rotar\u00e1n entre los 19 y 29 grados y, m\u00e1s importante, la posibilidad que se registren algunas precipitaciones. Esa es la preocupaci\u00f3n central porque desde las 22.00 horas el R\u00edo Luj\u00e1n comenz\u00f3 a acelerar su proceso de retroceso.<\/p>\n<p>Seg\u00fan registros de los bomberos, entre la noche del jueves y este viernes a las 9.00 el agua retrocedi\u00f3 en 35 cent\u00edmetros.<\/p>\n","protected":false},"excerpt":{"rendered":"<p>La situaci\u00f3n sigue siendo complicada en el distrito de la Primera Secci\u00f3n Electoral, pero hay buenas se\u00f1ales.<\/p>\n","protected":false},"author":4,"featured_media":0,"comment_status":"open","ping_status":"open","sticky":false,"template":"","format":"standard","meta":{"_jetpack_newsletter_access":"","_jetpack_dont_email_post_to_subs":false,"_jetpack_newsletter_tier_id":0,"_jetpack_memberships_contains_paywalled_content":false,"_jetpack_memberships_contains_paid_content":false,"footnotes":""},"categories":[38],"tags":[],"class_list":["post-4167","post","type-post","status-publish","format-standard","hentry","category-locales"],"jetpack_featured_media_url":"","jetpack_shortlink":"https:\/\/wp.me\/p2JWE0-15d","jetpack-related-posts":[{"id":101909,"url":"https:\/\/www.24baires.com\/?p=101909","url_meta":{"origin":4167,"position":0},"title":"Tras el temporal, a\u00fan hay m\u00e1s de 1.200 evacuados en seis distritos bonaerenses","author":"GB","date":"02\/05\/2018","format":false,"excerpt":"Tras el temporal de lluvia y viento que se desat\u00f3 durante el fin de semana, todav\u00eda unas 1.200 personas contin\u00faan evacuadas en seis distritos de la provincia de Buenos Aires, seg\u00fan informaron fuentes municipales y provinciales. El temporal que provoc\u00f3 la muerte de un hombre y su hijo en el\u2026","rel":"","context":"En \u00abProvincia\u00bb","block_context":{"text":"Provincia","link":"https:\/\/www.24baires.com\/?cat=40"},"img":{"alt_text":"","src":"https:\/\/i0.wp.com\/www.24baires.com\/wp-content\/uploads\/2014\/02\/temporal-en-san-pedro-300x190.jpg?resize=350%2C200","width":350,"height":200},"classes":[]},{"id":101887,"url":"https:\/\/www.24baires.com\/?p=101887","url_meta":{"origin":4167,"position":1},"title":"Vidal supervis\u00f3 los operativos en las zonas m\u00e1s castigadas del Conurbano por el temporal","author":"GB","date":"30\/04\/2018","format":false,"excerpt":"La Gobernadora visit\u00f3 un centro de evacuados en PIlar y m\u00e1s tarde estuvo en el Centro de Monitoreo de Tres de Febrero. Son dos de los municipios que m\u00e1s padecieron las consecuencias de las tormentas del fin de semana. La gobernadora Mar\u00eda Eugenia Vidal, visit\u00f3 durante la tarde de ayer\u2026","rel":"","context":"En \u00abProvincia\u00bb","block_context":{"text":"Provincia","link":"https:\/\/www.24baires.com\/?cat=40"},"img":{"alt_text":"","src":"https:\/\/i0.wp.com\/www.24baires.com\/wp-content\/uploads\/2018\/04\/e.jpeg?resize=350%2C200","width":350,"height":200,"srcset":"https:\/\/i0.wp.com\/www.24baires.com\/wp-content\/uploads\/2018\/04\/e.jpeg?resize=350%2C200 1x, https:\/\/i0.wp.com\/www.24baires.com\/wp-content\/uploads\/2018\/04\/e.jpeg?resize=525%2C300 1.5x"},"classes":[]},{"id":40021,"url":"https:\/\/www.24baires.com\/?p=40021","url_meta":{"origin":4167,"position":2},"title":"Un muerto y m\u00e1s de 2 mil evacuados por el temporal en la Provincia","author":"GB","date":"07\/02\/2014","format":false,"excerpt":"Una mujer muri\u00f3 al ser arrastrada por la corriente del arroyo Las Piedras, que desbord\u00f3 en Rafael Calzada, mientras que 60 personas fueron evacuadas en Luj\u00e1n y otras 100 en Berisso por las fuertes lluvias. \"La mujer fue advertida de que era peligroso que cruzara por ese puente por los\u2026","rel":"","context":"En \u00abSociedad\u00bb","block_context":{"text":"Sociedad","link":"https:\/\/www.24baires.com\/?cat=1"},"img":{"alt_text":"","src":"","width":0,"height":0},"classes":[]},{"id":56481,"url":"https:\/\/www.24baires.com\/?p=56481","url_meta":{"origin":4167,"position":3},"title":"Declararon emergencia h\u00eddrica en Pilar y hay m\u00e1s de mil evacuados","author":"GB","date":"03\/11\/2014","format":false,"excerpt":"Unas 1.000 personas tuvieron que ser evacuadas por la sudestada que afect\u00f3 los barrios costeros del r\u00edo Luj\u00e1n en el distrito bonaerense, en emergencia h\u00eddrica desde el viernes, inform\u00f3 el secretario de Gobierno del distrito, Pablo Mart\u00ednez. \"Hay 800 evacuados de los barrios Manzanares y R\u00edo Luj\u00e1n, y de otros\u2026","rel":"","context":"En \u00abMunicipios\u00bb","block_context":{"text":"Municipios","link":"https:\/\/www.24baires.com\/?cat=44"},"img":{"alt_text":"","src":"","width":0,"height":0},"classes":[]},{"id":40050,"url":"https:\/\/www.24baires.com\/?p=40050","url_meta":{"origin":4167,"position":4},"title":"Pilar: fuertes lluvias dejaron 138 evacuados","author":"GB","date":"08\/02\/2014","format":false,"excerpt":"PILAR-En los \u00faltimos dos d\u00edas, cayeron unos 120 mil\u00edmetros. Esa cifra desbord\u00f3 el r\u00edo Luj\u00e1n, que subi\u00f3 casi 4 metros. Desde el jueves por la noche, evacuaron familias en centros de Del Viso, Astolfi y R\u00edo Luj\u00e1n. Sin embargo, hay otras 300 inundadas que no quieren dejar sus viviendas. Una\u2026","rel":"","context":"En \u00abLocales\u00bb","block_context":{"text":"Locales","link":"https:\/\/www.24baires.com\/?cat=38"},"img":{"alt_text":"","src":"","width":0,"height":0},"classes":[]},{"id":112512,"url":"https:\/\/www.24baires.com\/?p=112512","url_meta":{"origin":4167,"position":5},"title":"M\u00e1s de 5 mil personas siguen evacuadas en el Conurbano","author":"GB","date":"16\/10\/2019","format":false,"excerpt":"M\u00e1s de cinco mil personas continuaban evacuadas hoy en varios distritos del Conurbano bonaerense a ra\u00edz de las inundaciones provocadas a partir del temporal del s\u00e1bado pasado, que impact\u00f3 principalmente en La Matanza, Esteban Echeverr\u00eda, Quilmes, Ezeiza y Lomas de Zamora. La crecida del R\u00edo de la Plata, cuyas aguas\u2026","rel":"","context":"En \u00abProvincia\u00bb","block_context":{"text":"Provincia","link":"https:\/\/www.24baires.com\/?cat=40"},"img":{"alt_text":"","src":"https:\/\/i0.wp.com\/www.24baires.com\/wp-content\/uploads\/2019\/10\/inundacion-1-300x200.jpg?resize=350%2C200","width":350,"height":200},"classes":[]}],"jetpack_sharing_enabled":true,"jetpack_likes_enabled":true,"_links":{"self":[{"href":"https:\/\/www.24baires.com\/index.php?rest_route=\/wp\/v2\/posts\/4167","targetHints":{"allow":["GET"]}}],"collection":[{"href":"https:\/\/www.24baires.com\/index.php?rest_route=\/wp\/v2\/posts"}],"about":[{"href":"https:\/\/www.24baires.com\/index.php?rest_route=\/wp\/v2\/types\/post"}],"author":[{"embeddable":true,"href":"https:\/\/www.24baires.com\/index.php?rest_route=\/wp\/v2\/users\/4"}],"replies":[{"embeddable":true,"href":"https:\/\/www.24baires.com\/index.php?rest_route=%2Fwp%2Fv2%2Fcomments&post=4167"}],"version-history":[{"count":2,"href":"https:\/\/www.24baires.com\/index.php?rest_route=\/wp\/v2\/posts\/4167\/revisions"}],"predecessor-version":[{"id":4174,"href":"https:\/\/www.24baires.com\/index.php?rest_route=\/wp\/v2\/posts\/4167\/revisions\/4174"}],"wp:attachment":[{"href":"https:\/\/www.24baires.com\/index.php?rest_route=%2Fwp%2Fv2%2Fmedia&parent=4167"}],"wp:term":[{"taxonomy":"category","embeddable":true,"href":"https:\/\/www.24baires.com\/index.php?rest_route=%2Fwp%2Fv2%2Fcategories&post=4167"},{"taxonomy":"post_tag","embeddable":true,"href":"https:\/\/www.24baires.com\/index.php?rest_route=%2Fwp%2Fv2%2Ftags&post=4167"}],"curies":[{"name":"wp","href":"https:\/\/api.w.org\/{rel}","templated":true}]}}