{"id":41610,"date":"2014-03-05T22:15:14","date_gmt":"2014-03-06T01:15:14","guid":{"rendered":"http:\/\/www.24baires.com\/?p=41610"},"modified":"2014-03-05T22:04:04","modified_gmt":"2014-03-06T01:04:04","slug":"insoportablemente-vivo","status":"publish","type":"post","link":"https:\/\/www.24baires.com\/?p=41610","title":{"rendered":"Insoportablemente vivo"},"content":{"rendered":"<p><img data-recalc-dims=\"1\" loading=\"lazy\" decoding=\"async\" src=\"https:\/\/i0.wp.com\/www.24baires.com\/wp-content\/uploads\/2013\/03\/chavez-lluvia.jpg?resize=560%2C386\" alt=\"chavez lluvia\" width=\"560\" height=\"386\" class=\"aligncenter size-full wp-image-17578\" srcset=\"https:\/\/i0.wp.com\/www.24baires.com\/wp-content\/uploads\/2013\/03\/chavez-lluvia.jpg?w=560&amp;ssl=1 560w, https:\/\/i0.wp.com\/www.24baires.com\/wp-content\/uploads\/2013\/03\/chavez-lluvia.jpg?resize=300%2C206&amp;ssl=1 300w\" sizes=\"auto, (max-width: 560px) 100vw, 560px\" \/>A veces caigo en el error y lo pienso tan muerto y enterrado que me desespero. Porque eso de lo inevitable, lo que no se modificar, aturde. Son los momentos en los que flaqueamos, los m\u00e1s dif\u00edciles, los peores, los que su presencia se hace indispensable\u2026 y falta. Hay otros momentos en que no creo eso que dicen desde hace un a\u00f1o con tanta seguridad, unos con pena profunda, otros sin disimular la sonrisa nefasta. Dicen que se nos ha muerto Hugo Ch\u00e1vez y a mi hay d\u00edas en que eso me parece un disparate. Y pienso, \u00bfc\u00f3mo se va a haber muerto este hombre?, si puedo verlo en todas partes, aun m\u00e1s que antes. Si est\u00e1 en todo: en cada vez que elevamos nuestra voz para ponerle freno a una injusticia, cada vez que le tendemos la mano solidaria a alguien, cada vez que queremos superarnos por nosotros y por los que nos rodean. En las cosas simples, as\u00ed como en las m\u00e1s grandiosas.<!--more--><\/p>\n<p>Una vez dijo que cuando no estuviera pod\u00edamos buscarlo en los ojos de los pobres, de los ni\u00f1os. No s\u00e9 como pero sab\u00eda que pronto iba a mudarse a la mirada del que espera, del que sufre, del que ama, del que lucha. Y ah\u00ed est\u00e1, imposible no verlo, desparramado a lo largo y a lo ancho de una Patria que s\u00f3lo puede ser La Grande. Y hay que ser inmenso para poder llegar a todos los rincones, aguantar el fr\u00edo de la Patagonia y avanzar sin cansarse por las pampas, seguir subiendo sin resfriarse por el cambio de clima all\u00ed donde el calor aprieta, atravesar las monta\u00f1as, los r\u00edos, abarcar las llanuras, los montes, los valles verdes. Hay que ser gigante para estar en todo eso. <\/p>\n<p>Y es as\u00ed, a veces se lo extra\u00f1a mucho, porque lo cierto es que aun es necesario y hace mucha falta, y tenemos que aceptar que dej\u00f3 un espacio imposible de llenar: hac\u00eda falta mucha muerte para arrancarnos semejante pedazo de vida. Pero debemos asimilar, tambi\u00e9n, que la existencia de un ser tan complejo y valiente, tan bravo y soberano, tan justo y leal, no se diluye, alguien as\u00ed no se va as\u00ed no m\u00e1s. No puede. El eco de su voz libertadora resonar\u00e1 por siempre en cada conf\u00edn de la tierra. Su siembra se cosechar\u00e1 por toda la eternidad.<\/p>\n<p>Y en esa dicotom\u00eda est\u00e1. No me animo a llamarlo muerto, porque de los muertos no puedo esperar nada y de Ch\u00e1vez lo espero todo. Porque esa vida no puede extinguirse cuando el cuerpo ya no aguanta, esa vida explota y se agiganta y nos invade y nos contagia de su esp\u00edritu indomable, de su lucha, de su causa que es la nuestra, que es, ni m\u00e1s ni menos, la libertad de los pueblos. \u00c9l se enfrent\u00f3 como nadie a los peores, toc\u00f3 a los intocables, mir\u00f3 de igual a igual a aquellos acostumbrados a observar a todos desde arriba. Les dijo basta a los que cre\u00edan que eran nuestros due\u00f1os. Ch\u00e1vez invirti\u00f3 su esfuerzo por los m\u00e1s vulnerables. Habl\u00f3 por los mudos, ri\u00f3 por los tristes, llor\u00f3 por los indiferentes, luch\u00f3 hasta por los que ya hab\u00edan bajado los brazos.<\/p>\n<p>Y hay algunos que no soportan tanto amor, tanto fuego, tanto valor y rebeld\u00eda. No lo aguantaron nunca: los sobrepasa, los abruma, los colapsa. A algunos les result\u00f3 insoportable Ch\u00e1vez, y les resulta insoportable su legado, porque ya se dieron cuenta que algunos no necesitan respirar para perdurar, para trascender, y eso les resulta insufrible. Quisieran borrarlo de la memoria, quisieran que el pueblo no lo hubiera llorado como a un padre, como a un hermano, como a un hijo. Quisieran que no hubiera existido jam\u00e1s, que sus ideas no marcaran el camino. Porque su vida les result\u00f3 insoportable, como su lucha, sus victorias, su revoluci\u00f3n, y porque saben, quiz\u00e1 mejor que yo, que Ch\u00e1vez est\u00e1 vivo, insoportablemente vivo. <\/p>\n","protected":false},"excerpt":{"rendered":"<p>A veces caigo en el error y lo pienso tan muerto y enterrado que me desespero. Porque eso de lo inevitable, lo que no se modificar, aturde. Son los momentos en los que flaqueamos, los m\u00e1s dif\u00edciles, los peores, los que su presencia se hace indispensable\u2026 y falta. Hay otros momentos en que no creo eso que dicen desde hace [&#8230;]<\/p>\n","protected":false},"author":11,"featured_media":0,"comment_status":"open","ping_status":"open","sticky":false,"template":"","format":"standard","meta":{"_jetpack_newsletter_access":"","_jetpack_dont_email_post_to_subs":false,"_jetpack_newsletter_tier_id":0,"_jetpack_memberships_contains_paywalled_content":false,"_jetpack_memberships_contains_paid_content":false,"footnotes":""},"categories":[64],"tags":[],"class_list":["post-41610","post","type-post","status-publish","format-standard","hentry","category-opinion"],"jetpack_featured_media_url":"","jetpack_shortlink":"https:\/\/wp.me\/p2JWE0-aP8","jetpack-related-posts":[{"id":63303,"url":"https:\/\/www.24baires.com\/?p=63303","url_meta":{"origin":41610,"position":0},"title":"El cinismo enfermo de culpar a la v\u00edctima","author":"GB","date":"18\/03\/2015","format":false,"excerpt":"No alcanza terminar en la basura. No alcanza que te violen, te torturen y te asesinen. No alcanza el miedo y el dolor. No alcanza morir con una media sucia atragantada. No alcanza nada de eso. Porque despu\u00e9s de vejada, despu\u00e9s de muerta, despu\u00e9s de ser descartada en una bolsa\u2026","rel":"","context":"En \u00abOpini\u00f3n\u00bb","block_context":{"text":"Opini\u00f3n","link":"https:\/\/www.24baires.com\/?cat=64"},"img":{"alt_text":"daiana garcia","src":"https:\/\/i0.wp.com\/www.24baires.com\/wp-content\/uploads\/2015\/03\/daiana-garcia.jpg?resize=350%2C200","width":350,"height":200,"srcset":"https:\/\/i0.wp.com\/www.24baires.com\/wp-content\/uploads\/2015\/03\/daiana-garcia.jpg?resize=350%2C200 1x, https:\/\/i0.wp.com\/www.24baires.com\/wp-content\/uploads\/2015\/03\/daiana-garcia.jpg?resize=525%2C300 1.5x"},"classes":[]},{"id":52133,"url":"https:\/\/www.24baires.com\/?p=52133","url_meta":{"origin":41610,"position":1},"title":"Ishii volvi\u00f3 a insistir con \u00abevaluar la pena de muerte\u00bb","author":"GB","date":"20\/08\/2014","format":false,"excerpt":"El Senador bonaerense, Mario Ishii, habl\u00f3 en Radio La Plata (FM 90.9) sobre el estado de la seguridad, d\u00f3nde desliz\u00f3 la posibilidad de volver a discutir la pena de muerte, mientras que adelant\u00f3 que se presentar\u00e1 a las pr\u00f3ximas elecciones a Presidente con el servicio militar. De esta manera, expres\u00f3:\u2026","rel":"","context":"En \u00abPol\u00edtica\u00bb","block_context":{"text":"Pol\u00edtica","link":"https:\/\/www.24baires.com\/?cat=51"},"img":{"alt_text":"ishii","src":"https:\/\/i0.wp.com\/www.24baires.com\/wp-content\/uploads\/2014\/08\/ishii.jpg?resize=350%2C200","width":350,"height":200},"classes":[]},{"id":27428,"url":"https:\/\/www.24baires.com\/?p=27428","url_meta":{"origin":41610,"position":2},"title":"Tundis: De cr\u00edtica de Massa a ser su candidata","author":"AF","date":"02\/07\/2013","format":false,"excerpt":"\u201cSoy socialista y Massa se enter\u00f3 ayer y no lo pod\u00eda creer\u201d, dijo hace unos d\u00edas la pre candidata a diputada por el Frente Renovador, Mirta Tundis, periodista de TN. No s\u00f3lo sorprendi\u00f3 al actual intendente de Tigre, claro. Una frase as\u00ed causa impacto y a varios niveles, y si\u2026","rel":"","context":"En \u00abOpini\u00f3n\u00bb","block_context":{"text":"Opini\u00f3n","link":"https:\/\/www.24baires.com\/?cat=64"},"img":{"alt_text":"tundis massa","src":"https:\/\/i0.wp.com\/www.24baires.com\/wp-content\/uploads\/2013\/07\/tundis-massa.jpg?resize=350%2C200","width":350,"height":200},"classes":[]},{"id":23952,"url":"https:\/\/www.24baires.com\/?p=23952","url_meta":{"origin":41610,"position":3},"title":"Bonafini dijo que la muerte de Videla la dej\u00f3 \u00abparalizada\u00bb y enseguida pens\u00f3 en sus hijos","author":"Grupo Sierra","date":"20\/05\/2013","format":false,"excerpt":"La titular de Madres de Plaza de Mayo, Hebe de Bonafini, asegur\u00f3 que la noticia de la muerte del represor Jorge Rafael Videla la \"paraliz\u00f3\" e inmediatamente empez\u00f3 a pensar en sus hijos. Al hablar con la radio Madre AM530, agreg\u00f3 que \"quer\u00eda pensar en algo y nada. Pensaba en\u2026","rel":"","context":"En \u00abMemoria\u00bb","block_context":{"text":"Memoria","link":"https:\/\/www.24baires.com\/?cat=50"},"img":{"alt_text":"","src":"","width":0,"height":0},"classes":[]},{"id":28800,"url":"https:\/\/www.24baires.com\/?p=28800","url_meta":{"origin":41610,"position":4},"title":"Tres Spots de Campa\u00f1a Tres","author":"AF","date":"23\/07\/2013","format":false,"excerpt":"Tres spots publicitarios electorales para analizar. S\u00f3lo tres, porque en esos poquitos ya hay mucho, demasiado. El de Sergio Massa, el de Hermes Binner y el de Carri\u00f3. Hay otros dando vuelta, como el de Cavallo, pero tampoco hay que atentar contra uno mismo. Todo en su medida y armoniosamente.\u2026","rel":"","context":"En \u00abOpini\u00f3n\u00bb","block_context":{"text":"Opini\u00f3n","link":"https:\/\/www.24baires.com\/?cat=64"},"img":{"alt_text":"chori binner","src":"https:\/\/i0.wp.com\/www.24baires.com\/wp-content\/uploads\/2013\/07\/chori-binner.jpg?resize=350%2C200","width":350,"height":200,"srcset":"https:\/\/i0.wp.com\/www.24baires.com\/wp-content\/uploads\/2013\/07\/chori-binner.jpg?resize=350%2C200 1x, https:\/\/i0.wp.com\/www.24baires.com\/wp-content\/uploads\/2013\/07\/chori-binner.jpg?resize=525%2C300 1.5x"},"classes":[]},{"id":60565,"url":"https:\/\/www.24baires.com\/?p=60565","url_meta":{"origin":41610,"position":5},"title":"Berni investiga la custodia de Nisman y pidi\u00f3 sumario administrativo","author":"Grupo Sierra","date":"22\/01\/2015","format":false,"excerpt":"El secretario de Seguridad quiere establecer si los guardias del fallecido fiscal \"actuaron correctamente\" al tiempo que admiti\u00f3 que \"la teor\u00eda del suicidio cada vez queda un poco m\u00e1s lejos\". \"He pedido ayer un sumario administrativo para ver c\u00f3mo se actu\u00f3, de qu\u00e9 manera se actu\u00f3 y si la custodia\u2026","rel":"","context":"En \u00abJUDICIALES\u00bb","block_context":{"text":"JUDICIALES","link":"https:\/\/www.24baires.com\/?cat=68"},"img":{"alt_text":"conferencia berni","src":"https:\/\/i0.wp.com\/www.24baires.com\/wp-content\/uploads\/2014\/02\/conferencia-berni.jpg?resize=350%2C200","width":350,"height":200,"srcset":"https:\/\/i0.wp.com\/www.24baires.com\/wp-content\/uploads\/2014\/02\/conferencia-berni.jpg?resize=350%2C200 1x, https:\/\/i0.wp.com\/www.24baires.com\/wp-content\/uploads\/2014\/02\/conferencia-berni.jpg?resize=525%2C300 1.5x"},"classes":[]}],"jetpack_sharing_enabled":true,"jetpack_likes_enabled":true,"_links":{"self":[{"href":"https:\/\/www.24baires.com\/index.php?rest_route=\/wp\/v2\/posts\/41610","targetHints":{"allow":["GET"]}}],"collection":[{"href":"https:\/\/www.24baires.com\/index.php?rest_route=\/wp\/v2\/posts"}],"about":[{"href":"https:\/\/www.24baires.com\/index.php?rest_route=\/wp\/v2\/types\/post"}],"author":[{"embeddable":true,"href":"https:\/\/www.24baires.com\/index.php?rest_route=\/wp\/v2\/users\/11"}],"replies":[{"embeddable":true,"href":"https:\/\/www.24baires.com\/index.php?rest_route=%2Fwp%2Fv2%2Fcomments&post=41610"}],"version-history":[{"count":1,"href":"https:\/\/www.24baires.com\/index.php?rest_route=\/wp\/v2\/posts\/41610\/revisions"}],"predecessor-version":[{"id":41611,"href":"https:\/\/www.24baires.com\/index.php?rest_route=\/wp\/v2\/posts\/41610\/revisions\/41611"}],"wp:attachment":[{"href":"https:\/\/www.24baires.com\/index.php?rest_route=%2Fwp%2Fv2%2Fmedia&parent=41610"}],"wp:term":[{"taxonomy":"category","embeddable":true,"href":"https:\/\/www.24baires.com\/index.php?rest_route=%2Fwp%2Fv2%2Fcategories&post=41610"},{"taxonomy":"post_tag","embeddable":true,"href":"https:\/\/www.24baires.com\/index.php?rest_route=%2Fwp%2Fv2%2Ftags&post=41610"}],"curies":[{"name":"wp","href":"https:\/\/api.w.org\/{rel}","templated":true}]}}