{"id":4159,"date":"2012-11-02T12:24:38","date_gmt":"2012-11-02T15:24:38","guid":{"rendered":"http:\/\/www.24baires.com\/?p=4159"},"modified":"2012-11-03T10:56:42","modified_gmt":"2012-11-03T13:56:42","slug":"rozanski-las-amenazas-son-destinadas-a-provocas-decisiones","status":"publish","type":"post","link":"https:\/\/www.24baires.com\/?p=4159","title":{"rendered":"Rozanski: las amenazas \u00abson destinadas a provocar decisiones\u00bb"},"content":{"rendered":"<p><img data-recalc-dims=\"1\" loading=\"lazy\" decoding=\"async\" class=\"alignleft size-full wp-image-4160\" title=\"rozanski\" src=\"https:\/\/i0.wp.com\/www.24baires.com\/wp-content\/uploads\/2012\/11\/rozanski.jpg?resize=300%2C200\" alt=\"\" width=\"300\" height=\"200\" \/>El juez Carlos Rozanski habl\u00f3 de las intimidaciones que recibieron miembros del Tribunal que lleva adelante el juicio por los delitos cometidos durante la dictadura en el \u201cCircuito Camps\u201d.<!--more--><br \/>\nEl juez federal Carlos Rozanski confirm\u00f3 que recibieron amenazas vinculadas al proceso que llevan adelante por los cr\u00edmenes cometidos durante la dictadura en el denominado \u201cCircuito Camps\u201d.<\/p>\n<p>El presidente del Tribunal Federal Oral N\u00b0 1 de La Plata sostuvo que ese tipo de acciones \u201cson destinadas a provocar decisiones, lo que se busca es provocar que el funcionario haga o deje de hacer algo\u201d.<\/p>\n<p>No obstante, la respuesta del Tribunal ha sido \u201cdenunciarlo, no negarlo y ratificar\u201d que Argentina est\u00e1 viviendo \u201cun proceso social que empez\u00f3 hace a\u00f1os\u201d que permiti\u00f3 \u201cjuzgar delitos de lesa humanidad y mostrar que hay una forma de reaccionar frente a ese tipo de violencia, aunque sea 30 a\u00f1os despu\u00e9s, de una manera legal, con los jueces y las leyes del pa\u00eds y garantizando el debido proceso\u201d.<\/p>\n","protected":false},"excerpt":{"rendered":"<p>El juez Carlos Rozanski habl\u00f3 de las intimidaciones que recibieron miembros del Tribunal que lleva adelante el juicio por los delitos cometidos durante la dictadura en el \u201cCircuito Camps\u201d.<\/p>\n","protected":false},"author":4,"featured_media":0,"comment_status":"open","ping_status":"open","sticky":false,"template":"","format":"standard","meta":{"_jetpack_newsletter_access":"","_jetpack_dont_email_post_to_subs":false,"_jetpack_newsletter_tier_id":0,"_jetpack_memberships_contains_paywalled_content":false,"_jetpack_memberships_contains_paid_content":false,"footnotes":""},"categories":[50],"tags":[],"class_list":["post-4159","post","type-post","status-publish","format-standard","hentry","category-memoria"],"jetpack_featured_media_url":"","jetpack_shortlink":"https:\/\/wp.me\/p2JWE0-155","jetpack-related-posts":[{"id":64134,"url":"https:\/\/www.24baires.com\/?p=64134","url_meta":{"origin":4159,"position":0},"title":"El Juez Rozanski denunci\u00f3 amenazas por sentencias a represores","author":"Grupo Sierra","date":"12\/04\/2015","format":false,"excerpt":"LA PLATA.- Comenzaron despu\u00e9s de la lectura de los fundamentos de la sentencia que conden\u00f3 a quince represores. Crecieron en frecuencia y gravedad hacia todo el equipo. Para el magistrado, dan cuenta de \"una avanzada estructura log\u00edstica con informaci\u00f3n sobre el entorno social y familiar de cada uno de los\u2026","rel":"","context":"En \u00abMemoria\u00bb","block_context":{"text":"Memoria","link":"https:\/\/www.24baires.com\/?cat=50"},"img":{"alt_text":"carlos-rozanski","src":"https:\/\/i0.wp.com\/www.24baires.com\/wp-content\/uploads\/2015\/04\/carlos-rozanski.jpg?resize=350%2C200","width":350,"height":200,"srcset":"https:\/\/i0.wp.com\/www.24baires.com\/wp-content\/uploads\/2015\/04\/carlos-rozanski.jpg?resize=350%2C200 1x, https:\/\/i0.wp.com\/www.24baires.com\/wp-content\/uploads\/2015\/04\/carlos-rozanski.jpg?resize=525%2C300 1.5x"},"classes":[]},{"id":9869,"url":"https:\/\/www.24baires.com\/?p=9869","url_meta":{"origin":4159,"position":1},"title":"El Juez Rozanski habl\u00f3 del primer civil condenado por delitos de lesa humanidad","author":"Grupo Sierra","date":"20\/12\/2012","format":false,"excerpt":"LA PLATA - El presidente del Tribunal Oral Federal N\u00ba 1 de La Plata, Carlos Rozanski, se refiri\u00f3 a la sentencia que recibi\u00f3 el ex ministro de gobierno bonaerense durante la dictadura, Jaime Smart, quien es el primer civil condenado por delitos de lesa humanidad. \"Las leyes lo permiten, pero\u2026","rel":"","context":"En \u00abMemoria\u00bb","block_context":{"text":"Memoria","link":"https:\/\/www.24baires.com\/?cat=50"},"img":{"alt_text":"rozansky","src":"https:\/\/i0.wp.com\/www.24baires.com\/wp-content\/uploads\/2012\/12\/rozansky.jpg?resize=350%2C200","width":350,"height":200,"srcset":"https:\/\/i0.wp.com\/www.24baires.com\/wp-content\/uploads\/2012\/12\/rozansky.jpg?resize=350%2C200 1x, https:\/\/i0.wp.com\/www.24baires.com\/wp-content\/uploads\/2012\/12\/rozansky.jpg?resize=525%2C300 1.5x"},"classes":[]},{"id":65698,"url":"https:\/\/www.24baires.com\/?p=65698","url_meta":{"origin":4159,"position":2},"title":"Detienen a un hombre por las amenazas denunciadas por Rozanski","author":"AF","date":"11\/05\/2015","format":false,"excerpt":"El juez\u00a0Carlos Rozanski, quien juzg\u00f3 a los represores Etchecolatz y Von Wernich, hab\u00eda denunciado que sufri\u00f3 intimidaciones. Fue despu\u00e9s de leer los fundamentos del fallo sobre la condena a quince responsables de cr\u00edmenes de lesa humanidad. Un hombre fue detenido acusado de estar implicado en las amenazas que recibi\u00f3 semanas\u2026","rel":"","context":"En \u00abJUDICIALES\u00bb","block_context":{"text":"JUDICIALES","link":"https:\/\/www.24baires.com\/?cat=68"},"img":{"alt_text":"carlos-rozanski","src":"https:\/\/i0.wp.com\/www.24baires.com\/wp-content\/uploads\/2015\/04\/carlos-rozanski.jpg?resize=350%2C200","width":350,"height":200,"srcset":"https:\/\/i0.wp.com\/www.24baires.com\/wp-content\/uploads\/2015\/04\/carlos-rozanski.jpg?resize=350%2C200 1x, https:\/\/i0.wp.com\/www.24baires.com\/wp-content\/uploads\/2015\/04\/carlos-rozanski.jpg?resize=525%2C300 1.5x"},"classes":[]},{"id":89336,"url":"https:\/\/www.24baires.com\/?p=89336","url_meta":{"origin":4159,"position":3},"title":"El Gobierno acept\u00f3 la renuncia del juez Rozansky","author":"AF","date":"01\/11\/2016","format":false,"excerpt":"El magistrado, quien present\u00f3 su dimisi\u00f3n el pasado 20 de octubre, se desempe\u00f1\u00f3 por m\u00e1s de 15 a\u00f1os como presidente del TOF 1. El gobierno nacional acept\u00f3 este martes la renuncia presentada por el presidente del Tribunal Oral Federal 1 de La Plata, Carlos Rozanski, quien dimiti\u00f3 mientras se sustanciaba\u2026","rel":"","context":"En \u00abPol\u00edtica\u00bb","block_context":{"text":"Pol\u00edtica","link":"https:\/\/www.24baires.com\/?cat=51"},"img":{"alt_text":"rozansky","src":"https:\/\/i0.wp.com\/www.24baires.com\/wp-content\/uploads\/2013\/01\/rozansky.jpg?resize=350%2C200","width":350,"height":200,"srcset":"https:\/\/i0.wp.com\/www.24baires.com\/wp-content\/uploads\/2013\/01\/rozansky.jpg?resize=350%2C200 1x, https:\/\/i0.wp.com\/www.24baires.com\/wp-content\/uploads\/2013\/01\/rozansky.jpg?resize=525%2C300 1.5x"},"classes":[]},{"id":56025,"url":"https:\/\/www.24baires.com\/?p=56025","url_meta":{"origin":4159,"position":4},"title":"Rozanski: \u00abEl juicio por cr\u00edmenes en La Cacha forma parte de un proceso irreversible\u00bb","author":"AF","date":"26\/10\/2014","format":false,"excerpt":"El titular del Tribunal Oral Federal 1\u00b0 de La Plata, Carlos Rozanski, consider\u00f3 que el juicio con la condena a prisi\u00f3n perpetua de quince represores por cr\u00edmenes de lesa humanidad cometidos en el ex centro clandestino, \"suma a la reconstrucci\u00f3n de la historia del pa\u00eds\" y \"forma parte de un\u2026","rel":"","context":"En \u00abMemoria\u00bb","block_context":{"text":"Memoria","link":"https:\/\/www.24baires.com\/?cat=50"},"img":{"alt_text":"rozansky","src":"https:\/\/i0.wp.com\/www.24baires.com\/wp-content\/uploads\/2013\/01\/rozansky.jpg?resize=350%2C200","width":350,"height":200,"srcset":"https:\/\/i0.wp.com\/www.24baires.com\/wp-content\/uploads\/2013\/01\/rozansky.jpg?resize=350%2C200 1x, https:\/\/i0.wp.com\/www.24baires.com\/wp-content\/uploads\/2013\/01\/rozansky.jpg?resize=525%2C300 1.5x"},"classes":[]},{"id":29247,"url":"https:\/\/www.24baires.com\/?p=29247","url_meta":{"origin":4159,"position":5},"title":"El juez Rozanski pidi\u00f3 establecer responsabilidades en la fuga de represores","author":"AF","date":"31\/07\/2013","format":false,"excerpt":"El juez federal platense dijo que hay que \u201canalizar de qui\u00e9n es la responsabilidad desde el comienzo\u201d e investigar posibles complicidades. El presidente del Tribunal Oral Federal 1 de La Plata, Carlos Rozanski, analiz\u00f3 la fuga de Jorge Antonio Olivera y Gustavo de Marchi, quienes hab\u00edan recibido penas de prisi\u00f3n\u2026","rel":"","context":"En \u00abMemoria\u00bb","block_context":{"text":"Memoria","link":"https:\/\/www.24baires.com\/?cat=50"},"img":{"alt_text":"rozanski","src":"https:\/\/i0.wp.com\/www.24baires.com\/wp-content\/uploads\/2012\/11\/rozanski.jpg?resize=350%2C200","width":350,"height":200},"classes":[]}],"jetpack_sharing_enabled":true,"jetpack_likes_enabled":true,"_links":{"self":[{"href":"https:\/\/www.24baires.com\/index.php?rest_route=\/wp\/v2\/posts\/4159","targetHints":{"allow":["GET"]}}],"collection":[{"href":"https:\/\/www.24baires.com\/index.php?rest_route=\/wp\/v2\/posts"}],"about":[{"href":"https:\/\/www.24baires.com\/index.php?rest_route=\/wp\/v2\/types\/post"}],"author":[{"embeddable":true,"href":"https:\/\/www.24baires.com\/index.php?rest_route=\/wp\/v2\/users\/4"}],"replies":[{"embeddable":true,"href":"https:\/\/www.24baires.com\/index.php?rest_route=%2Fwp%2Fv2%2Fcomments&post=4159"}],"version-history":[{"count":3,"href":"https:\/\/www.24baires.com\/index.php?rest_route=\/wp\/v2\/posts\/4159\/revisions"}],"predecessor-version":[{"id":4271,"href":"https:\/\/www.24baires.com\/index.php?rest_route=\/wp\/v2\/posts\/4159\/revisions\/4271"}],"wp:attachment":[{"href":"https:\/\/www.24baires.com\/index.php?rest_route=%2Fwp%2Fv2%2Fmedia&parent=4159"}],"wp:term":[{"taxonomy":"category","embeddable":true,"href":"https:\/\/www.24baires.com\/index.php?rest_route=%2Fwp%2Fv2%2Fcategories&post=4159"},{"taxonomy":"post_tag","embeddable":true,"href":"https:\/\/www.24baires.com\/index.php?rest_route=%2Fwp%2Fv2%2Ftags&post=4159"}],"curies":[{"name":"wp","href":"https:\/\/api.w.org\/{rel}","templated":true}]}}