{"id":4147,"date":"2012-11-02T11:32:14","date_gmt":"2012-11-02T14:32:14","guid":{"rendered":"http:\/\/www.24baires.com\/?p=4147"},"modified":"2012-11-02T11:32:14","modified_gmt":"2012-11-02T14:32:14","slug":"el-juez-de-las-carreras-fue-denunciado-por-el-gobierno-por-presunta-recepcion-de-dadivas-de-clarin","status":"publish","type":"post","link":"https:\/\/www.24baires.com\/?p=4147","title":{"rendered":"El juez De las Carreras fue denunciado por el Gobierno por presunta \u00abrecepci\u00f3n de d\u00e1divas\u00bb de Clar\u00edn"},"content":{"rendered":"<p><img data-recalc-dims=\"1\" loading=\"lazy\" decoding=\"async\" class=\"alignleft size-medium wp-image-4148\" title=\"de las carreras2\" src=\"https:\/\/i0.wp.com\/www.24baires.com\/wp-content\/uploads\/2012\/11\/de-las-carreras2.jpg?resize=300%2C179\" alt=\"\" width=\"300\" height=\"179\" srcset=\"https:\/\/i0.wp.com\/www.24baires.com\/wp-content\/uploads\/2012\/11\/de-las-carreras2.jpg?resize=300%2C179&amp;ssl=1 300w, https:\/\/i0.wp.com\/www.24baires.com\/wp-content\/uploads\/2012\/11\/de-las-carreras2.jpg?w=560&amp;ssl=1 560w\" sizes=\"auto, (max-width: 300px) 100vw, 300px\" \/>En la presentaci\u00f3n solicita que se investigue el delito de \u00abrecepci\u00f3n de d\u00e1divas\u00bb por parte del juez, quien particip\u00f3 de un congreso en Miami organizado por una ONG que integra y financia el Grupo Clar\u00edn.<!--more--><br \/>\nEn rueda de prensa, el ministro de Justicia, Julio Alak, inform\u00f3 que el jefe de Gabinete, Juan Manuel Abal Medina, impuls\u00f3 una investigaci\u00f3n penal sobre el juez -integrante de la Sala I de la C\u00e1mara Nacional de Apelaciones en lo Civil y Comercial- recusado en la causa por la constitucionalidad del art\u00edculo 161 de la Ley de Medios.<br \/>\nLa presentaci\u00f3n ante la Procuraci\u00f3n General de la Naci\u00f3n, realizada esta ma\u00f1ana por la Jefatura de Gabinete, aporta prueba documental que acredita la realizaci\u00f3n del evento y la participaci\u00f3n de De Las Carreras financiada por CERTAL, \u00abelementos suficientes para impulsar la investigaci\u00f3n penal sobre el camarista\u00bb, seg\u00fan la cartera de Justicia.<br \/>\nSeg\u00fan se explic\u00f3, el camarista admiti\u00f3 que en mayo de este a\u00f1o viaj\u00f3 a Miami y se aloj\u00f3 en un hotel cinco estrellas con todos los gastos pagos por el Centro de Estudios para el Desarrollo de las Telecomunicaciones y el Acceso a la Sociedad de la Informaci\u00f3n en Am\u00e9rica Latina (CERTAL), una organizaci\u00f3n que integra y financia el propio Grupo Clar\u00edn.<br \/>\nDe las Carreras interviene en la demanda por inconstitucionalidad del art\u00edculo 161 de la ley de Medios interpuesta por el Grupo Clar\u00edn, ya fall\u00f3 en distintas oportunidades a favor de los intereses del multimedio, y tiene actualmente en estudio la pr\u00f3rroga de la medida cautelar que mantiene suspendida la vigencia plena de esa norma.<br \/>\n\u00abEl juez se encuentra en una posici\u00f3n muy delicada porque existen elementos suficientes para promover una investigaci\u00f3n penal a efectos de que la justicia determine si incurri\u00f3 en el delito de recepci\u00f3n de d\u00e1divas al aceptar que una organizaci\u00f3n estrechamente vinculada a este grupo empresario le pague un oneroso viaje al exterior\u00bb, afirm\u00f3 Alak.<br \/>\nJunto al ministro de Justicia, estuvieron presentes el senador nacional Marcelo Fuentes y el representante del Poder Ejecutivo en el Consejo de la Magistratura, Hern\u00e1n Ordiales.<br \/>\nFuentes, quien tambi\u00e9n integra el Consejo de la Magistratura, record\u00f3 que De las Carreras \u00abfue recusado por la Jefatura de Gabinete al conocerse que, en mayo, particip\u00f3 de un congreso de comunicaci\u00f3n audiovisual organizado por CERTAL, una organizaci\u00f3n que opera como lobista de grandes conglomerados de medios y est\u00e1 integrada, entre otros, por el Grupo Clar\u00edn\u00bb.<br \/>\nEn tanto, Ordiales agreg\u00f3 que \u00abel evento fue auspiciado, y por lo tanto financiado, por la empresa Cablevisi\u00f3n, la operadora monop\u00f3lica de cable integrante del multimedios\u00bb.<br \/>\n\u00abEs inadmisible que un juez de la Naci\u00f3n acceda a participar de actividades organizadas, promovidas y financiadas por un grupo econ\u00f3mico que es parte en un expediente judicial en el que est\u00e1 interviniendo y adoptando resoluciones\u00bb, asever\u00f3 Alak.<br \/>\nPrecis\u00f3 adem\u00e1s que el gerente de Asuntos Regulatorios del Grupo Clar\u00edn, Hern\u00e1n Verdaguer, es director titular del Consejo Directivo de CERTAL.<br \/>\nAdem\u00e1s, al momento de realizarse el congreso, el titular de la Asociaci\u00f3n Argentina de Televisi\u00f3n por Cable (ATVC) -controlada por Clar\u00edn- Walter Burzaco, era una de las principales autoridades de la Comisi\u00f3n de Asuntos P\u00fablicos y Regulaci\u00f3n de la ONG, y Sergio Piris, asesor legal principal de Cablevisi\u00f3n, es el presidente de la Comisi\u00f3n Antipirater\u00eda.<br \/>\nConsignaron tambi\u00e9n que el congreso de Miami fue auspiciado institucionalmente por CAPPSA, uno de cuyos principales directivos, Pablo Casey, es sobrino del CEO de Clar\u00edn, H\u00e9ctor Magnetto.<br \/>\nPor \u00faltimo, se inform\u00f3 que la apertura del encuentro cont\u00f3 con las disertaciones del gerente general de Cablevisi\u00f3n, Carlos Moltini, y del vicepresidente de la C\u00e1mara Nacional de Apelaciones en lo Civil y Comercial Federal de la Capital Federal, Ricardo Recondo, cuya hija, Ana In\u00e9s, es la Coordinadora General para la Argentina de CERTAL.<\/p>\n","protected":false},"excerpt":{"rendered":"<p>En la presentaci\u00f3n solicita que se investigue el delito de \u00abrecepci\u00f3n de d\u00e1divas\u00bb por parte del juez, quien particip\u00f3 de un congreso en Miami organizado por una ONG que integra y financia el Grupo Clar\u00edn.<\/p>\n","protected":false},"author":4,"featured_media":0,"comment_status":"open","ping_status":"open","sticky":false,"template":"","format":"standard","meta":{"_jetpack_newsletter_access":"","_jetpack_dont_email_post_to_subs":false,"_jetpack_newsletter_tier_id":0,"_jetpack_memberships_contains_paywalled_content":false,"_jetpack_memberships_contains_paid_content":false,"footnotes":""},"categories":[54],"tags":[],"class_list":["post-4147","post","type-post","status-publish","format-standard","hentry","category-medios"],"jetpack_featured_media_url":"","jetpack_shortlink":"https:\/\/wp.me\/p2JWE0-14T","jetpack-related-posts":[{"id":4309,"url":"https:\/\/www.24baires.com\/?p=4309","url_meta":{"origin":4147,"position":0},"title":"El CERTAL reconoci\u00f3 que entre sus sponsors est\u00e1 el Grupo Clar\u00edn","author":"Grupo Sierra","date":"03\/11\/2012","format":false,"excerpt":"La ONG que invit\u00f3 al magistrado Francisco Horacio de las Carreras a participar de un congreso realizado en Miami con los gastos de alojamiento y pasajes pagos, amiti\u00f3 que su \"principal fuente de financiamiento son los aportes que realizan los diversos sponsors\", entre los que se cuentan varias empresas pertenecientes\u2026","rel":"","context":"En \u00abMedios\u00bb","block_context":{"text":"Medios","link":"https:\/\/www.24baires.com\/?cat=54"},"img":{"alt_text":"","src":"","width":0,"height":0},"classes":[]},{"id":4851,"url":"https:\/\/www.24baires.com\/?p=4851","url_meta":{"origin":4147,"position":1},"title":"Finalmente imputaron al camarista que viaj\u00f3 a Miami financiado por Clar\u00edn","author":"Grupo Sierra","date":"09\/11\/2012","format":false,"excerpt":"El fiscal Eduardo Taiano imput\u00f3 al camarista civil y comercial federal Francisco de las Carreras. Se trata de uno de los jueces que particip\u00f3 de un congreso en Miami, que auspici\u00f3 y financi\u00f3 el Grupo Clar\u00edn. El camarista, competente en una de las principales causas en las que el grupo\u2026","rel":"","context":"En \u00abMedios\u00bb","block_context":{"text":"Medios","link":"https:\/\/www.24baires.com\/?cat=54"},"img":{"alt_text":"","src":"","width":0,"height":0},"classes":[]},{"id":6251,"url":"https:\/\/www.24baires.com\/?p=6251","url_meta":{"origin":4147,"position":2},"title":"Se resolver\u00e1 la situaci\u00f3n del juez De las Carreras con jueces contenciosos","author":"AF","date":"21\/11\/2012","format":false,"excerpt":"La C\u00e1mara Civil resolver\u00e1 la recusaci\u00f3n del magistrado Francisco de las Carreras con jueces del fuero Contencioso Administrativo. Junto a Susana Najurieta, esos jueces resolver\u00e1n la situaci\u00f3n del funcionario investigado por d\u00e1divas del Grupo Clar\u00edn. Los integrantes de la C\u00e1mara Civil y Comercial aceptaron incorporar dos integrantes de la C\u00e1mara\u2026","rel":"","context":"En \u00abPol\u00edtica\u00bb","block_context":{"text":"Pol\u00edtica","link":"https:\/\/www.24baires.com\/?cat=51"},"img":{"alt_text":"","src":"","width":0,"height":0},"classes":[]},{"id":10904,"url":"https:\/\/www.24baires.com\/?p=10904","url_meta":{"origin":4147,"position":3},"title":"El Gobierno solicitar\u00e1 la habilitaci\u00f3n de la feria judicial para tratar la Ley de Medios","author":"AF","date":"01\/01\/2013","format":false,"excerpt":"El gobierno pedir\u00e1 este mi\u00e9rcoles, en el primer d\u00eda h\u00e1bil del a\u00f1o, que la C\u00e1mara Federal Civil y Comercial Federal habilite la feria judicial de enero para resolver con \u201cceleridad\u201d la causa planteada por el grupo Clar\u00edn contra la Ley de Medios. La presentaci\u00f3n la har\u00e1 a primera hora la\u2026","rel":"","context":"En \u00abMedios\u00bb","block_context":{"text":"Medios","link":"https:\/\/www.24baires.com\/?cat=54"},"img":{"alt_text":"","src":"","width":0,"height":0},"classes":[]},{"id":111000,"url":"https:\/\/www.24baires.com\/?p=111000","url_meta":{"origin":4147,"position":4},"title":"La Justicia desestim\u00f3 una acusaci\u00f3n contra la productora de 678","author":"AF","date":"29\/06\/2019","format":false,"excerpt":"El juez federal Torres desestim\u00f3 la denuncia por \u201cinexistencia de delito\u201d. Explic\u00f3 que la acusaci\u00f3n estuvo \u201cdesprovista de cualquier sustento de razonabilidad\u201d. La Justicia federal desestim\u00f3 por \u201cinexistencia de delito\u201d una denuncia por supuesto \u201cdesv\u00edo de fondos\u201d millonarios desde el gobierno de Cristina Kirchner hacia la productora del programa 678\u2026","rel":"","context":"En \u00abJUDICIALES\u00bb","block_context":{"text":"JUDICIALES","link":"https:\/\/www.24baires.com\/?cat=68"},"img":{"alt_text":"","src":"https:\/\/i0.wp.com\/www.24baires.com\/wp-content\/uploads\/2016\/07\/laurita-alonso.jpg?resize=350%2C200","width":350,"height":200,"srcset":"https:\/\/i0.wp.com\/www.24baires.com\/wp-content\/uploads\/2016\/07\/laurita-alonso.jpg?resize=350%2C200 1x, https:\/\/i0.wp.com\/www.24baires.com\/wp-content\/uploads\/2016\/07\/laurita-alonso.jpg?resize=525%2C300 1.5x"},"classes":[]},{"id":13129,"url":"https:\/\/www.24baires.com\/?p=13129","url_meta":{"origin":4147,"position":5},"title":"Tanto el Gobierno como Clar\u00edn presentaron fundamentos de las apelaciones","author":"AF","date":"22\/01\/2013","format":false,"excerpt":"Se trata de los fundamentos de las apelaciones que hicieron el mes pasado contra el fallo del juez civil y comercial federal Horacio Alfonso, quien se pronunci\u00f3 en favor de la constitucionalidad de los art\u00edculos de la ley de medios. Se trata del fallo de primera instancia del juez Horacio\u2026","rel":"","context":"En \u00abMedios\u00bb","block_context":{"text":"Medios","link":"https:\/\/www.24baires.com\/?cat=54"},"img":{"alt_text":"","src":"","width":0,"height":0},"classes":[]}],"jetpack_sharing_enabled":true,"jetpack_likes_enabled":true,"_links":{"self":[{"href":"https:\/\/www.24baires.com\/index.php?rest_route=\/wp\/v2\/posts\/4147","targetHints":{"allow":["GET"]}}],"collection":[{"href":"https:\/\/www.24baires.com\/index.php?rest_route=\/wp\/v2\/posts"}],"about":[{"href":"https:\/\/www.24baires.com\/index.php?rest_route=\/wp\/v2\/types\/post"}],"author":[{"embeddable":true,"href":"https:\/\/www.24baires.com\/index.php?rest_route=\/wp\/v2\/users\/4"}],"replies":[{"embeddable":true,"href":"https:\/\/www.24baires.com\/index.php?rest_route=%2Fwp%2Fv2%2Fcomments&post=4147"}],"version-history":[{"count":2,"href":"https:\/\/www.24baires.com\/index.php?rest_route=\/wp\/v2\/posts\/4147\/revisions"}],"predecessor-version":[{"id":4150,"href":"https:\/\/www.24baires.com\/index.php?rest_route=\/wp\/v2\/posts\/4147\/revisions\/4150"}],"wp:attachment":[{"href":"https:\/\/www.24baires.com\/index.php?rest_route=%2Fwp%2Fv2%2Fmedia&parent=4147"}],"wp:term":[{"taxonomy":"category","embeddable":true,"href":"https:\/\/www.24baires.com\/index.php?rest_route=%2Fwp%2Fv2%2Fcategories&post=4147"},{"taxonomy":"post_tag","embeddable":true,"href":"https:\/\/www.24baires.com\/index.php?rest_route=%2Fwp%2Fv2%2Ftags&post=4147"}],"curies":[{"name":"wp","href":"https:\/\/api.w.org\/{rel}","templated":true}]}}