{"id":41458,"date":"2014-03-03T17:30:08","date_gmt":"2014-03-03T20:30:08","guid":{"rendered":"http:\/\/www.24baires.com\/?p=41458"},"modified":"2014-03-03T17:23:56","modified_gmt":"2014-03-03T20:23:56","slug":"mas-cupos-mas-dignidad","status":"publish","type":"post","link":"https:\/\/www.24baires.com\/?p=41458","title":{"rendered":"M\u00e1s cupos, m\u00e1s dignidad"},"content":{"rendered":"<p><img data-recalc-dims=\"1\" loading=\"lazy\" decoding=\"async\" class=\"aligncenter size-full wp-image-41459\" alt=\"c\u00e1rcel\" src=\"https:\/\/i0.wp.com\/www.24baires.com\/wp-content\/uploads\/2014\/03\/c%C3%A1rcel.jpg?resize=560%2C363\" width=\"560\" height=\"363\" srcset=\"https:\/\/i0.wp.com\/www.24baires.com\/wp-content\/uploads\/2014\/03\/c%C3%A1rcel.jpg?w=560&amp;ssl=1 560w, https:\/\/i0.wp.com\/www.24baires.com\/wp-content\/uploads\/2014\/03\/c%C3%A1rcel.jpg?resize=300%2C194&amp;ssl=1 300w\" sizes=\"auto, (max-width: 560px) 100vw, 560px\" \/>El mi\u00e9rcoles 26 de febrero se conoci\u00f3 una resoluci\u00f3n de la Sala V de la C\u00e1mara en lo Contencioso Administrativo Federal, mediante la cual se orden\u00f3 indemnizar con $30.000 a cuatro personas que hab\u00edan sido detenidas y alojadas en el Penal de Devoto. Los cuatro hombres convivieron 14 meses en el Pabell\u00f3n N\u00ba 14 con otros 380 detenidos y todos compart\u00edan solo 80 camas, cuatro ba\u00f1os, cuatro duchas, una pileta de uso com\u00fan y veinte sillas, rodeados de gran cantidad de cucarachas, sin luz y con un recreo de dos veces por semana de horas.<!--more--><\/p>\n<p>\u00bfQu\u00e9 dijeron los jueces en la resoluci\u00f3n? Que correspond\u00eda hacer lugar a un resarcimiento por las condiciones de detenci\u00f3n, determinando que \u00aberan indignas de la condici\u00f3n humana\u00bb. Como corolario de la situaci\u00f3n, los cuatro hombres estaban acusados de varios delitos pero finalmente se los declar\u00f3 inocentes, y a uno incluso se lo hab\u00eda detenido porque la polic\u00eda lo confundi\u00f3 con otro \u201cde similares caracter\u00edsticas\u201d. Verdaderamente indignante.<\/p>\n<p>De todas maneras, no queremos quedarnos solamente con el rechazo que nos produce saber que personas inocentes han sido privadas de su libertad por tanto tiempo. No. Que el \u00e1rbol no nos tape el bosque.<\/p>\n<p>La sobrepoblaci\u00f3n carcelaria es \u2013y aunque sea triste decirlo tan abiertamente\u2013 moneda corriente en las c\u00e1rceles argentinas. \u00bfC\u00f3mo se ha llegado y permanecido a este nivel de encarcelamiento? Son muchos los factores. Los abusos de la prisi\u00f3n preventiva por parte de las agencias judiciales (entre un 60 y 75% de la poblaci\u00f3n carcelaria est\u00e1n en calidad de procesados, esperando la realizaci\u00f3n de su juicio); la falta de imaginaci\u00f3n y creatividad, y de sentido com\u00fan en muchos casos, por parte de los legisladores y los actores del poder judicial al momento de establecer penas alternativas y distintas a la prisi\u00f3n y la vista gorda del poder que se dedica a controlar la infraestructura y condiciones carcelarias, entre muchas otras causales.<\/p>\n<p>La sobrepoblaci\u00f3n carcelaria afecta directamente derechos esenciales que tienen las personas privadas de libertad, tales como la alimentaci\u00f3n, la higiene, la salud, la recreaci\u00f3n y muchas veces en su mism\u00edsima vida. Se sabe bien que la c\u00e1rcel solo priva (o deber\u00eda privar) el derecho a la libertad de locomoci\u00f3n. Pero en la realidad el encierro implica la privaci\u00f3n de m\u00faltiples derechos, y ello, en parte, est\u00e1 vinculado con las condiciones de hacinamiento y de abandono del Estado respecto de personas de quien ocupa un rol de garante.<\/p>\n<p>Pero resta mencionar la condici\u00f3n que define la existencia de la problem\u00e1tica. Condici\u00f3n que, por elemental y evidente, a veces se deja de lado. Y ella es la capacidad m\u00e1xima de alojamiento de las unidades penitenciarias.<\/p>\n<p>Una prisi\u00f3n, por definici\u00f3n, est\u00e1 sobrepoblada cuando, en base a alg\u00fan criterio, se ha fijado una capacidad de alojamiento m\u00e1ximo para sus celdas y pabellones, y la cantidad de personas privadas de libertad alojadas son superiores a las plazas previstas. L\u00f3gica pura, \u00bfverdad?<br \/>\nTan l\u00f3gico como que no deben enviarse m\u00e1s personas a un establecimiento que, por su estructura original, no da abasto para albergar a m\u00e1s personas. Tan l\u00f3gico como que, cuando se est\u00e9 por completar la capacidad m\u00e1xima de plazas, se al menos avise al organismo correspondiente para que empiece a tomar medidas que impidan \u201csobrepasar\u201d el n\u00famero de personas que puede soportar la estructura del establecimiento.<\/p>\n<p>El a\u00f1o pasado la Procuraci\u00f3n Penitenciaria Nacional (PPN) present\u00f3 un proyecto denominado \u201cLey para la Acreditaci\u00f3n Funcional de Establecimientos para la Privaci\u00f3n de la Libertad y Control de la Superpoblaci\u00f3n\u00bb. Este proyecto propone determinar la capacidad de alojamiento de cada prisi\u00f3n en base a criterios definidos, controlar eficiente y diariamente dicha capacidad, y permitir el empleo de mecanismos para descongestionar la poblaci\u00f3n carcelaria. Se erige al Comit\u00e9 Nacional para la Prevenci\u00f3n de la Tortura (CNPT) como organismo de aplicaci\u00f3n de la ley.<\/p>\n<p>Muchos demonizan y asocian la idea de establecer un cupo carcelario con la de \u201csoltar delincuentes feroces a la calle, asesinos seriales, violadores\u2026\u201d. Lejos de ello, los mecanismos propuestos apuntan a otorgar la libertad a quienes tienen condenas cortas, por delitos menores, o que ya est\u00e1n en reg\u00edmenes de semi-libertad.<\/p>\n<p>La propuesta, entonces, nos parece esencialmente l\u00f3gica. Cuando no nos entran m\u00e1s prendas en el armario, luego de ver si nos queda espacio en otros roperos, nos comenzamos a preguntar \u00bfno tendr\u00e9 ropa de m\u00e1s? Generalmente, las prendas m\u00e1s antiguas, gastadas, las que no son nuestras, suelen ser las primeras en abandonar la casa. \u00bfPorque? Porque compramos la ropa para vestirnos en distintas ocasiones y, como todas cosas, con el transcurso del tiempo cumple su finalidad.<\/p>\n<p>Lo mismo ocurre con las personas privadas de libertad. Pero las personas, a diferencia de una mera cosa, tienen dignidad y derechos por su calidad de tales. No tiene raz\u00f3n de ser comprar m\u00e1s armarios con el fin de acumular y acumular prendas. Tampoco tiene raz\u00f3n de ser construir m\u00e1s y m\u00e1s c\u00e1rceles, solo para contener masivamente a personas que han infligido la literalidad de una norma. Menos raz\u00f3n de ser a\u00fan, si cada vez m\u00e1s les preguntamos \u201c\u00bfqu\u00e9 hiciste?\u201d, en vez de \u201c\u00bfpor qu\u00e9 lo hiciste? \u00bfc\u00f3mo crees que pod\u00e9s solucionarlo? \u00bfnecesit\u00e1s ayuda?\u201d.<\/p>\n<p>Con la intenci\u00f3n de ir m\u00e1s lejos, tanto nos ha cegado nuestra sed de que \u201cel otro\u201d cumpla hasta el \u00faltimo d\u00eda de su \u2013cuando la tiene\u2013 condena (ese que infligi\u00f3 una norma, pas\u00f3 a una prisi\u00f3n, empez\u00f3 a padecer condiciones de hacinamiento y ahora nos oponemos a que salga en libertad), que nos olvidamos que tambi\u00e9n se le afectan derechos y salud a los empleados penitenciarios. Nadie cuenta que la sobrepoblaci\u00f3n no hace m\u00e1s que agravar la violaci\u00f3n a los derechos humanos de quienes, desde el vamos, deben regirse bajo un r\u00e9gimen anacr\u00f3nico e inconstitucional. Nadie.<\/p>\n<p>Entendemos que agregarle una cuota de racionalidad, humanidad y l\u00f3gica al sistema penal en sus distintas manifestaciones es el camino que se debe recorrer. Hoy nos toca proponer el cupo carcelario en un contexto de lucha por una mayor dignidad humana, de quienes son alojados y de quienes est\u00e1n a su lado. Esperemos que, a mediano plazo, las deplorables condiciones actuales de nuestras c\u00e1rceles sean solo una mera an\u00e9cdota.<\/p>\n<p>&nbsp;<\/p>\n<p>&nbsp;<\/p>\n<p>&nbsp;<\/p>\n<p>&nbsp;<\/p>\n<p>&nbsp;<\/p>\n<p>&nbsp;<\/p>\n<p>&nbsp;<\/p>\n<p>&nbsp;<\/p>\n<p>&nbsp;<\/p>\n<p>&nbsp;<\/p>\n","protected":false},"excerpt":{"rendered":"<p>El mi\u00e9rcoles 26 de febrero se conoci\u00f3 una resoluci\u00f3n de la Sala V de la C\u00e1mara en lo Contencioso Administrativo Federal, mediante la cual se orden\u00f3 indemnizar con $30.000 a cuatro personas que hab\u00edan sido detenidas y alojadas en el Penal de Devoto. Los cuatro hombres convivieron 14 meses en el Pabell\u00f3n N\u00ba 14 con otros 380 detenidos y todos [&#8230;]<\/p>\n","protected":false},"author":11,"featured_media":0,"comment_status":"open","ping_status":"open","sticky":false,"template":"","format":"standard","meta":{"_jetpack_newsletter_access":"","_jetpack_dont_email_post_to_subs":false,"_jetpack_newsletter_tier_id":0,"_jetpack_memberships_contains_paywalled_content":false,"_jetpack_memberships_contains_paid_content":false,"footnotes":""},"categories":[64],"tags":[],"class_list":["post-41458","post","type-post","status-publish","format-standard","hentry","category-opinion"],"jetpack_featured_media_url":"","jetpack_shortlink":"https:\/\/wp.me\/p2JWE0-aMG","jetpack-related-posts":[{"id":49842,"url":"https:\/\/www.24baires.com\/?p=49842","url_meta":{"origin":41458,"position":0},"title":"Bah\u00eda Blanca: cuatro detenidos por intento de robo despu\u00e9s del partido","author":"AF","date":"14\/07\/2014","format":false,"excerpt":"El robo fue descubierto por el due\u00f1o de la oficina, quien pudo observar el ingreso de los delincuentes desde su tel\u00e9fono celular gracias a las c\u00e1maras de circuito cerrado de televisi\u00f3n ubicadas en el lugar. El hecho ocurri\u00f3 pasadas las 19.30 de ayer, cuando los ladrones provistos con diversas herramientas\u2026","rel":"","context":"En \u00abLocales\u00bb","block_context":{"text":"Locales","link":"https:\/\/www.24baires.com\/?cat=38"},"img":{"alt_text":"","src":"","width":0,"height":0},"classes":[]},{"id":52786,"url":"https:\/\/www.24baires.com\/?p=52786","url_meta":{"origin":41458,"position":1},"title":"Esc\u00e1ndalo en Tribunales de San Isidro: trabajan sin gas, luz ni agua","author":"Grupo Sierra","date":"31\/08\/2014","format":false,"excerpt":"El bochornoso caso tom\u00f3 por sorpresa a los abogados. La Corte provincial aval\u00f3 la reducci\u00f3n de la jornada ante la falta de servicios. En el D\u00eda del Abogado, los profesionales que se acercaron al edificio central de los Tribunales de San Isidro recibieron un desagradable \"regalo\": se enteraron que, desde\u2026","rel":"","context":"En \u00abLocales\u00bb","block_context":{"text":"Locales","link":"https:\/\/www.24baires.com\/?cat=38"},"img":{"alt_text":"tribunales san isidro","src":"https:\/\/i0.wp.com\/www.24baires.com\/wp-content\/uploads\/2014\/08\/tribunales-san-isidro.jpg?resize=350%2C200","width":350,"height":200,"srcset":"https:\/\/i0.wp.com\/www.24baires.com\/wp-content\/uploads\/2014\/08\/tribunales-san-isidro.jpg?resize=350%2C200 1x, https:\/\/i0.wp.com\/www.24baires.com\/wp-content\/uploads\/2014\/08\/tribunales-san-isidro.jpg?resize=525%2C300 1.5x"},"classes":[]},{"id":105783,"url":"https:\/\/www.24baires.com\/?p=105783","url_meta":{"origin":41458,"position":2},"title":"Ritondo ech\u00f3 a cinco polic\u00edas por la \u00abmasacre\u00bb en la comisar\u00eda de Esteban Echeverr\u00eda","author":"GB","date":"06\/12\/2018","format":false,"excerpt":"La Auditor\u00eda de Asuntos Internos desafect\u00f3 a un subcomisario y a cuatro agentes tras el incendio que dej\u00f3 un saldo de nueve muertos. Tras las denuncias de organismos de derechos humanos, el Ministerio de Seguridad bonaerense desafect\u00f3 a los cinco polic\u00edas que prestaban funciones en la Comisar\u00eda Tercera de Esteban\u2026","rel":"","context":"En \u00abProvincia\u00bb","block_context":{"text":"Provincia","link":"https:\/\/www.24baires.com\/?cat=40"},"img":{"alt_text":"","src":"https:\/\/i0.wp.com\/www.24baires.com\/wp-content\/uploads\/2018\/11\/echeverr%C3%ADa.jpg?resize=350%2C200","width":350,"height":200,"srcset":"https:\/\/i0.wp.com\/www.24baires.com\/wp-content\/uploads\/2018\/11\/echeverr%C3%ADa.jpg?resize=350%2C200 1x, https:\/\/i0.wp.com\/www.24baires.com\/wp-content\/uploads\/2018\/11\/echeverr%C3%ADa.jpg?resize=525%2C300 1.5x"},"classes":[]},{"id":105456,"url":"https:\/\/www.24baires.com\/?p=105456","url_meta":{"origin":41458,"position":3},"title":"La comisar\u00eda en la que murieron los reclusos hab\u00eda sido clausurada por la Justicia","author":"GB","date":"15\/11\/2018","format":false,"excerpt":"La Comisi\u00f3n por la Memoria denunci\u00f3 que, por orden de la Justicia, la Comisar\u00eda siniestrada en Esteban Echeverr\u00eda no deb\u00eda alojar presos. En Seguridad lo admiten, pero se quejan de que los mismos jueces \u201csiguen enviando presos\u201d. El incendio de la Comisar\u00eda 3ra de Esteban Echeverr\u00eda, que dej\u00f3 como saldo\u2026","rel":"","context":"En \u00abSociedad\u00bb","block_context":{"text":"Sociedad","link":"https:\/\/www.24baires.com\/?cat=1"},"img":{"alt_text":"","src":"https:\/\/i0.wp.com\/www.24baires.com\/wp-content\/uploads\/2018\/11\/comisaria-esteban-echeverria.jpg?resize=350%2C200","width":350,"height":200,"srcset":"https:\/\/i0.wp.com\/www.24baires.com\/wp-content\/uploads\/2018\/11\/comisaria-esteban-echeverria.jpg?resize=350%2C200 1x, https:\/\/i0.wp.com\/www.24baires.com\/wp-content\/uploads\/2018\/11\/comisaria-esteban-echeverria.jpg?resize=525%2C300 1.5x"},"classes":[]},{"id":108327,"url":"https:\/\/www.24baires.com\/?p=108327","url_meta":{"origin":41458,"position":4},"title":"La Justicia confirm\u00f3 la \u201crebeld\u00eda\u201d del fiscal Stornelli por no presentarse a indagatoria","author":"GB","date":"22\/05\/2019","format":false,"excerpt":"La C\u00e1mara Federal de Mar del Plata ratific\u00f3 la resoluci\u00f3n dictada por el juez Alejo Ramos Padilla ante la negativa del fiscal a presentarse a declarar en la causa por espionaje. Y confirma que debe cumplir de inmediato con los llamados a indagatoria. La C\u00e1mara Federal de Mar del Plata\u2026","rel":"","context":"En \u00abPol\u00edtica\u00bb","block_context":{"text":"Pol\u00edtica","link":"https:\/\/www.24baires.com\/?cat=51"},"img":{"alt_text":"","src":"https:\/\/i0.wp.com\/www.24baires.com\/wp-content\/uploads\/2019\/03\/stornelli.jpg?resize=350%2C200","width":350,"height":200,"srcset":"https:\/\/i0.wp.com\/www.24baires.com\/wp-content\/uploads\/2019\/03\/stornelli.jpg?resize=350%2C200 1x, https:\/\/i0.wp.com\/www.24baires.com\/wp-content\/uploads\/2019\/03\/stornelli.jpg?resize=525%2C300 1.5x"},"classes":[]},{"id":119784,"url":"https:\/\/www.24baires.com\/?p=119784","url_meta":{"origin":41458,"position":5},"title":"Diputados aprob\u00f3 la admisibilidad al juicio pol\u00edtico a los miembros de la Corte Suprema","author":"AF","date":"09\/02\/2023","format":false,"excerpt":"El Frente de Todos, con 16 votos, se impuso en la votaci\u00f3n que permitir\u00e1 avanzar hacia la apertura del sumario para acumular las pruebas que sostengan la acusaci\u00f3n contra los magistrados Horacio Rosatti, Carlos Rosenkrantz, Juan Carlos Maqueda y Ricardo Lorenzetti. El Frente de Todos (FdT) consigui\u00f3 este jueves aprobar\u2026","rel":"","context":"En \u00abPol\u00edtica\u00bb","block_context":{"text":"Pol\u00edtica","link":"https:\/\/www.24baires.com\/?cat=51"},"img":{"alt_text":"","src":"https:\/\/i0.wp.com\/www.24baires.com\/wp-content\/uploads\/2023\/02\/Diputados-AproboAdmisibJuicioPolitico-696x451-1.jpg?resize=350%2C200","width":350,"height":200,"srcset":"https:\/\/i0.wp.com\/www.24baires.com\/wp-content\/uploads\/2023\/02\/Diputados-AproboAdmisibJuicioPolitico-696x451-1.jpg?resize=350%2C200 1x, https:\/\/i0.wp.com\/www.24baires.com\/wp-content\/uploads\/2023\/02\/Diputados-AproboAdmisibJuicioPolitico-696x451-1.jpg?resize=525%2C300 1.5x, https:\/\/i0.wp.com\/www.24baires.com\/wp-content\/uploads\/2023\/02\/Diputados-AproboAdmisibJuicioPolitico-696x451-1.jpg?resize=700%2C400 2x"},"classes":[]}],"jetpack_sharing_enabled":true,"jetpack_likes_enabled":true,"_links":{"self":[{"href":"https:\/\/www.24baires.com\/index.php?rest_route=\/wp\/v2\/posts\/41458","targetHints":{"allow":["GET"]}}],"collection":[{"href":"https:\/\/www.24baires.com\/index.php?rest_route=\/wp\/v2\/posts"}],"about":[{"href":"https:\/\/www.24baires.com\/index.php?rest_route=\/wp\/v2\/types\/post"}],"author":[{"embeddable":true,"href":"https:\/\/www.24baires.com\/index.php?rest_route=\/wp\/v2\/users\/11"}],"replies":[{"embeddable":true,"href":"https:\/\/www.24baires.com\/index.php?rest_route=%2Fwp%2Fv2%2Fcomments&post=41458"}],"version-history":[{"count":1,"href":"https:\/\/www.24baires.com\/index.php?rest_route=\/wp\/v2\/posts\/41458\/revisions"}],"predecessor-version":[{"id":41460,"href":"https:\/\/www.24baires.com\/index.php?rest_route=\/wp\/v2\/posts\/41458\/revisions\/41460"}],"wp:attachment":[{"href":"https:\/\/www.24baires.com\/index.php?rest_route=%2Fwp%2Fv2%2Fmedia&parent=41458"}],"wp:term":[{"taxonomy":"category","embeddable":true,"href":"https:\/\/www.24baires.com\/index.php?rest_route=%2Fwp%2Fv2%2Fcategories&post=41458"},{"taxonomy":"post_tag","embeddable":true,"href":"https:\/\/www.24baires.com\/index.php?rest_route=%2Fwp%2Fv2%2Ftags&post=41458"}],"curies":[{"name":"wp","href":"https:\/\/api.w.org\/{rel}","templated":true}]}}