{"id":4144,"date":"2012-11-02T11:10:19","date_gmt":"2012-11-02T14:10:19","guid":{"rendered":"http:\/\/www.24baires.com\/?p=4144"},"modified":"2012-11-02T11:10:19","modified_gmt":"2012-11-02T14:10:19","slug":"bragado-mas-de-500-motos-secuestradas-por-transito-podrian-ser-confiscadas","status":"publish","type":"post","link":"https:\/\/www.24baires.com\/?p=4144","title":{"rendered":"Bragado: m\u00e1s de 500 motos secuestradas por Tr\u00e1nsito podr\u00edan ser confiscadas"},"content":{"rendered":"<p>Est\u00e1n en los dep\u00f3sitos municipales producto de los secuestros por faltas de transito. Alguno de los rodados tienen un valor superior a los 10 mil pesos sin embrago sus propietarios no las retiran.<!--more--><\/p>\n<p>El Director de Transito Bernardo Coronel dijo que se estudia la posibilidad que la mayor\u00eda de las motos albergadas en los dep\u00f3sitos municipales producto de los secuestros por faltas de transito, sean confiscadas<\/p>\n<p>Hay m\u00e1s de 500 motos en esta situaci\u00f3n, el funcionario asever\u00f3 que se estar\u00eda tomando esta determinaci\u00f3n debido a que los propietarios no acuden a retirarlas. En algunos casos la estad\u00eda que deben pagar por el ciclomotor secuestrado supera el propio valor del rodado<\/p>\n<p>Coronel solicit\u00f3 que los padres tomen medidas y recapaciten cada vez que le regalan o les prestan un rodado a sus hijos. Dijo que los j\u00f3venes est\u00e1n totalmente descontrolados y que es imposible controlar la situaci\u00f3n de agresividad que hay contra los agentes de transito en las calles de la ciudad<\/p>\n","protected":false},"excerpt":{"rendered":"<p>Est\u00e1n en los dep\u00f3sitos municipales producto de los secuestros por faltas de transito. Alguno de los rodados tienen un valor superior a los 10 mil pesos sin embrago sus propietarios no las retiran.<\/p>\n","protected":false},"author":4,"featured_media":0,"comment_status":"open","ping_status":"open","sticky":false,"template":"","format":"standard","meta":{"_jetpack_newsletter_access":"","_jetpack_dont_email_post_to_subs":false,"_jetpack_newsletter_tier_id":0,"_jetpack_memberships_contains_paywalled_content":false,"_jetpack_memberships_contains_paid_content":false,"footnotes":""},"categories":[38],"tags":[],"class_list":["post-4144","post","type-post","status-publish","format-standard","hentry","category-locales"],"jetpack_featured_media_url":"","jetpack_shortlink":"https:\/\/wp.me\/p2JWE0-14Q","jetpack-related-posts":[{"id":77771,"url":"https:\/\/www.24baires.com\/?p=77771","url_meta":{"origin":4144,"position":0},"title":"La Plata: planean rematar o compactar las motos secuestradas","author":"AF","date":"18\/01\/2016","format":false,"excerpt":"La subsecretar\u00eda de Control y Convivencia Ciudadana de la Municipalidad de La Plata promueve el remate y la compactaci\u00f3n de las motos que fueron secuestradas durante los diversos operativos de tr\u00e1nsito y que posteriormente quedaron abandonadas en los dep\u00f3sitos fiscales de 20 y 50. Las autoridades municipales buscan impulsar una\u2026","rel":"","context":"En \u00abLocales\u00bb","block_context":{"text":"Locales","link":"https:\/\/www.24baires.com\/?cat=38"},"img":{"alt_text":"","src":"","width":0,"height":0},"classes":[]},{"id":3184,"url":"https:\/\/www.24baires.com\/?p=3184","url_meta":{"origin":4144,"position":1},"title":"Polic\u00eda de Tres Arroyos admite que se ven superados por las picadas de motos","author":"AF","date":"25\/10\/2012","format":false,"excerpt":"El titular de la Comisar\u00eda 1\u00aa de Tres Arroyos, Subcomisario Edgardo M\u00edguez, admiti\u00f3 que el entorno de las picadas supera a la respuesta operativa de las fuerzas policiales, disminuidas en cantidad de personal. Hizo referencia a hechos que se registran en la Avenida Alem cada domingo, filmados por las c\u00e1maras\u2026","rel":"","context":"En \u00abLocales\u00bb","block_context":{"text":"Locales","link":"https:\/\/www.24baires.com\/?cat=38"},"img":{"alt_text":"","src":"https:\/\/i0.wp.com\/www.24baires.com\/wp-content\/uploads\/2012\/10\/picadas-motos-tres-arroyos-300x197.jpg?resize=350%2C200","width":350,"height":200},"classes":[]},{"id":43391,"url":"https:\/\/www.24baires.com\/?p=43391","url_meta":{"origin":4144,"position":2},"title":"Mar del Plata: secuestraron 70 motos por falta de casco","author":"GB","date":"06\/04\/2014","format":false,"excerpt":"MAR DEL PLATA-S\u00f3lo durante la jornada del viernes, en diversos operativos de control vehicular, personal de Tr\u00e1nsito municipal detect\u00f3 esta cantidad de infractores. Tambi\u00e9n se secuestraron 8 automotores por falta de documentaci\u00f3n. La Direcci\u00f3n de Movilidad Urbana dependiente de la Secretaria de Seguridad, Justicia Municipal y Control del Municipio mantuvo\u2026","rel":"","context":"En \u00abLocales\u00bb","block_context":{"text":"Locales","link":"https:\/\/www.24baires.com\/?cat=38"},"img":{"alt_text":"vialidad","src":"https:\/\/i0.wp.com\/www.24baires.com\/wp-content\/uploads\/2014\/04\/vialidad.jpg?resize=350%2C200","width":350,"height":200,"srcset":"https:\/\/i0.wp.com\/www.24baires.com\/wp-content\/uploads\/2014\/04\/vialidad.jpg?resize=350%2C200 1x, https:\/\/i0.wp.com\/www.24baires.com\/wp-content\/uploads\/2014\/04\/vialidad.jpg?resize=525%2C300 1.5x"},"classes":[]},{"id":44357,"url":"https:\/\/www.24baires.com\/?p=44357","url_meta":{"origin":4144,"position":3},"title":"Controles en La Plata: secuestran m\u00e1s de cien motos en diferentes operativos","author":"AF","date":"21\/04\/2014","format":false,"excerpt":"Entre la noche del s\u00e1bado y la madrugada del domingo, la polic\u00eda de la Provincia y agentes municipales secuestraron m\u00e1s de 70 motos por diferentes irregularidades. Seg\u00fan indicaron fuentes de Control Urbano municipal, durante este fin de semana largo hubo 120 veh\u00edculos secuestrados en diferentes operativos. Se inform\u00f3 que tanto\u2026","rel":"","context":"En \u00abLocales\u00bb","block_context":{"text":"Locales","link":"https:\/\/www.24baires.com\/?cat=38"},"img":{"alt_text":"motos y ciclomotores","src":"https:\/\/i0.wp.com\/www.24baires.com\/wp-content\/uploads\/2013\/06\/motos-y-ciclomotores.jpg?resize=350%2C200","width":350,"height":200,"srcset":"https:\/\/i0.wp.com\/www.24baires.com\/wp-content\/uploads\/2013\/06\/motos-y-ciclomotores.jpg?resize=350%2C200 1x, https:\/\/i0.wp.com\/www.24baires.com\/wp-content\/uploads\/2013\/06\/motos-y-ciclomotores.jpg?resize=525%2C300 1.5x"},"classes":[]},{"id":30305,"url":"https:\/\/www.24baires.com\/?p=30305","url_meta":{"origin":4144,"position":4},"title":"Secuestran m\u00e1s de 1.300 motos en controles en La Plata","author":"AF","date":"17\/08\/2013","format":false,"excerpt":"La Subsecretaria de Control Urbano de La Plata secuestr\u00f3 m\u00e1s de 1300 motos en varios operativos de control de documentaci\u00f3n y violaci\u00f3n a las normas de tr\u00e1nsito, entre otros falta de casco, falta de documentaci\u00f3n y ruidos molestos, que se desarrollan en distintos puntos de la Ciudad. Sobre este tema,\u2026","rel":"","context":"En \u00abLocales\u00bb","block_context":{"text":"Locales","link":"https:\/\/www.24baires.com\/?cat=38"},"img":{"alt_text":"motos secuestradas","src":"https:\/\/i0.wp.com\/www.24baires.com\/wp-content\/uploads\/2013\/08\/motos-secuestradas.png?resize=350%2C200","width":350,"height":200},"classes":[]},{"id":33046,"url":"https:\/\/www.24baires.com\/?p=33046","url_meta":{"origin":4144,"position":5},"title":"Mar del Plata: acusan a inspector de tr\u00e1nsito municipal de participar de secuestros virtuales","author":"AF","date":"05\/10\/2013","format":false,"excerpt":"Cuando efectivos policiales trataban de detener a una mujer que cobraba un dinero por un secuestro denominado virtual, ya que realmente no ten\u00edan a ninguna persona secuestrada, detienen tambi\u00e9n a un hombre que conduc\u00eda una moto en la que ambos se trasladaban. En el momento del traslado hacia la comisar\u00eda\u2026","rel":"","context":"En \u00abLocales\u00bb","block_context":{"text":"Locales","link":"https:\/\/www.24baires.com\/?cat=38"},"img":{"alt_text":"tr\u00e1nsito mdp","src":"https:\/\/i0.wp.com\/www.24baires.com\/wp-content\/uploads\/2013\/10\/tr%C3%A1nsito-mdo-300x207.jpg?resize=350%2C200","width":350,"height":200},"classes":[]}],"jetpack_sharing_enabled":true,"jetpack_likes_enabled":true,"_links":{"self":[{"href":"https:\/\/www.24baires.com\/index.php?rest_route=\/wp\/v2\/posts\/4144","targetHints":{"allow":["GET"]}}],"collection":[{"href":"https:\/\/www.24baires.com\/index.php?rest_route=\/wp\/v2\/posts"}],"about":[{"href":"https:\/\/www.24baires.com\/index.php?rest_route=\/wp\/v2\/types\/post"}],"author":[{"embeddable":true,"href":"https:\/\/www.24baires.com\/index.php?rest_route=\/wp\/v2\/users\/4"}],"replies":[{"embeddable":true,"href":"https:\/\/www.24baires.com\/index.php?rest_route=%2Fwp%2Fv2%2Fcomments&post=4144"}],"version-history":[{"count":2,"href":"https:\/\/www.24baires.com\/index.php?rest_route=\/wp\/v2\/posts\/4144\/revisions"}],"predecessor-version":[{"id":4146,"href":"https:\/\/www.24baires.com\/index.php?rest_route=\/wp\/v2\/posts\/4144\/revisions\/4146"}],"wp:attachment":[{"href":"https:\/\/www.24baires.com\/index.php?rest_route=%2Fwp%2Fv2%2Fmedia&parent=4144"}],"wp:term":[{"taxonomy":"category","embeddable":true,"href":"https:\/\/www.24baires.com\/index.php?rest_route=%2Fwp%2Fv2%2Fcategories&post=4144"},{"taxonomy":"post_tag","embeddable":true,"href":"https:\/\/www.24baires.com\/index.php?rest_route=%2Fwp%2Fv2%2Ftags&post=4144"}],"curies":[{"name":"wp","href":"https:\/\/api.w.org\/{rel}","templated":true}]}}