{"id":4140,"date":"2012-11-02T11:02:40","date_gmt":"2012-11-02T14:02:40","guid":{"rendered":"http:\/\/www.24baires.com\/?p=4140"},"modified":"2012-11-02T11:02:40","modified_gmt":"2012-11-02T14:02:40","slug":"ya-esta-funcionando-el-estacionamiento-ordenado-en-avellaneda-y-en-wilde","status":"publish","type":"post","link":"https:\/\/www.24baires.com\/?p=4140","title":{"rendered":"Ya est\u00e1 funcionando el &#8216;Estacionamiento ordenado&#8217; en Avellaneda y en Wilde"},"content":{"rendered":"<p><img data-recalc-dims=\"1\" loading=\"lazy\" decoding=\"async\" class=\"alignleft size-medium wp-image-4141\" title=\"estacionamiento ordenado\" src=\"https:\/\/i0.wp.com\/www.24baires.com\/wp-content\/uploads\/2012\/11\/estacionamiento-ordenado.jpg?resize=300%2C199\" alt=\"\" width=\"300\" height=\"199\" srcset=\"https:\/\/i0.wp.com\/www.24baires.com\/wp-content\/uploads\/2012\/11\/estacionamiento-ordenado.jpg?resize=300%2C199&amp;ssl=1 300w, https:\/\/i0.wp.com\/www.24baires.com\/wp-content\/uploads\/2012\/11\/estacionamiento-ordenado.jpg?w=480&amp;ssl=1 480w\" sizes=\"auto, (max-width: 300px) 100vw, 300px\" \/>Comenz\u00f3 a funcionar el sistema \u201cEstacionamiento Ordenado\u201d que busca una mayor organizaci\u00f3n del tr\u00e1nsito en Avellaneda centro y Wilde, dos de las zonas m\u00e1s problem\u00e1ticas a la hora de encontrar lugar para estacionar.<!--more--><\/p>\n<p>El plan lanzado por la Municipalidad, con el objetivo de reducir los problemas que a diario deben enfrentar los usuarios de veh\u00edculos, establece una serie de sectores especialmente dedicados que estar\u00e1n identificados con pintura azul sobre el cord\u00f3n.<\/p>\n<p>Para poder estacionar en esas zonas, se debe adquirir el cr\u00e9dito correspondiente que se podr\u00e1 comprar en los comercios adheridos al sistema que est\u00e1n individualizados con un logo.<\/p>\n<p>Seg\u00fan informaron desde el municipio, este cr\u00e9dito puede ser adquirido para \u201cestacionar ocasionalmente por \u00fanica vez informando marca del veh\u00edculo, patente y tiempo a utilizar o para comprar y cargar saldo, para luego utilizarlo en m\u00faltiples estacionamientos, usando un sistema a trav\u00e9s de su celular o cualquier dispositivo conectado a internet, como por ejemplo una PC de escritorio\u201d.<\/p>\n<p>En el caso de la segunda opci\u00f3n, el usuario deber\u00e1 registrarse al sistema utilizando como identificador el n\u00famero de su tel\u00e9fono m\u00f3vil y una contrase\u00f1a. Estos datos luego ser\u00e1n requeridos siempre que acceda al sistema para cargar saldo de cr\u00e9dito, estacionar un veh\u00edculo, visualizar la cuenta corriente o acceder al historial de estacionamientos realizados. Adem\u00e1s, la municipalidad de Avellaneda, asegur\u00f3 que existen diferentes alternativas para abonar por el lapso de tiempo que se decida estacionar.<\/p>\n<p>Ante cualquier duda que pueda surgir, el sistema tambi\u00e9n cuenta con un n\u00famero gratuito al que el usuario podr\u00e1 llamar para recibir asistencia inmediata sobre inconvenientes que puedan surgir con el plan. El n\u00famero es: 0810-406-3362.<\/p>\n<p>Para mayor informaci\u00f3n y para iniciar el tr\u00e1mite el municipio habilit\u00f3 adem\u00e1s una p\u00e1gina web: www.estacionarmda.com.ar<\/p>\n","protected":false},"excerpt":{"rendered":"<p>Comenz\u00f3 a funcionar el sistema \u201cEstacionamiento Ordenado\u201d que busca una mayor organizaci\u00f3n del tr\u00e1nsito en Avellaneda centro y Wilde, dos de las zonas m\u00e1s problem\u00e1ticas a la hora de encontrar lugar para estacionar.<\/p>\n","protected":false},"author":4,"featured_media":0,"comment_status":"open","ping_status":"open","sticky":false,"template":"","format":"standard","meta":{"_jetpack_newsletter_access":"","_jetpack_dont_email_post_to_subs":false,"_jetpack_newsletter_tier_id":0,"_jetpack_memberships_contains_paywalled_content":false,"_jetpack_memberships_contains_paid_content":false,"footnotes":""},"categories":[38],"tags":[],"class_list":["post-4140","post","type-post","status-publish","format-standard","hentry","category-locales"],"jetpack_featured_media_url":"","jetpack_shortlink":"https:\/\/wp.me\/p2JWE0-14M","jetpack-related-posts":[{"id":37369,"url":"https:\/\/www.24baires.com\/?p=37369","url_meta":{"origin":4140,"position":0},"title":"Aplicar\u00e1n estacionamiento medido en La Matanza","author":"Grupo Sierra","date":"24\/12\/2013","format":false,"excerpt":"La subsecretar\u00eda de Tr\u00e1nsito y Transporte local, pondr\u00e1 en funcionamiento desde el primer lunes de enero de 2014 el sistema, aprobado por el Concejo Deliberante local, con el objetivo de ordenar el tr\u00e1nsito en las zonas m\u00e1s afectadas de Ramos Mej\u00eda y San Justo. Se prev\u00e9 poder efectuar el pago\u2026","rel":"","context":"En \u00abLocales\u00bb","block_context":{"text":"Locales","link":"https:\/\/www.24baires.com\/?cat=38"},"img":{"alt_text":"","src":"","width":0,"height":0},"classes":[]},{"id":105080,"url":"https:\/\/www.24baires.com\/?p=105080","url_meta":{"origin":4140,"position":1},"title":"Mar del Plata: buscan eximir a vecinos de la zona del estacionamiento medido","author":"GB","date":"24\/10\/2018","format":false,"excerpt":"En sinton\u00eda con proyectos presentados tiempo atr\u00e1s y que fueron archivados, desde el PRO proponen que propietarios e inquilinos de la zona delimitada pueda estacionar libremente en la cuadra donde viven En el mismo sentido que proyecto presentados tiempo atr\u00e1s y que terminaron siendo archivados en el Concejo Deliberante, desde\u2026","rel":"","context":"En \u00abMunicipios\u00bb","block_context":{"text":"Municipios","link":"https:\/\/www.24baires.com\/?cat=44"},"img":{"alt_text":"","src":"https:\/\/i0.wp.com\/www.24baires.com\/wp-content\/uploads\/2018\/10\/estacionamiento-medido-mdp.jpg?resize=350%2C200","width":350,"height":200},"classes":[]},{"id":3165,"url":"https:\/\/www.24baires.com\/?p=3165","url_meta":{"origin":4140,"position":2},"title":"En Lomas de Zamora comenzar\u00e1 a ser medido y pago el estacionamiento en zonas c\u00e9ntricas","author":"AF","date":"25\/10\/2012","format":false,"excerpt":"Por unanimidad, el Concejo de Lomas aprob\u00f3 un proyecto del opositor bloque Li.Pe.Bo que le solicita al Ejecutivo la implementaci\u00f3n del sistema de estacionamiento medido en las zonas c\u00e9ntricas. El Concejo Deliberante de Lomas de Zamora aprob\u00f3 el pasado mi\u00e9rcoles un proyecto de comunicaci\u00f3n al Ejecutivo para pedir la implementaci\u00f3n\u2026","rel":"","context":"En \u00abLocales\u00bb","block_context":{"text":"Locales","link":"https:\/\/www.24baires.com\/?cat=38"},"img":{"alt_text":"","src":"","width":0,"height":0},"classes":[]},{"id":44509,"url":"https:\/\/www.24baires.com\/?p=44509","url_meta":{"origin":4140,"position":3},"title":"Un muerto en el choque de un tren a un auto en Avellaneda","author":"Grupo Sierra","date":"22\/04\/2014","format":false,"excerpt":"El accidente ocurri\u00f3 cerca de la estaci\u00f3n de Villa Dom\u00ednico. Uno de los ocupantes del autom\u00f3vil falleci\u00f3 en el acto. El Servicio se encuentra interrumpido de Constituci\u00f3n a Quilmes, hasta que finalicen las pericias. Los trenes circulan con normalidad entre Quilmes y La Plata. Un autom\u00f3vil fue embestido por una\u2026","rel":"","context":"En \u00abLocales\u00bb","block_context":{"text":"Locales","link":"https:\/\/www.24baires.com\/?cat=38"},"img":{"alt_text":"tren","src":"https:\/\/i0.wp.com\/www.24baires.com\/wp-content\/uploads\/2013\/11\/tren-300x200.jpg?resize=350%2C200","width":350,"height":200},"classes":[]},{"id":38373,"url":"https:\/\/www.24baires.com\/?p=38373","url_meta":{"origin":4140,"position":4},"title":"Wilde: mataron a un chofer de colectivo para robarle el auto","author":"GB","date":"12\/01\/2014","format":false,"excerpt":"Un colectivero de 36 a\u00f1os fue asesinado hoy a balazos delante de su familia cuando delincuentes intentaron robarle el auto en la localidad bonaerense de Wilde, informaron fuentes policiales. El hecho ocurri\u00f3 esta madrugada, alrededor de las 3.30, en la calle General Heredia, entre Cnel. Rondeau y Paysand\u00fa, en el\u2026","rel":"","context":"En \u00abPoliciales\u00bb","block_context":{"text":"Policiales","link":"https:\/\/www.24baires.com\/?cat=49"},"img":{"alt_text":"","src":"","width":0,"height":0},"classes":[]},{"id":8146,"url":"https:\/\/www.24baires.com\/?p=8146","url_meta":{"origin":4140,"position":5},"title":"Graves inundaciones en CABA y el Gran Buenos Aires","author":"Grupo Sierra","date":"06\/12\/2012","format":false,"excerpt":"\u00a0 Las zonas m\u00e1s afectadas son Palermo, Belgrano y Villa Crespo, en Capital, y varios distritos de las zonas Norte y Sur del Conurbano, como Avellaneda y Quilmes. Comerciantes colocaron compuertas. Las l\u00edneas del subte no funcionan al igual que los trenes Mitre y Sarmiento. Por las intensas lluvias que\u2026","rel":"","context":"En \u00abLocales\u00bb","block_context":{"text":"Locales","link":"https:\/\/www.24baires.com\/?cat=38"},"img":{"alt_text":"","src":"","width":0,"height":0},"classes":[]}],"jetpack_sharing_enabled":true,"jetpack_likes_enabled":true,"_links":{"self":[{"href":"https:\/\/www.24baires.com\/index.php?rest_route=\/wp\/v2\/posts\/4140","targetHints":{"allow":["GET"]}}],"collection":[{"href":"https:\/\/www.24baires.com\/index.php?rest_route=\/wp\/v2\/posts"}],"about":[{"href":"https:\/\/www.24baires.com\/index.php?rest_route=\/wp\/v2\/types\/post"}],"author":[{"embeddable":true,"href":"https:\/\/www.24baires.com\/index.php?rest_route=\/wp\/v2\/users\/4"}],"replies":[{"embeddable":true,"href":"https:\/\/www.24baires.com\/index.php?rest_route=%2Fwp%2Fv2%2Fcomments&post=4140"}],"version-history":[{"count":2,"href":"https:\/\/www.24baires.com\/index.php?rest_route=\/wp\/v2\/posts\/4140\/revisions"}],"predecessor-version":[{"id":4143,"href":"https:\/\/www.24baires.com\/index.php?rest_route=\/wp\/v2\/posts\/4140\/revisions\/4143"}],"wp:attachment":[{"href":"https:\/\/www.24baires.com\/index.php?rest_route=%2Fwp%2Fv2%2Fmedia&parent=4140"}],"wp:term":[{"taxonomy":"category","embeddable":true,"href":"https:\/\/www.24baires.com\/index.php?rest_route=%2Fwp%2Fv2%2Fcategories&post=4140"},{"taxonomy":"post_tag","embeddable":true,"href":"https:\/\/www.24baires.com\/index.php?rest_route=%2Fwp%2Fv2%2Ftags&post=4140"}],"curies":[{"name":"wp","href":"https:\/\/api.w.org\/{rel}","templated":true}]}}