{"id":4136,"date":"2012-11-02T10:35:34","date_gmt":"2012-11-02T13:35:34","guid":{"rendered":"http:\/\/www.24baires.com\/?p=4136"},"modified":"2012-11-02T10:47:21","modified_gmt":"2012-11-02T13:47:21","slug":"se-realizara-en-tandil-una-jornada-sobre-megamineria-a-cielo-abierto","status":"publish","type":"post","link":"https:\/\/www.24baires.com\/?p=4136","title":{"rendered":"Se realizar\u00e1 en Tandil una jornada sobre megaminer\u00eda a cielo abierto"},"content":{"rendered":"<p><img data-recalc-dims=\"1\" loading=\"lazy\" decoding=\"async\" class=\"alignleft size-medium wp-image-4137\" title=\"megaminer\u00eda\" src=\"https:\/\/i0.wp.com\/www.24baires.com\/wp-content\/uploads\/2012\/11\/megaminer%C3%ADa.jpg?resize=300%2C223\" alt=\"\" width=\"300\" height=\"223\" srcset=\"https:\/\/i0.wp.com\/www.24baires.com\/wp-content\/uploads\/2012\/11\/megaminer%C3%ADa.jpg?resize=300%2C223&amp;ssl=1 300w, https:\/\/i0.wp.com\/www.24baires.com\/wp-content\/uploads\/2012\/11\/megaminer%C3%ADa.jpg?w=480&amp;ssl=1 480w\" sizes=\"auto, (max-width: 300px) 100vw, 300px\" \/>La Agrupaci\u00f3n Universitaria\u00a0Franja Morada, presenta la segunda actividad de su V Jornada Intercarrera \u201cDiscusiones sobre la realidad actual\u201d, denominada \u201cMegaminer\u00eda a cielo abierto, ponemos en debate una cuesti\u00f3n de todos los argentinos\u201d. La misma se desarrollar\u00e1 el pr\u00f3ximo martes 6, desde las 16, en el Aula 5 del pabell\u00f3n de Aulas Comunes II del Campus Universitario.<!--more--><\/p>\n<p>De este modo, se propone abordar, conocer y discutir las grandes problem\u00e1ticas en las que nuestro pa\u00eds se ve inmerso como consecuencia de la Megaminer\u00eda a cielo abierto que avanza a pasos agigantados sobre nuestros recursos naturales.<\/p>\n<p>En esta oportunidad, disertar\u00e1 la Diputada Nacional por la UCR, In\u00e9s Brizuela y Doria, quien forma parte de la comisi\u00f3n de Miner\u00eda de la Honorable C\u00e1mara de Diputados de la Naci\u00f3n y de la Comisi\u00f3n de Justicia.<\/p>\n<p>La Franja Morada\u00a0entiende que dicha\u00a0tem\u00e1tica,\u00a0actualmente, se presenta como una gran preocupaci\u00f3n para todos los ciudadanos, y es por esto, que consideran de vital importancia poder profundizar el conocimiento respecto a la megaminer\u00eda y sus consecuencias.<\/p>\n<p>La mencionada agrupaci\u00f3n quiere hacer extensa la invitaci\u00f3n a toda la comunidad en general para participar de esta charla. La misma se llevar\u00e1 a cabo el d\u00eda martes 6, a las 16, en el Aula 5 del pabell\u00f3n de Aulas Comunes II- Campus Universitario. Para m\u00e1s informaci\u00f3n, podr\u00e1n escribir a franjaenhumanas@gmail.com<\/p>\n","protected":false},"excerpt":{"rendered":"<p>La Agrupaci\u00f3n Universitaria\u00a0Franja Morada, presenta la segunda actividad de su V Jornada Intercarrera \u201cDiscusiones sobre la realidad actual\u201d, denominada \u201cMegaminer\u00eda a cielo abierto, ponemos en debate una cuesti\u00f3n de todos los argentinos\u201d. La misma se desarrollar\u00e1 el pr\u00f3ximo martes 6, desde las 16, en el Aula 5 del pabell\u00f3n de Aulas Comunes II del Campus Universitario.<\/p>\n","protected":false},"author":4,"featured_media":0,"comment_status":"open","ping_status":"open","sticky":false,"template":"","format":"standard","meta":{"_jetpack_newsletter_access":"","_jetpack_dont_email_post_to_subs":false,"_jetpack_newsletter_tier_id":0,"_jetpack_memberships_contains_paywalled_content":false,"_jetpack_memberships_contains_paid_content":false,"footnotes":""},"categories":[38],"tags":[],"class_list":["post-4136","post","type-post","status-publish","format-standard","hentry","category-locales"],"jetpack_featured_media_url":"","jetpack_shortlink":"https:\/\/wp.me\/p2JWE0-14I","jetpack-related-posts":[{"id":121364,"url":"https:\/\/www.24baires.com\/?p=121364","url_meta":{"origin":4136,"position":0},"title":"El financiamiento de las universidades vuelve a la C\u00e1mara de Diputados","author":"GB","date":"21\/05\/2024","format":false,"excerpt":"El radicalismo pidi\u00f3 sesi\u00f3n especial y Uni\u00f3n por la Patria dar\u00e1 qu\u00f3rum, pero con una salvedad. Las universidades vuelven a Diputados. Tras el acuerdo entre el Gobierno Nacional y la UBA, el resto de las universidades pusieron el grito en el cielo. El radicalismo respondi\u00f3 pidiendo una sesi\u00f3n especial en\u2026","rel":"","context":"En \u00abPol\u00edtica\u00bb","block_context":{"text":"Pol\u00edtica","link":"https:\/\/www.24baires.com\/?cat=51"},"img":{"alt_text":"","src":"https:\/\/i0.wp.com\/www.24baires.com\/wp-content\/uploads\/2024\/02\/WhatsApp-Image-2024-02-06-at-22.13.09.jpeg?resize=350%2C200","width":350,"height":200,"srcset":"https:\/\/i0.wp.com\/www.24baires.com\/wp-content\/uploads\/2024\/02\/WhatsApp-Image-2024-02-06-at-22.13.09.jpeg?resize=350%2C200 1x, https:\/\/i0.wp.com\/www.24baires.com\/wp-content\/uploads\/2024\/02\/WhatsApp-Image-2024-02-06-at-22.13.09.jpeg?resize=525%2C300 1.5x, https:\/\/i0.wp.com\/www.24baires.com\/wp-content\/uploads\/2024\/02\/WhatsApp-Image-2024-02-06-at-22.13.09.jpeg?resize=700%2C400 2x"},"classes":[]},{"id":55354,"url":"https:\/\/www.24baires.com\/?p=55354","url_meta":{"origin":4136,"position":1},"title":"Con un fuerte reclamo por el aborto, termin\u00f3 el 29\u00ba Encuentro Nacional de Mujeres","author":"AF","date":"14\/10\/2014","format":false,"excerpt":"La legalizaci\u00f3n del aborto y la eliminaci\u00f3n de la violencia de g\u00e9nero en todas sus formas fueron los reclamos m\u00e1s sentidos y un\u00e1nimes que atravesaron las jornadas del 29\u00ba Encuentro Nacional de Mujeres, del que participaron m\u00e1s de 40.000 mujeres y que culmin\u00f3 hoy en la ciudad de Salta con\u2026","rel":"","context":"En \u00abSociedad\u00bb","block_context":{"text":"Sociedad","link":"https:\/\/www.24baires.com\/?cat=1"},"img":{"alt_text":"mujer marcha","src":"https:\/\/i0.wp.com\/www.24baires.com\/wp-content\/uploads\/2014\/10\/mujer-marcha.jpg?resize=350%2C200","width":350,"height":200,"srcset":"https:\/\/i0.wp.com\/www.24baires.com\/wp-content\/uploads\/2014\/10\/mujer-marcha.jpg?resize=350%2C200 1x, https:\/\/i0.wp.com\/www.24baires.com\/wp-content\/uploads\/2014\/10\/mujer-marcha.jpg?resize=525%2C300 1.5x"},"classes":[]},{"id":33019,"url":"https:\/\/www.24baires.com\/?p=33019","url_meta":{"origin":4136,"position":2},"title":"Anunciaron el cierre del basural de Mar Chiquita","author":"AF","date":"05\/10\/2013","format":false,"excerpt":"El Director Ejecutivo del Organismo para el Desarrollo Sostenible (OPDS), Hugo Bilbao, encabez\u00f3 una jornada de trabajo en el municipio de Mar Chiquita, donde se produjo el cierre y saneamiento del basural a cielo abierto, que funcionaba desde hace m\u00e1s de 100 a\u00f1os en Coronel Vidal, ciudad cabecera del distrito.\u2026","rel":"","context":"En \u00abLocales\u00bb","block_context":{"text":"Locales","link":"https:\/\/www.24baires.com\/?cat=38"},"img":{"alt_text":"","src":"","width":0,"height":0},"classes":[]},{"id":26587,"url":"https:\/\/www.24baires.com\/?p=26587","url_meta":{"origin":4136,"position":3},"title":"General Pinto trabaja para erradicar basurales a cielo abierto","author":"AF","date":"22\/06\/2013","format":false,"excerpt":"El intendente de General Pinto, Alexis Guerrera se reuni\u00f3 con el secretario de Ambiente y Desarrollo Sustentable nacional, Juan Jos\u00e9 Mussi, para implementar la erradicaci\u00f3n de los basurales a cielo abierto. El intendente de General Pinto, Alexis Guerrera, mantuvo una reuni\u00f3n de trabajo con el titular de la secretar\u00eda de\u2026","rel":"","context":"En \u00abLocales\u00bb","block_context":{"text":"Locales","link":"https:\/\/www.24baires.com\/?cat=38"},"img":{"alt_text":"basural","src":"https:\/\/i0.wp.com\/www.24baires.com\/wp-content\/uploads\/2013\/06\/basural.jpg?resize=350%2C200","width":350,"height":200},"classes":[]},{"id":50020,"url":"https:\/\/www.24baires.com\/?p=50020","url_meta":{"origin":4136,"position":4},"title":"Petrocini confirm\u00f3 m\u00e1s medidas de fuerza y critic\u00f3 la ley de Escolaridad","author":"GB","date":"16\/07\/2014","format":false,"excerpt":"En el marco de una nueva jornada de paro docente, la dirigente gremial ratific\u00f3 la \u201cdecisi\u00f3n del Congreso de realizar una medida de fuerza despu\u00e9s del receso invernal\u201d, y no volver as\u00ed a clases luego del 10 de julio, al tiempo que se\u00f1al\u00f3 que el pedido concreto es \u201cincorporar una\u2026","rel":"","context":"En \u00abProvincia\u00bb","block_context":{"text":"Provincia","link":"https:\/\/www.24baires.com\/?cat=40"},"img":{"alt_text":"petrocini","src":"https:\/\/i0.wp.com\/www.24baires.com\/wp-content\/uploads\/2014\/03\/petrocini.jpg?resize=350%2C200","width":350,"height":200,"srcset":"https:\/\/i0.wp.com\/www.24baires.com\/wp-content\/uploads\/2014\/03\/petrocini.jpg?resize=350%2C200 1x, https:\/\/i0.wp.com\/www.24baires.com\/wp-content\/uploads\/2014\/03\/petrocini.jpg?resize=525%2C300 1.5x"},"classes":[]},{"id":49704,"url":"https:\/\/www.24baires.com\/?p=49704","url_meta":{"origin":4136,"position":5},"title":"Apuntan a Scioli por los basurales a cielo abierto","author":"Grupo Sierra","date":"11\/07\/2014","format":false,"excerpt":"En una audiencia p\u00fablica en el Honorable Concejo Deliberante de la ciudad de Azul, el senador provincial del Frente Renovador Alfonso Coll Areco fue invitado como presidente de la comisi\u00f3n de Medio Ambiente y expres\u00f3: \"No saben o no pueden hacerse cargo de administrar sus residuos en forma ambientalmente correcta\".\u2026","rel":"","context":"En \u00abProvincia\u00bb","block_context":{"text":"Provincia","link":"https:\/\/www.24baires.com\/?cat=40"},"img":{"alt_text":"basural de Ensenada","src":"https:\/\/i0.wp.com\/www.24baires.com\/wp-content\/uploads\/2014\/05\/basural-de-Ensenada.jpg?resize=350%2C200","width":350,"height":200,"srcset":"https:\/\/i0.wp.com\/www.24baires.com\/wp-content\/uploads\/2014\/05\/basural-de-Ensenada.jpg?resize=350%2C200 1x, https:\/\/i0.wp.com\/www.24baires.com\/wp-content\/uploads\/2014\/05\/basural-de-Ensenada.jpg?resize=525%2C300 1.5x"},"classes":[]}],"jetpack_sharing_enabled":true,"jetpack_likes_enabled":true,"_links":{"self":[{"href":"https:\/\/www.24baires.com\/index.php?rest_route=\/wp\/v2\/posts\/4136","targetHints":{"allow":["GET"]}}],"collection":[{"href":"https:\/\/www.24baires.com\/index.php?rest_route=\/wp\/v2\/posts"}],"about":[{"href":"https:\/\/www.24baires.com\/index.php?rest_route=\/wp\/v2\/types\/post"}],"author":[{"embeddable":true,"href":"https:\/\/www.24baires.com\/index.php?rest_route=\/wp\/v2\/users\/4"}],"replies":[{"embeddable":true,"href":"https:\/\/www.24baires.com\/index.php?rest_route=%2Fwp%2Fv2%2Fcomments&post=4136"}],"version-history":[{"count":2,"href":"https:\/\/www.24baires.com\/index.php?rest_route=\/wp\/v2\/posts\/4136\/revisions"}],"predecessor-version":[{"id":4139,"href":"https:\/\/www.24baires.com\/index.php?rest_route=\/wp\/v2\/posts\/4136\/revisions\/4139"}],"wp:attachment":[{"href":"https:\/\/www.24baires.com\/index.php?rest_route=%2Fwp%2Fv2%2Fmedia&parent=4136"}],"wp:term":[{"taxonomy":"category","embeddable":true,"href":"https:\/\/www.24baires.com\/index.php?rest_route=%2Fwp%2Fv2%2Fcategories&post=4136"},{"taxonomy":"post_tag","embeddable":true,"href":"https:\/\/www.24baires.com\/index.php?rest_route=%2Fwp%2Fv2%2Ftags&post=4136"}],"curies":[{"name":"wp","href":"https:\/\/api.w.org\/{rel}","templated":true}]}}