{"id":41358,"date":"2014-03-01T20:11:45","date_gmt":"2014-03-01T23:11:45","guid":{"rendered":"http:\/\/www.24baires.com\/?p=41358"},"modified":"2014-03-01T20:11:45","modified_gmt":"2014-03-01T23:11:45","slug":"apertura-de-sesiones-una-de-macri-y-otra-de-cfk","status":"publish","type":"post","link":"https:\/\/www.24baires.com\/?p=41358","title":{"rendered":"Apertura de sesiones: una de Macri y otra de CFK"},"content":{"rendered":"<p><img data-recalc-dims=\"1\" loading=\"lazy\" decoding=\"async\" class=\"aligncenter size-full wp-image-41360\" alt=\"macri cristina\" src=\"https:\/\/i0.wp.com\/www.24baires.com\/wp-content\/uploads\/2014\/03\/macri-cristina.jpg?resize=560%2C212\" width=\"560\" height=\"212\" srcset=\"https:\/\/i0.wp.com\/www.24baires.com\/wp-content\/uploads\/2014\/03\/macri-cristina.jpg?w=560&amp;ssl=1 560w, https:\/\/i0.wp.com\/www.24baires.com\/wp-content\/uploads\/2014\/03\/macri-cristina.jpg?resize=300%2C113&amp;ssl=1 300w\" sizes=\"auto, (max-width: 560px) 100vw, 560px\" \/><\/p>\n<p>Victoria Morales Gorleri, del Pro, dijo cuando finaliz\u00f3 el discurso de Mauricio Macri en la inauguraci\u00f3n de las Sesiones Ordinarias en la Legislatura: \u201cLa gesti\u00f3n de Macri siempre alent\u00f3 la mejora permanente de la educaci\u00f3n mediante nuevas acciones. La educaci\u00f3n ha sido uno de los ejes centrales de las pol\u00edticas\u201d. Entonces en CABA tienen poco aliento: miles de chicos sin vacantes, aulas conteiner, aulas durlock\u2026 resulta que las \u201cnuevas acciones\u201d de Macri en el \u00e1rea educativa no estar\u00edan siendo necesariamente buenas.<\/p>\n<p><!--more--><br \/>\nEn el pu\u00f1ado de minutos que utiliz\u00f3 para discursear, Macri se dedic\u00f3 a apuntalar su candidatura presidencial para el 2015, aunque siempre amaga con ser candidato a otra cosa que no sea Jefe de Gobierno Porte\u00f1o y luego se baja. Habl\u00f3 de recolecci\u00f3n de residuos, del metrob\u00fas y el Subte. Tambi\u00e9n anunci\u00f3 que habr\u00e1 m\u00e1s bicicletas, y dijo sobre el sistema de inscripci\u00f3n on line tan criticado: \u201cDej\u00f3 a la luz algo que siempre suced\u00eda, pero quedaba oculto en la falta de transparencia\u201d, aunque los ni\u00f1os siguen sin vacantes, a la luz o a la sombra.<br \/>\n&nbsp;<\/p>\n<p>Aunque en escasos 30 minutos de seguro hubo muchos temas que Macri no abord\u00f3, la ausencia m\u00e1s notoria fue la de toma del predio de Villa Lugano, donde hubo fuerte represi\u00f3n de la polic\u00eda metropolitana.<br \/>\nEste s\u00e1bado, por su parte, Cristina Fern\u00e1ndez de Kirchner, en su discurso en la apertura de sesiones ordinarias del Congreso de la Naci\u00f3n, comenz\u00f3 haciendo un racconto de la evoluci\u00f3n en materia econ\u00f3mica: \u201cRatificamos una vez m\u00e1s que la econom\u00eda ha vuelto a crecer. La inclusi\u00f3n social m\u00e1s importante de los 200 a\u00f1os de historia\u201d, dijo Cristina al leer unas l\u00edneas en donde el Banco Mundial elogiaba la reducci\u00f3n de la pobreza en nuestro pa\u00eds. Luego inform\u00f3 que la FAO elogi\u00f3 el programa Precios Cuidados y la ayuda a productores de alimentos y record\u00f3 que se han creado m\u00e1s de 6 millones de puestos de trabajo y que retornaron las negociaciones colectivas de trabajo, la negociaci\u00f3n libre de condiciones laborales entre patronal y sindicatos.<br \/>\nEl crecimiento del turismo y Aerol\u00edneas Argentinas tambi\u00e9n tuvieron un espacio en su alocuci\u00f3n cuando se\u00f1al\u00f3 que el Estado puede ser \u201ctan eficiente\u201d como los privados a la hora de administrar. Continuando su exhaustivo an\u00e1lisis en materia econ\u00f3mica, habl\u00f3 de c\u00f3mo se \u201csoportaron\u201d las corridas bancarias, obst\u00e1culos que se tuvo que superar en m\u00e1s de una ocasi\u00f3n.<br \/>\nHizo hincapi\u00e9 en profundizar la defensa de los usuarios y consumidores por los abusos de los oligopolios del mercado y detall\u00f3 lo irregular del disparatado aumento de precios en el sector automotor: \u201cAumentamos la participaci\u00f3n de la manufactura industrial en la torta de exportaciones\u201d. Habl\u00f3 del acuerdo en el \u00e1rea de medicamentos, diciendo que es un sector de inmensa rentabilidad donde el Estado es el principal comprador, por el PAMI. YPF y sus logros desde la estatizaci\u00f3n tambi\u00e9n tuvieron minutos en sus palabras.<br \/>\nY as\u00ed sigui\u00f3 durante horas haciendo un raconto de los logros, avances e inconvenientes vividos en los m\u00e1s de diez a\u00f1os de Kirchnerismo: salud, ciencia y tecnolog\u00eda, educaci\u00f3n, haciendo un detalle de lo invertido en esta \u00faltima \u00e1rea, sin dejar de mencionar el Progresar, Conectar Igualdad y el tema del salario docente, quienes muchos hab\u00edan apostado en la previa a que no iba a ser abordado.<br \/>\nOtro dato a destacar fue la materia previsional. Tambi\u00e9n mencion\u00f3 a aquellos que dijeron que las mujeres se embarazaban para cobrar m\u00e1s Asignaciones Universales por Hijo, y las tild\u00f3 de \u201cmentes retorcidas\u201d. Quien hab\u00eda dicho cosa semejante fue Miguel del Sel, del PRO. Aunque su compa\u00f1era de bancada, Laura Alonso, muy entusiasta en las redes sociales durante el discurso de CFK, no acus\u00f3 el recibo en sus profusos twitts de cr\u00edticas a las palabras de la presidenta.<br \/>\nLuego, pasando las dos horas interrumpidas de alocuci\u00f3n, le toc\u00f3 el turno a los trenes, donde explic\u00f3 lo hecho y lo que se planea hacer a lo ancho y largo del pa\u00eds para la competitividad del transporte del grano. Justicia, Sedronar, d\u00f3lar y m\u00e1s, m\u00e1s\u2026<br \/>\nSin \u00e1nimos de comparar a Macri con Cristina y su forma de expresarse, he aqu\u00ed un escueto resumen de las intervenciones de cada uno de ellos a la hora de dar inicio a las sesiones ordinarias. Y no hay \u00e1nimos de comparar porque no ostento semejante crueldad en mi escritura y nunca expondr\u00eda as\u00ed a Macri, prefiero se\u00f1alar mis descontentos con su forma de actuar en lo que no hace o hace mal, y con eso tengo para escribir el resto de mis d\u00edas. Muchas diferencias entre la gesti\u00f3n del PRO y la gesti\u00f3n del Kirchnerismo. Claro, uno gobierna una ciudad, otro un pa\u00eds, pero los primeros quieren ser gobierno nacional pronto.<br \/>\nPara se\u00f1alar una discrepancia que ilustra la ideolog\u00eda de las partes, deteng\u00e1monos en un momento cuando Cristina hizo alusi\u00f3n al intento de golpe en Venezuela y dijo que no ven\u00eda aqu\u00ed a defender el gobierno de Nicol\u00e1s Maduro, sino la posibilidad de elegir del pueblo que lo vot\u00f3, defender la democracia irrestricta en la regi\u00f3n, sea quien sea el que est\u00e9 en el gobierno, de derecha o izquierda. All\u00ed el bloque del PRO, -activo con Alonso al celular, adormecido con Del Sel y su sue\u00f1o-, ni siquiera aplaudi\u00f3 para adherir a ese postulado. Porque al final y al principio, siempre, detr\u00e1s de todo en la pol\u00edtica, est\u00e1n las ideas, las ideolog\u00edas que impulsan las acciones y las prioridades de cada uno. All\u00ed, en ese instante, se vio mucho, se vio todo.<\/p>\n<p>&nbsp;<\/p>\n<p>&nbsp;<\/p>\n<p>&nbsp;<\/p>\n<p>&nbsp;<\/p>\n<p>&nbsp;<\/p>\n<p>&nbsp;<\/p>\n<p>&nbsp;<\/p>\n","protected":false},"excerpt":{"rendered":"<p>Victoria Morales Gorleri, del Pro, dijo cuando finaliz\u00f3 el discurso de Mauricio Macri en la inauguraci\u00f3n de las Sesiones Ordinarias en la Legislatura: \u201cLa gesti\u00f3n de Macri siempre alent\u00f3 la mejora permanente de la educaci\u00f3n mediante nuevas acciones. La educaci\u00f3n ha sido uno de los ejes centrales de las pol\u00edticas\u201d. Entonces en CABA tienen poco aliento: miles de chicos sin [&#8230;]<\/p>\n","protected":false},"author":11,"featured_media":0,"comment_status":"open","ping_status":"open","sticky":false,"template":"","format":"standard","meta":{"_jetpack_newsletter_access":"","_jetpack_dont_email_post_to_subs":false,"_jetpack_newsletter_tier_id":0,"_jetpack_memberships_contains_paywalled_content":false,"_jetpack_memberships_contains_paid_content":false,"footnotes":""},"categories":[64],"tags":[],"class_list":["post-41358","post","type-post","status-publish","format-standard","hentry","category-opinion"],"jetpack_featured_media_url":"","jetpack_shortlink":"https:\/\/wp.me\/p2JWE0-aL4","jetpack-related-posts":[{"id":108302,"url":"https:\/\/www.24baires.com\/?p=108302","url_meta":{"origin":41358,"position":0},"title":"Macri prometi\u00f3 construir 3000 jardines de infantes, solo hizo 3","author":"AF","date":"21\/05\/2019","format":false,"excerpt":"La promesa inicial de campa\u00f1a de construir 3 mil jardines de infantes pronto mut\u00f3 en 10 mil nuevas aulas, de las cuales construy\u00f3 apenas poco m\u00e1s de 1.400, seg\u00fan un informe del Observatorio Argentinos por la Educaci\u00f3n. No cumpli\u00f3 ni con una ni con otra de las promesas. Cuando era\u2026","rel":"","context":"En \u00abSociedad\u00bb","block_context":{"text":"Sociedad","link":"https:\/\/www.24baires.com\/?cat=1"},"img":{"alt_text":"","src":"https:\/\/i0.wp.com\/www.24baires.com\/wp-content\/uploads\/2018\/09\/macri.jpg?resize=350%2C200","width":350,"height":200,"srcset":"https:\/\/i0.wp.com\/www.24baires.com\/wp-content\/uploads\/2018\/09\/macri.jpg?resize=350%2C200 1x, https:\/\/i0.wp.com\/www.24baires.com\/wp-content\/uploads\/2018\/09\/macri.jpg?resize=525%2C300 1.5x"},"classes":[]},{"id":92735,"url":"https:\/\/www.24baires.com\/?p=92735","url_meta":{"origin":41358,"position":1},"title":"Vidal a los gremios: \u00abDiscutamos lo que haya que discutir, pero con los chicos en el aula\u00bb","author":"GB","date":"01\/03\/2017","format":false,"excerpt":"La gobernadora de Buenos Aires, Mar\u00eda Eugenia Vidal, preside la Asamblea que dar\u00e1 inicio a las sesiones ordinarias en la Legislatura bonaerense. Mar\u00eda Eugenia Vidal abre las sesiones ordinarias en la Legislatura bonaerense. En su discurso, que comenz\u00f3 despu\u00e9s de las 18, Vidal le agradeci\u00f3 a Mauricio Macri \"por haber\u2026","rel":"","context":"En \u00abProvincia\u00bb","block_context":{"text":"Provincia","link":"https:\/\/www.24baires.com\/?cat=40"},"img":{"alt_text":"","src":"https:\/\/i0.wp.com\/www.24baires.com\/wp-content\/uploads\/2017\/03\/vidal-asamblea.jpg?resize=350%2C200","width":350,"height":200,"srcset":"https:\/\/i0.wp.com\/www.24baires.com\/wp-content\/uploads\/2017\/03\/vidal-asamblea.jpg?resize=350%2C200 1x, https:\/\/i0.wp.com\/www.24baires.com\/wp-content\/uploads\/2017\/03\/vidal-asamblea.jpg?resize=525%2C300 1.5x"},"classes":[]},{"id":40512,"url":"https:\/\/www.24baires.com\/?p=40512","url_meta":{"origin":41358,"position":2},"title":"Macri reiter\u00f3 que no va a dar marcha atr\u00e1s con las \u00abaulas container\u00bb","author":"Grupo Sierra","date":"15\/02\/2014","format":false,"excerpt":"El jefe de Gobierno porte\u00f1o remarc\u00f3 hoy que el gobierno de la Ciudad \"no\" va a dar \"marcha atr\u00e1s\" en la construcci\u00f3n de aulas modulares al asegurar que \"se trata de estructuras modernas que se implementan en todas partes del mundo\". Por otro lado, reclam\u00f3 a los dirigentes gremiales \"discutir\u2026","rel":"","context":"En \u00abPol\u00edtica\u00bb","block_context":{"text":"Pol\u00edtica","link":"https:\/\/www.24baires.com\/?cat=51"},"img":{"alt_text":"","src":"","width":0,"height":0},"classes":[]},{"id":107044,"url":"https:\/\/www.24baires.com\/?p=107044","url_meta":{"origin":41358,"position":3},"title":"Provocador, Macri abri\u00f3 las sesiones en el Congreso","author":"AF","date":"01\/03\/2019","format":false,"excerpt":"El discurso del Presidente en la apertura de sesiones gener\u00f3 una fuerte reacci\u00f3n de parte de la oposici\u00f3n. \"Los insultos no hablan de m\u00ed, hablan de ustedes\", replic\u00f3 el Presidente. El presidente Mauricio Macri pronunci\u00f3 este viernes un provocador discurso en la Asamblea Legislativa, en el que destac\u00f3 que durante\u2026","rel":"","context":"En \u00abPol\u00edtica\u00bb","block_context":{"text":"Pol\u00edtica","link":"https:\/\/www.24baires.com\/?cat=51"},"img":{"alt_text":"","src":"https:\/\/i0.wp.com\/www.24baires.com\/wp-content\/uploads\/2019\/03\/MACRI-CONGRESO.png?resize=350%2C200","width":350,"height":200,"srcset":"https:\/\/i0.wp.com\/www.24baires.com\/wp-content\/uploads\/2019\/03\/MACRI-CONGRESO.png?resize=350%2C200 1x, https:\/\/i0.wp.com\/www.24baires.com\/wp-content\/uploads\/2019\/03\/MACRI-CONGRESO.png?resize=525%2C300 1.5x"},"classes":[]},{"id":107040,"url":"https:\/\/www.24baires.com\/?p=107040","url_meta":{"origin":41358,"position":4},"title":"Macri inaugurar\u00e1 las sesiones ordinarias en el Congreso","author":"AF","date":"01\/03\/2019","format":false,"excerpt":"El Presidente inaugurar\u00e1 este viernes las sesiones ordinarias en el Congreso por \u00faltima vez durante su mandato y evitar\u00e1 mencionar los indicadores econ\u00f3micos. Lejos de bajar la l\u00ednea de pobreza tal como prometi\u00f3 en campa\u00f1a, el principal logro de la gesti\u00f3n de Mauricio Macri se centra en la obra p\u00fablica.\u2026","rel":"","context":"En \u00abPol\u00edtica\u00bb","block_context":{"text":"Pol\u00edtica","link":"https:\/\/www.24baires.com\/?cat=51"},"img":{"alt_text":"","src":"https:\/\/i0.wp.com\/www.24baires.com\/wp-content\/uploads\/2018\/05\/macri-olivos.jpg?resize=350%2C200","width":350,"height":200,"srcset":"https:\/\/i0.wp.com\/www.24baires.com\/wp-content\/uploads\/2018\/05\/macri-olivos.jpg?resize=350%2C200 1x, https:\/\/i0.wp.com\/www.24baires.com\/wp-content\/uploads\/2018\/05\/macri-olivos.jpg?resize=525%2C300 1.5x"},"classes":[]},{"id":107069,"url":"https:\/\/www.24baires.com\/?p=107069","url_meta":{"origin":41358,"position":5},"title":"\u00abMacri volvi\u00f3 a faltarles el respeto a los 40 millones de argentinos\u00bb","author":"GB","date":"04\/03\/2019","format":false,"excerpt":"As\u00ed lo indic\u00f3 el diputado peronista Fernando Espinoza, luego del discurso del Presidente en la apertura de sesiones ordinarias. \"Decepcion\u00f3 a muchas personas que permanec\u00eda indecisas\", dijo El diputado nacional por la provincia de Buenos Aires Fernando Espinoza (FPV-PJ) se refiri\u00f3 al discurso pronunciado por el presidente de la Naci\u00f3n\u2026","rel":"","context":"En \u00abPol\u00edtica\u00bb","block_context":{"text":"Pol\u00edtica","link":"https:\/\/www.24baires.com\/?cat=51"},"img":{"alt_text":"","src":"https:\/\/i0.wp.com\/www.24baires.com\/wp-content\/uploads\/2019\/03\/espinoza.jpg?resize=350%2C200","width":350,"height":200,"srcset":"https:\/\/i0.wp.com\/www.24baires.com\/wp-content\/uploads\/2019\/03\/espinoza.jpg?resize=350%2C200 1x, https:\/\/i0.wp.com\/www.24baires.com\/wp-content\/uploads\/2019\/03\/espinoza.jpg?resize=525%2C300 1.5x"},"classes":[]}],"jetpack_sharing_enabled":true,"jetpack_likes_enabled":true,"_links":{"self":[{"href":"https:\/\/www.24baires.com\/index.php?rest_route=\/wp\/v2\/posts\/41358","targetHints":{"allow":["GET"]}}],"collection":[{"href":"https:\/\/www.24baires.com\/index.php?rest_route=\/wp\/v2\/posts"}],"about":[{"href":"https:\/\/www.24baires.com\/index.php?rest_route=\/wp\/v2\/types\/post"}],"author":[{"embeddable":true,"href":"https:\/\/www.24baires.com\/index.php?rest_route=\/wp\/v2\/users\/11"}],"replies":[{"embeddable":true,"href":"https:\/\/www.24baires.com\/index.php?rest_route=%2Fwp%2Fv2%2Fcomments&post=41358"}],"version-history":[{"count":3,"href":"https:\/\/www.24baires.com\/index.php?rest_route=\/wp\/v2\/posts\/41358\/revisions"}],"predecessor-version":[{"id":41364,"href":"https:\/\/www.24baires.com\/index.php?rest_route=\/wp\/v2\/posts\/41358\/revisions\/41364"}],"wp:attachment":[{"href":"https:\/\/www.24baires.com\/index.php?rest_route=%2Fwp%2Fv2%2Fmedia&parent=41358"}],"wp:term":[{"taxonomy":"category","embeddable":true,"href":"https:\/\/www.24baires.com\/index.php?rest_route=%2Fwp%2Fv2%2Fcategories&post=41358"},{"taxonomy":"post_tag","embeddable":true,"href":"https:\/\/www.24baires.com\/index.php?rest_route=%2Fwp%2Fv2%2Ftags&post=41358"}],"curies":[{"name":"wp","href":"https:\/\/api.w.org\/{rel}","templated":true}]}}