{"id":4133,"date":"2012-11-02T10:40:04","date_gmt":"2012-11-02T13:40:04","guid":{"rendered":"http:\/\/www.24baires.com\/?p=4133"},"modified":"2012-11-02T10:40:04","modified_gmt":"2012-11-02T13:40:04","slug":"alumnos-de-escuelas-tecnicas-son-evaluados-en-olavarria","status":"publish","type":"post","link":"https:\/\/www.24baires.com\/?p=4133","title":{"rendered":"Alumnos de escuelas t\u00e9cnicas son evaluados en Olavarr\u00eda"},"content":{"rendered":"<p>Se trata de la Evaluaci\u00f3n Anual por Capacidades Profesionales llevada a cabo por la Direcci\u00f3n de Educaci\u00f3n T\u00e9cnica de la Provincia. Participan unos 70 estudiantes de Olavarr\u00eda de Azul y Bol\u00edvar. El encuentro tiene lugar en el SUM de a Escuela T\u00e9cnica N\u00b0 1 \u201cDr. R. Favaloro\u201d, de Olavarr\u00eda.<!--more--><br \/>\nEstudiantes de Escuelas T\u00e9cnicas de Olavarr\u00eda, Azul y Bol\u00edvar participan este viernes de la Evaluaci\u00f3n Anual por Capacidades Profesionales llevada a cabo por la Direcci\u00f3n de Educaci\u00f3n T\u00e9cnica de la Provincia de Buenos Aires.<\/p>\n<p>El encuentro tiene lugar en el SUM de la Escuela T\u00e9cnica N\u00b0 1 \u201cDr. R. Favaloro\u201d, desde las 09:00.<\/p>\n<p>La propuesta est\u00e1 orientada a identificar y medir los conocimientos, habilidades y destrezas de los alumnos del \u00faltimo a\u00f1o de las escuelas t\u00e9cnicas bonaerenses.<\/p>\n<p>Alrededor de 70 alumnos son evaluados. Los j\u00f3venes representan a la Escuela T\u00e9cnica N\u00b01 y Escuela T\u00e9cnica N\u00b0 2 de Azul, Escuela \u00eda.T\u00e9cnica N\u00b0 1 de Bol\u00edvar y las escuelas T\u00e9cnicas N\u00b0 1 y N\u00b0 2 de Olavarr\u00eda.<\/p>\n","protected":false},"excerpt":{"rendered":"<p>Se trata de la Evaluaci\u00f3n Anual por Capacidades Profesionales llevada a cabo por la Direcci\u00f3n de Educaci\u00f3n T\u00e9cnica de la Provincia. Participan unos 70 estudiantes de Olavarr\u00eda de Azul y Bol\u00edvar. El encuentro tiene lugar en el SUM de a Escuela T\u00e9cnica N\u00b0 1 \u201cDr. R. Favaloro\u201d, de Olavarr\u00eda.<\/p>\n","protected":false},"author":4,"featured_media":0,"comment_status":"open","ping_status":"open","sticky":false,"template":"","format":"standard","meta":{"_jetpack_newsletter_access":"","_jetpack_dont_email_post_to_subs":false,"_jetpack_newsletter_tier_id":0,"_jetpack_memberships_contains_paywalled_content":false,"_jetpack_memberships_contains_paid_content":false,"footnotes":""},"categories":[38],"tags":[],"class_list":["post-4133","post","type-post","status-publish","format-standard","hentry","category-locales"],"jetpack_featured_media_url":"","jetpack_shortlink":"https:\/\/wp.me\/p2JWE0-14F","jetpack-related-posts":[{"id":44873,"url":"https:\/\/www.24baires.com\/?p=44873","url_meta":{"origin":4133,"position":0},"title":"Dar\u00e1n charlas de seguridad vial para m\u00e1s de 1500 alumnos de Olavarr\u00eda","author":"AF","date":"28\/04\/2014","format":false,"excerpt":"Este martes y mi\u00e9rcoles en la Escuela de Educaci\u00f3n T\u00e9cnica N\u00b0 2 y en la Escuela de Educaci\u00f3n Media N\u00b0 10, charlas sobre Concientizaci\u00f3n y Prevenci\u00f3n en Seguridad Vial, a cargo de Sergio Levin de la ONG \"Conduciendo a Conciencia\". Las charlas, que se llevaran a cabo este martes y\u2026","rel":"","context":"En \u00abLocales\u00bb","block_context":{"text":"Locales","link":"https:\/\/www.24baires.com\/?cat=38"},"img":{"alt_text":"sergio levin","src":"https:\/\/i0.wp.com\/www.24baires.com\/wp-content\/uploads\/2014\/04\/sergio-levin.jpg?resize=350%2C200","width":350,"height":200,"srcset":"https:\/\/i0.wp.com\/www.24baires.com\/wp-content\/uploads\/2014\/04\/sergio-levin.jpg?resize=350%2C200 1x, https:\/\/i0.wp.com\/www.24baires.com\/wp-content\/uploads\/2014\/04\/sergio-levin.jpg?resize=525%2C300 1.5x"},"classes":[]},{"id":48197,"url":"https:\/\/www.24baires.com\/?p=48197","url_meta":{"origin":4133,"position":1},"title":"Alumnos de escuela t\u00e9cnica har\u00e1n mantenimiento de la calefacci\u00f3n de otras escuelas","author":"GB","date":"17\/06\/2014","format":false,"excerpt":"Alumnos de 3\u00ba a\u00f1o de la Escuela de Ense\u00f1anza T\u00e9cnica N\u00ba 1 de la ciudad de Trenque Lauquen, en el partido hom\u00f3nimo, se ocupar\u00e1n del mantenimiento de la calefacci\u00f3n en las escuelas de la zona, a trav\u00e9s de un convenio firmado entre la instituci\u00f3n y el Consejo Escolar, se inform\u00f3\u2026","rel":"","context":"En \u00abLocales\u00bb","block_context":{"text":"Locales","link":"https:\/\/www.24baires.com\/?cat=38"},"img":{"alt_text":"","src":"","width":0,"height":0},"classes":[]},{"id":119838,"url":"https:\/\/www.24baires.com\/?p=119838","url_meta":{"origin":4133,"position":2},"title":"\u00abNunca m\u00e1s puede morirse un Favaloro porque el Estado lo abandon\u00f3\u00bb","author":"AF","date":"27\/02\/2023","format":false,"excerpt":"El Presidente destac\u00f3 que la Argentina \u201chizo mucho a lo largo de los a\u00f1os para que la educaci\u00f3n sea accesible para todos\u201d, durante el acto inaugural de un nuevo establecimiento educativo chaque\u00f1o. Fern\u00e1ndez aconsej\u00f3 a los estudiantes: \u201cTomen la educaci\u00f3n como una inversi\u00f3n de su futuro\u201d. El presidente Alberto Fern\u00e1ndez\u2026","rel":"","context":"En \u00abLocales\u00bb","block_context":{"text":"Locales","link":"https:\/\/www.24baires.com\/?cat=38"},"img":{"alt_text":"","src":"https:\/\/i0.wp.com\/www.24baires.com\/wp-content\/uploads\/2023\/02\/fernandez.jpg?resize=350%2C200","width":350,"height":200,"srcset":"https:\/\/i0.wp.com\/www.24baires.com\/wp-content\/uploads\/2023\/02\/fernandez.jpg?resize=350%2C200 1x, https:\/\/i0.wp.com\/www.24baires.com\/wp-content\/uploads\/2023\/02\/fernandez.jpg?resize=525%2C300 1.5x, https:\/\/i0.wp.com\/www.24baires.com\/wp-content\/uploads\/2023\/02\/fernandez.jpg?resize=700%2C400 2x"},"classes":[]},{"id":67584,"url":"https:\/\/www.24baires.com\/?p=67584","url_meta":{"origin":4133,"position":3},"title":"Sileoni entreg\u00f3 recursos financieros a escuelas de Olavarr\u00eda y Azul","author":"GB","date":"15\/06\/2015","format":false,"excerpt":"El ministro de Educaci\u00f3n de la Naci\u00f3n, Alberto Sileoni, inaugur\u00f3 obras de infraestructura escolar en el municipio bonaerense de Olavarr\u00eda y entreg\u00f3 recursos financieros y pedag\u00f3gicos para establecimientos de esa localidad y de Azul. La actividad comenz\u00f3 en la sociedad de fomento Club Pueblo Nuevo de Olavarr\u00eda, donde Sileoni encabez\u00f3\u2026","rel":"","context":"En \u00abGeneral\u00bb","block_context":{"text":"General","link":"https:\/\/www.24baires.com\/?cat=67"},"img":{"alt_text":"","src":"","width":0,"height":0},"classes":[]},{"id":30261,"url":"https:\/\/www.24baires.com\/?p=30261","url_meta":{"origin":4133,"position":4},"title":"Comienza el Operativo Nacional de Evaluaci\u00f3n de alumnos en escuelas de toda Argentina","author":"AF","date":"16\/08\/2013","format":false,"excerpt":"Durante agosto y noviembre se realizar\u00e1 los ex\u00e1menes que involucran a escuelas primarias y secundarias, p\u00fablicas y privadas de todo el pa\u00eds. M\u00e1s de 600 mil alumnos ser\u00e1n evaluados con el objetivo de mejorar los resultados en los niveles secundarios de este a\u00f1o y a futuro, en 2016. \u201cLa Revoluci\u00f3n\u2026","rel":"","context":"En \u00abSociedad\u00bb","block_context":{"text":"Sociedad","link":"https:\/\/www.24baires.com\/?cat=1"},"img":{"alt_text":"","src":"","width":0,"height":0},"classes":[]},{"id":52484,"url":"https:\/\/www.24baires.com\/?p=52484","url_meta":{"origin":4133,"position":5},"title":"Ya se entregaron 64 mil netbook en La Plata","author":"GB","date":"26\/08\/2014","format":false,"excerpt":"M\u00e1s de 64 mil netbook fueron entregadas a j\u00f3venes estudiantes y docentes de La Plata, en el marco del programa nacional Conectar Igualdad, que a trav\u00e9s de la Administraci\u00f3n Nacional de Seguridad Social (Anses) busca igualar la brecha digital en todo el pa\u00eds. \"Desde el lanzamiento de Conectar Igualdad, en\u2026","rel":"","context":"En \u00abLocales\u00bb","block_context":{"text":"Locales","link":"https:\/\/www.24baires.com\/?cat=38"},"img":{"alt_text":"escuela lp","src":"https:\/\/i0.wp.com\/www.24baires.com\/wp-content\/uploads\/2014\/08\/escuela-lp.jpg?resize=350%2C200","width":350,"height":200,"srcset":"https:\/\/i0.wp.com\/www.24baires.com\/wp-content\/uploads\/2014\/08\/escuela-lp.jpg?resize=350%2C200 1x, https:\/\/i0.wp.com\/www.24baires.com\/wp-content\/uploads\/2014\/08\/escuela-lp.jpg?resize=525%2C300 1.5x"},"classes":[]}],"jetpack_sharing_enabled":true,"jetpack_likes_enabled":true,"_links":{"self":[{"href":"https:\/\/www.24baires.com\/index.php?rest_route=\/wp\/v2\/posts\/4133","targetHints":{"allow":["GET"]}}],"collection":[{"href":"https:\/\/www.24baires.com\/index.php?rest_route=\/wp\/v2\/posts"}],"about":[{"href":"https:\/\/www.24baires.com\/index.php?rest_route=\/wp\/v2\/types\/post"}],"author":[{"embeddable":true,"href":"https:\/\/www.24baires.com\/index.php?rest_route=\/wp\/v2\/users\/4"}],"replies":[{"embeddable":true,"href":"https:\/\/www.24baires.com\/index.php?rest_route=%2Fwp%2Fv2%2Fcomments&post=4133"}],"version-history":[{"count":2,"href":"https:\/\/www.24baires.com\/index.php?rest_route=\/wp\/v2\/posts\/4133\/revisions"}],"predecessor-version":[{"id":4135,"href":"https:\/\/www.24baires.com\/index.php?rest_route=\/wp\/v2\/posts\/4133\/revisions\/4135"}],"wp:attachment":[{"href":"https:\/\/www.24baires.com\/index.php?rest_route=%2Fwp%2Fv2%2Fmedia&parent=4133"}],"wp:term":[{"taxonomy":"category","embeddable":true,"href":"https:\/\/www.24baires.com\/index.php?rest_route=%2Fwp%2Fv2%2Fcategories&post=4133"},{"taxonomy":"post_tag","embeddable":true,"href":"https:\/\/www.24baires.com\/index.php?rest_route=%2Fwp%2Fv2%2Ftags&post=4133"}],"curies":[{"name":"wp","href":"https:\/\/api.w.org\/{rel}","templated":true}]}}