{"id":4130,"date":"2012-11-02T10:29:47","date_gmt":"2012-11-02T13:29:47","guid":{"rendered":"http:\/\/www.24baires.com\/?p=4130"},"modified":"2012-11-02T10:29:47","modified_gmt":"2012-11-02T13:29:47","slug":"hubo-acuerdo-entre-la-provincia-y-la-comision-por-la-memoria-por-el-presupuesto-2013","status":"publish","type":"post","link":"https:\/\/www.24baires.com\/?p=4130","title":{"rendered":"Hubo acuerdo entre la Provincia y la Comisi\u00f3n por la Memoria por el presupuesto 2013"},"content":{"rendered":"<p>El Poder Ejecutivo y el Legislativo aceptaron el reclamo de la Comisi\u00f3n Provincial por la memoria de no recortar el presupuesto de las pol\u00edticas de Derechos Humanos.<!--more--><\/p>\n<p>Se realizaron reuniones con los diputados Juan de Jes\u00fas, Dar\u00edo Golia, Alberto Espa\u00f1a y Fernanda Raverta y el senador Santiago Carreras. El secretario Ejecutivo de la CPM, Alejandro Mosquera, tambi\u00e9n se reuni\u00f3 con el jefe de Gabinete bonaerense, Alberto P\u00e9rez y el secretario de DDHH, Guido Carlotto.<\/p>\n<p>Luego de los encuentros, se logr\u00f3 un acuerdo que permitir\u00e1 desarrollar las acciones que lleva adelante la instituci\u00f3n. El compromiso abarca tanto el presupuesto del presente a\u00f1o, como el proyectado para el 2013 que se vot\u00f3 este jueves en la Legislatura. El Poder Ejecutivo provincial se comprometi\u00f3 a resolver en los pr\u00f3ximos d\u00edas los atrasos del presente a\u00f1o.<\/p>\n<p>Al acuerdo se arrib\u00f3 despu\u00e9s de un importante respaldo que se expres\u00f3 desde un amplio arco pol\u00edtico (FpV, FAP, UCR), universidades, organismos de derechos humanos, personalidades nacionales e internacionales, referentes sociales y culturales que mostraron un consenso com\u00fan en defender entorno a los derechos humanos.<\/p>\n<p>Para la CPM es un paso importante en fortalecer las pol\u00edticas de Derechos Humanos en la provincia de Buenos Aires.<\/p>\n","protected":false},"excerpt":{"rendered":"<p>El Poder Ejecutivo y el Legislativo aceptaron el reclamo de la Comisi\u00f3n Provincial por la memoria de no recortar el presupuesto de las pol\u00edticas de Derechos Humanos.<\/p>\n","protected":false},"author":4,"featured_media":0,"comment_status":"open","ping_status":"open","sticky":false,"template":"","format":"standard","meta":{"_jetpack_newsletter_access":"","_jetpack_dont_email_post_to_subs":false,"_jetpack_newsletter_tier_id":0,"_jetpack_memberships_contains_paywalled_content":false,"_jetpack_memberships_contains_paid_content":false,"footnotes":""},"categories":[50],"tags":[],"class_list":["post-4130","post","type-post","status-publish","format-standard","hentry","category-memoria"],"jetpack_featured_media_url":"","jetpack_shortlink":"https:\/\/wp.me\/p2JWE0-14C","jetpack-related-posts":[{"id":3894,"url":"https:\/\/www.24baires.com\/?p=3894","url_meta":{"origin":4130,"position":0},"title":"La Comisi\u00f3n Provincial por la Memoria insiste en el reclamo por el recorte del 34%","author":"Grupo Sierra","date":"30\/10\/2012","format":false,"excerpt":"El co-presidente de la Comisi\u00f3n Provincial por la Memoria, Hugo Ca\u00f1\u00f3n, habl\u00f3 de cara a una reuni\u00f3n que mantendr\u00e1n ma\u00f1ana con el Ejecutivo. \u201cTodo lo que sea reducci\u00f3n en materia de derechos humanos es un retroceso en la b\u00fasqueda de la verdad, la justicia y la memoria\u201d, precis\u00f3. La decana\u2026","rel":"","context":"En \u00abMemoria\u00bb","block_context":{"text":"Memoria","link":"https:\/\/www.24baires.com\/?cat=50"},"img":{"alt_text":"","src":"https:\/\/i0.wp.com\/www.24baires.com\/wp-content\/uploads\/2012\/10\/comision-provincial-memoria-conf.jpg?resize=350%2C200","width":350,"height":200,"srcset":"https:\/\/i0.wp.com\/www.24baires.com\/wp-content\/uploads\/2012\/10\/comision-provincial-memoria-conf.jpg?resize=350%2C200 1x, https:\/\/i0.wp.com\/www.24baires.com\/wp-content\/uploads\/2012\/10\/comision-provincial-memoria-conf.jpg?resize=525%2C300 1.5x"},"classes":[]},{"id":117841,"url":"https:\/\/www.24baires.com\/?p=117841","url_meta":{"origin":4130,"position":1},"title":"La justicia orden\u00f3 a Provincia vacunar a privados de la libertad","author":"AF","date":"12\/07\/2021","format":false,"excerpt":"La medida cautelar fue presentada por Adolfo P\u00e9rez Esquivel y Roberto Cipriano Garc\u00eda, presidente y secretario de la Comisi\u00f3n Provincial por la Memoria (CPM). La\u00a0justicia\u00a0en lo Contencioso Administrativo de La Plata orden\u00f3 al gobierno provincial que presente un plan de vacunaci\u00f3n contra el coronavirus para las personas privadas de\u00a0libertad\u00a0alojadas en\u2026","rel":"","context":"En \u00abProvincia\u00bb","block_context":{"text":"Provincia","link":"https:\/\/www.24baires.com\/?cat=40"},"img":{"alt_text":"","src":"https:\/\/i0.wp.com\/www.24baires.com\/wp-content\/uploads\/2021\/06\/vacuna-cansino.jpg?resize=350%2C200","width":350,"height":200,"srcset":"https:\/\/i0.wp.com\/www.24baires.com\/wp-content\/uploads\/2021\/06\/vacuna-cansino.jpg?resize=350%2C200 1x, https:\/\/i0.wp.com\/www.24baires.com\/wp-content\/uploads\/2021\/06\/vacuna-cansino.jpg?resize=525%2C300 1.5x"},"classes":[]},{"id":2498,"url":"https:\/\/www.24baires.com\/?p=2498","url_meta":{"origin":4130,"position":2},"title":"La Comisi\u00f3n por la Memoria denuncia al Gobierno bonaerense","author":"AF","date":"18\/10\/2012","format":false,"excerpt":"La Comisi\u00f3n Provincial por la Memoria (CPM) denunci\u00f3 que el Gobierno bonaerense subejecut\u00f3 en un 34% el presupuesto del organismo y reclam\u00f3 por el cumplimiento de las obligaciones pautadas para el ejercicio 2012. Mediante una carta p\u00fablica titulada \"No al ajuste en los derechos humanos de la Provincia\", el organismo\u2026","rel":"","context":"En \u00abMemoria\u00bb","block_context":{"text":"Memoria","link":"https:\/\/www.24baires.com\/?cat=50"},"img":{"alt_text":"","src":"","width":0,"height":0},"classes":[]},{"id":3134,"url":"https:\/\/www.24baires.com\/?p=3134","url_meta":{"origin":4130,"position":3},"title":"La CPM envi\u00f3 una carta abierta al Gobernador para evitar el recorte presupuestario al organismo","author":"AF","date":"24\/10\/2012","format":false,"excerpt":"La Comisi\u00f3n Provincial por la Memoria (CPM) le envi\u00f3 una carta abierta al gobernador Daniel Scioli, a fin de que d\u00e9 marcha atr\u00e1s con el recorte presupuestario al organismo y cumpla con el env\u00edo de las partidas acordadas con el Ministerio de Econom\u00eda para el ejercicio 2012. La CPM denunci\u00f3\u2026","rel":"","context":"En \u00abMemoria\u00bb","block_context":{"text":"Memoria","link":"https:\/\/www.24baires.com\/?cat=50"},"img":{"alt_text":"","src":"","width":0,"height":0},"classes":[]},{"id":105781,"url":"https:\/\/www.24baires.com\/?p=105781","url_meta":{"origin":4130,"position":4},"title":"Mar del Plata: la Tasa de Servicios Urbanos aumentar\u00e1 el a\u00f1o que viene un 49%","author":"GB","date":"06\/12\/2018","format":false,"excerpt":"As\u00ed lo anunci\u00f3 el secretario de Econom\u00eda y Hacienda. El incremento ser\u00e1 del 37% en el primer semestre. Adem\u00e1s cuestion\u00f3 a la provincia y la Naci\u00f3n por el \"recorte de fondos\". Un aumento de la TSU del 37% promedio en el primer semestre que crecer\u00e1 a 49% en el segundo.\u2026","rel":"","context":"En \u00abMunicipios\u00bb","block_context":{"text":"Municipios","link":"https:\/\/www.24baires.com\/?cat=44"},"img":{"alt_text":"","src":"https:\/\/i0.wp.com\/www.24baires.com\/wp-content\/uploads\/2017\/09\/arroyo-300x200.jpg?resize=350%2C200","width":350,"height":200},"classes":[]},{"id":105352,"url":"https:\/\/www.24baires.com\/?p=105352","url_meta":{"origin":4130,"position":5},"title":"Senadores dieron ingreso al Presupuesto provincial","author":"AF","date":"08\/11\/2018","format":false,"excerpt":"El Senado bonaerense inici\u00f3 hoy formalmente el debate por el Presupuesto y la Ley Impositiva 2019, al dar estado parlamentario a los proyectos enviados por el Ejecutivo. En tanto, la c\u00e1mara alta se autoconvoc\u00f3 a sesiones extraordinarias, lo que marca las expectativas del oficialismo de que el debate se va\u2026","rel":"","context":"En \u00abProvincia\u00bb","block_context":{"text":"Provincia","link":"https:\/\/www.24baires.com\/?cat=40"},"img":{"alt_text":"","src":"https:\/\/i0.wp.com\/www.24baires.com\/wp-content\/uploads\/2017\/07\/senado.jpg?resize=350%2C200","width":350,"height":200,"srcset":"https:\/\/i0.wp.com\/www.24baires.com\/wp-content\/uploads\/2017\/07\/senado.jpg?resize=350%2C200 1x, https:\/\/i0.wp.com\/www.24baires.com\/wp-content\/uploads\/2017\/07\/senado.jpg?resize=525%2C300 1.5x"},"classes":[]}],"jetpack_sharing_enabled":true,"jetpack_likes_enabled":true,"_links":{"self":[{"href":"https:\/\/www.24baires.com\/index.php?rest_route=\/wp\/v2\/posts\/4130","targetHints":{"allow":["GET"]}}],"collection":[{"href":"https:\/\/www.24baires.com\/index.php?rest_route=\/wp\/v2\/posts"}],"about":[{"href":"https:\/\/www.24baires.com\/index.php?rest_route=\/wp\/v2\/types\/post"}],"author":[{"embeddable":true,"href":"https:\/\/www.24baires.com\/index.php?rest_route=\/wp\/v2\/users\/4"}],"replies":[{"embeddable":true,"href":"https:\/\/www.24baires.com\/index.php?rest_route=%2Fwp%2Fv2%2Fcomments&post=4130"}],"version-history":[{"count":2,"href":"https:\/\/www.24baires.com\/index.php?rest_route=\/wp\/v2\/posts\/4130\/revisions"}],"predecessor-version":[{"id":4132,"href":"https:\/\/www.24baires.com\/index.php?rest_route=\/wp\/v2\/posts\/4130\/revisions\/4132"}],"wp:attachment":[{"href":"https:\/\/www.24baires.com\/index.php?rest_route=%2Fwp%2Fv2%2Fmedia&parent=4130"}],"wp:term":[{"taxonomy":"category","embeddable":true,"href":"https:\/\/www.24baires.com\/index.php?rest_route=%2Fwp%2Fv2%2Fcategories&post=4130"},{"taxonomy":"post_tag","embeddable":true,"href":"https:\/\/www.24baires.com\/index.php?rest_route=%2Fwp%2Fv2%2Ftags&post=4130"}],"curies":[{"name":"wp","href":"https:\/\/api.w.org\/{rel}","templated":true}]}}