{"id":4126,"date":"2012-11-02T10:26:56","date_gmt":"2012-11-02T13:26:56","guid":{"rendered":"http:\/\/www.24baires.com\/?p=4126"},"modified":"2012-11-02T10:26:56","modified_gmt":"2012-11-02T13:26:56","slug":"la-matanza-clases-de-seguridad-vial-para-los-mas-pequenos","status":"publish","type":"post","link":"https:\/\/www.24baires.com\/?p=4126","title":{"rendered":"La Matanza: clases de seguridad vial para los m\u00e1s peque\u00f1os"},"content":{"rendered":"<p><img data-recalc-dims=\"1\" loading=\"lazy\" decoding=\"async\" class=\"alignleft size-medium wp-image-4127\" title=\"ed vial la matanza\" src=\"https:\/\/i0.wp.com\/www.24baires.com\/wp-content\/uploads\/2012\/11\/ed-vial-la-matanza.jpg?resize=300%2C225\" alt=\"\" width=\"300\" height=\"225\" srcset=\"https:\/\/i0.wp.com\/www.24baires.com\/wp-content\/uploads\/2012\/11\/ed-vial-la-matanza.jpg?resize=300%2C225&amp;ssl=1 300w, https:\/\/i0.wp.com\/www.24baires.com\/wp-content\/uploads\/2012\/11\/ed-vial-la-matanza.jpg?w=560&amp;ssl=1 560w\" sizes=\"auto, (max-width: 300px) 100vw, 300px\" \/>La Subsecretar\u00eda de Tr\u00e1nsito y Transporte de La Matanza llev\u00f3 a cabo clases pr\u00e1cticas de Educaci\u00f3n Vial para m\u00e1s de 500 chicos de 4 a 8 a\u00f1os en las instalaciones de la Escuela de Ense\u00f1anza Media N\u00b0 49, de San Justo. Se entreg\u00f3 material de lectura y juegos did\u00e1ctico a los ni\u00f1os.<!--more--><\/p>\n<p>Las clases, que se realizaron por tercer a\u00f1o consecutivo en el Distrito con el apoyo del Autom\u00f3vil Club Argentino (ACA), contaron con charlas sobre las se\u00f1ales de tr\u00e1nsito y reglas de manejos. Luego los mismos pudieron disfrutar de una pista de kartings donde pudieron circular por el circuito y conocer las se\u00f1ales de tr\u00e1nsito e interactuar con situaci\u00f3n con las que se encuentran sus padres diariamente en la v\u00eda p\u00fablica.<\/p>\n<p>De las jornadas participaron alumnos de salas de 3 y 4 a\u00f1os de jardines de infantes y de 1er, 2do y 3er grado de escuelas primarias locales, quienes al retirarse de las instalaciones lo hac\u00edan con juegos y material did\u00e1ctico sobre educaci\u00f3n vial y material para sus padres con el objetivo de concientizar sobre este tema.<\/p>\n","protected":false},"excerpt":{"rendered":"<p>La Subsecretar\u00eda de Tr\u00e1nsito y Transporte de La Matanza llev\u00f3 a cabo clases pr\u00e1cticas de Educaci\u00f3n Vial para m\u00e1s de 500 chicos de 4 a 8 a\u00f1os en las instalaciones de la Escuela de Ense\u00f1anza Media N\u00b0 49, de San Justo. Se entreg\u00f3 material de lectura y juegos did\u00e1ctico a los ni\u00f1os.<\/p>\n","protected":false},"author":4,"featured_media":0,"comment_status":"open","ping_status":"open","sticky":false,"template":"","format":"standard","meta":{"_jetpack_newsletter_access":"","_jetpack_dont_email_post_to_subs":false,"_jetpack_newsletter_tier_id":0,"_jetpack_memberships_contains_paywalled_content":false,"_jetpack_memberships_contains_paid_content":false,"footnotes":""},"categories":[38],"tags":[],"class_list":["post-4126","post","type-post","status-publish","format-standard","hentry","category-locales"],"jetpack_featured_media_url":"","jetpack_shortlink":"https:\/\/wp.me\/p2JWE0-14y","jetpack-related-posts":[{"id":34523,"url":"https:\/\/www.24baires.com\/?p=34523","url_meta":{"origin":4126,"position":0},"title":"Buscan a una nena de 12 a\u00f1os desaparecida el mi\u00e9rcoles en Isidro Casanova","author":"AF","date":"02\/11\/2013","format":false,"excerpt":"Familiares, amigos y polic\u00edas bonaerenses buscaban hoy a una ni\u00f1a de 12 a\u00f1os que est\u00e1 desaparecida desde el mi\u00e9rcoles pasado, cuando sali\u00f3 de su casa hacia una clase de gimnasia en Isidro Casanova, partido de La Matanza. Antonella Enr\u00edquez, \"vest\u00eda una calza negra y una campera\". Familiares, amigos y polic\u00edas\u2026","rel":"","context":"En \u00abSociedad\u00bb","block_context":{"text":"Sociedad","link":"https:\/\/www.24baires.com\/?cat=1"},"img":{"alt_text":"antonella enr\u00edquez","src":"https:\/\/i0.wp.com\/www.24baires.com\/wp-content\/uploads\/2013\/11\/antonella-enr%C3%ADquez-300x187.jpg?resize=350%2C200","width":350,"height":200},"classes":[]},{"id":54384,"url":"https:\/\/www.24baires.com\/?p=54384","url_meta":{"origin":4126,"position":1},"title":"Entregan cascos y capacitan en Seguridad Vial en La Plata","author":"AF","date":"27\/09\/2014","format":false,"excerpt":"La Municipalidad de La Plata y la Agencia Nacional de Seguridad Vial llevaron a cabo esta ma\u00f1ana una capacitaci\u00f3n en seguridad vial en el Espacio Cultural Tita Merello, de 118 entre diagonal 80 y 39. La misma estuvo destinada a vecinos del barrio e incluy\u00f3 la entrega de cascos. La\u2026","rel":"","context":"En \u00abLocales\u00bb","block_context":{"text":"Locales","link":"https:\/\/www.24baires.com\/?cat=38"},"img":{"alt_text":"","src":"","width":0,"height":0},"classes":[]},{"id":26201,"url":"https:\/\/www.24baires.com\/?p=26201","url_meta":{"origin":4126,"position":2},"title":"Solicitan la eliminaci\u00f3n de los peajes sobre rutas concesionadas por la Provincia","author":"AF","date":"17\/06\/2013","format":false,"excerpt":"Al efecto, el diputado de la CC-ARI, Oscar Negrelli, present\u00f3 un proyecto de ley en la Legislatura bonaerense. Lo hizo en forma conjunta con el Comit\u00e9 Nacional de Defensa del Usuario Vial. Aseveran que es para \"garantizar el ejercicio constitucional de libre tr\u00e1nsito\". El diputado provincial de la Coalici\u00f3n C\u00edvica-ARI,\u2026","rel":"","context":"En \u00abProvincia\u00bb","block_context":{"text":"Provincia","link":"https:\/\/www.24baires.com\/?cat=40"},"img":{"alt_text":"","src":"","width":0,"height":0},"classes":[]},{"id":36715,"url":"https:\/\/www.24baires.com\/?p=36715","url_meta":{"origin":4126,"position":3},"title":"Randazzo anunci\u00f3 la creaci\u00f3n del Metrobus \u00abm\u00e1s grande del pa\u00eds\u00bb en La Matanza","author":"GB","date":"12\/12\/2013","format":false,"excerpt":"El ministro del Interior y Transporte, Florencio Randazzo, anunci\u00f3 en Washington que se construir\u00e1n 26 kil\u00f3metros de Metrobus en La Matanza, provincia de Buenos Aires, con un cr\u00e9dito con el Banco Mundial. Al reunirse con autoridades de ese organismo, acompa\u00f1ado por la embajadora en EEUU, Cecilia Nah\u00f3n, Randazzo destac\u00f3 que\u2026","rel":"","context":"En \u00abPol\u00edtica\u00bb","block_context":{"text":"Pol\u00edtica","link":"https:\/\/www.24baires.com\/?cat=51"},"img":{"alt_text":"randazzo","src":"https:\/\/i0.wp.com\/www.24baires.com\/wp-content\/uploads\/2013\/12\/randazzo.jpg?resize=350%2C200","width":350,"height":200,"srcset":"https:\/\/i0.wp.com\/www.24baires.com\/wp-content\/uploads\/2013\/12\/randazzo.jpg?resize=350%2C200 1x, https:\/\/i0.wp.com\/www.24baires.com\/wp-content\/uploads\/2013\/12\/randazzo.jpg?resize=525%2C300 1.5x"},"classes":[]},{"id":95836,"url":"https:\/\/www.24baires.com\/?p=95836","url_meta":{"origin":4126,"position":4},"title":"Buscan inhabilitar a procesados por muertes y lesiones en siniestros viales","author":"AF","date":"12\/07\/2017","format":false,"excerpt":"La diputada Provincial Laura Ricchini (Cambiemos), present\u00f3 este martes un proyecto para incorpora un art\u00edculo al C\u00f3digo Procesal Penal de la Provincia, mediante el cual se faculta a los jueces a inhabilitar en forma preventiva y provisoria a conductores imputados por causar muertes o lesiones en siniestros viales. En ese\u2026","rel":"","context":"En \u00abSociedad\u00bb","block_context":{"text":"Sociedad","link":"https:\/\/www.24baires.com\/?cat=1"},"img":{"alt_text":"","src":"https:\/\/i0.wp.com\/www.24baires.com\/wp-content\/uploads\/2014\/09\/accidente-gerli.jpg?resize=350%2C200","width":350,"height":200},"classes":[]},{"id":121773,"url":"https:\/\/www.24baires.com\/?p=121773","url_meta":{"origin":4126,"position":5},"title":"El PRO busca eliminar la obligatoriedad de la VTV en la provincia","author":"GB","date":"25\/10\/2024","format":false,"excerpt":"El bloque de senadores bonaerenses present\u00f3 un proyecto para derogar la Verificaci\u00f3n T\u00e9cnica Vehicular por considerarla inefectiva para garantizar la seguridad vial. Legisladores del PRO presentaron en la C\u00e1mara de Senadores bonaerense un proyecto para derogar la Verificaci\u00f3n T\u00e9cnica Vehicular (VTV) obligatoria en la provincia. Seg\u00fan los autores de la\u2026","rel":"","context":"En \u00abPol\u00edtica\u00bb","block_context":{"text":"Pol\u00edtica","link":"https:\/\/www.24baires.com\/?cat=51"},"img":{"alt_text":"","src":"https:\/\/i0.wp.com\/www.24baires.com\/wp-content\/uploads\/2024\/10\/vtv.webp?resize=350%2C200","width":350,"height":200,"srcset":"https:\/\/i0.wp.com\/www.24baires.com\/wp-content\/uploads\/2024\/10\/vtv.webp?resize=350%2C200 1x, https:\/\/i0.wp.com\/www.24baires.com\/wp-content\/uploads\/2024\/10\/vtv.webp?resize=525%2C300 1.5x, https:\/\/i0.wp.com\/www.24baires.com\/wp-content\/uploads\/2024\/10\/vtv.webp?resize=700%2C400 2x"},"classes":[]}],"jetpack_sharing_enabled":true,"jetpack_likes_enabled":true,"_links":{"self":[{"href":"https:\/\/www.24baires.com\/index.php?rest_route=\/wp\/v2\/posts\/4126","targetHints":{"allow":["GET"]}}],"collection":[{"href":"https:\/\/www.24baires.com\/index.php?rest_route=\/wp\/v2\/posts"}],"about":[{"href":"https:\/\/www.24baires.com\/index.php?rest_route=\/wp\/v2\/types\/post"}],"author":[{"embeddable":true,"href":"https:\/\/www.24baires.com\/index.php?rest_route=\/wp\/v2\/users\/4"}],"replies":[{"embeddable":true,"href":"https:\/\/www.24baires.com\/index.php?rest_route=%2Fwp%2Fv2%2Fcomments&post=4126"}],"version-history":[{"count":2,"href":"https:\/\/www.24baires.com\/index.php?rest_route=\/wp\/v2\/posts\/4126\/revisions"}],"predecessor-version":[{"id":4129,"href":"https:\/\/www.24baires.com\/index.php?rest_route=\/wp\/v2\/posts\/4126\/revisions\/4129"}],"wp:attachment":[{"href":"https:\/\/www.24baires.com\/index.php?rest_route=%2Fwp%2Fv2%2Fmedia&parent=4126"}],"wp:term":[{"taxonomy":"category","embeddable":true,"href":"https:\/\/www.24baires.com\/index.php?rest_route=%2Fwp%2Fv2%2Fcategories&post=4126"},{"taxonomy":"post_tag","embeddable":true,"href":"https:\/\/www.24baires.com\/index.php?rest_route=%2Fwp%2Fv2%2Ftags&post=4126"}],"curies":[{"name":"wp","href":"https:\/\/api.w.org\/{rel}","templated":true}]}}